{"id":954,"date":"2013-08-06T10:54:14","date_gmt":"2013-08-06T10:54:14","guid":{"rendered":"http:\/\/proandpro.se\/?p=954"},"modified":"2013-11-09T20:26:57","modified_gmt":"2013-11-09T20:26:57","slug":"vi-flyttar-in-pa-storgatan-29","status":"publish","type":"post","link":"https:\/\/proandpro.se\/en\/2013\/08\/06\/vi-flyttar-in-pa-storgatan-29\/","title":{"rendered":"Vi flyttar in p\u00e5 Storgatan 29"},"content":{"rendered":"<p>Fr\u00e5n och med\u00a01 september 2013 \u00a0finns vi p\u00e5 Storgatan 29 i Sundsvall. Hj\u00e4rtligt v\u00e4lkomna att bes\u00f6ka oss f\u00f6r en fika och samtal om reflektioner och tankar, utmaningar, framtid och\u00a0dr\u00f6mmar som du vill ta\u00a0tag i och f\u00f6rverkliga f\u00f6r ditt f\u00f6retag\u00a0, din organisation eller dig sj\u00e4lv.<\/p>","protected":false},"excerpt":{"rendered":"<p>Fr\u00e5n och med\u00a01 september 2013 \u00a0finns vi p\u00e5 Storgatan 29 i Sundsvall. Hj\u00e4rtligt v\u00e4lkomna att bes\u00f6ka oss f\u00f6r en fika och samtal om reflektioner och tankar, utmaningar, framtid och\u00a0dr\u00f6mmar som du vill ta\u00a0tag i och f\u00f6rverkliga f\u00f6r ditt f\u00f6retag\u00a0, din organisation eller dig sj\u00e4lv.<\/p>","protected":false},"author":1,"featured_media":0,"comment_status":"closed","ping_status":"closed","sticky":false,"template":"","format":"standard","meta":{"_et_pb_use_builder":"","_et_pb_old_content":"","_et_gb_content_width":"","footnotes":""},"categories":[11],"tags":[],"class_list":["post-954","post","type-post","status-publish","format-standard","hentry","category-nyheter"],"_links":{"self":[{"href":"https:\/\/proandpro.se\/en\/wp-json\/wp\/v2\/posts\/954","targetHints":{"allow":["GET"]}}],"collection":[{"href":"https:\/\/proandpro.se\/en\/wp-json\/wp\/v2\/posts"}],"about":[{"href":"https:\/\/proandpro.se\/en\/wp-json\/wp\/v2\/types\/post"}],"author":[{"embeddable":true,"href":"https:\/\/proandpro.se\/en\/wp-json\/wp\/v2\/users\/1"}],"replies":[{"embeddable":true,"href":"https:\/\/proandpro.se\/en\/wp-json\/wp\/v2\/comments?post=954"}],"version-history":[{"count":5,"href":"https:\/\/proandpro.se\/en\/wp-json\/wp\/v2\/posts\/954\/revisions"}],"predecessor-version":[{"id":959,"href":"https:\/\/proandpro.se\/en\/wp-json\/wp\/v2\/posts\/954\/revisions\/959"}],"wp:attachment":[{"href":"https:\/\/proandpro.se\/en\/wp-json\/wp\/v2\/media?parent=954"}],"wp:term":[{"taxonomy":"category","embeddable":true,"href":"https:\/\/proandpro.se\/en\/wp-json\/wp\/v2\/categories?post=954"},{"taxonomy":"post_tag","embeddable":true,"href":"https:\/\/proandpro.se\/en\/wp-json\/wp\/v2\/tags?post=954"}],"curies":[{"name":"wp","href":"https:\/\/api.w.org\/{rel}","templated":true}]}}