{"id":8960,"date":"2022-07-13T22:27:30","date_gmt":"2022-07-13T22:27:30","guid":{"rendered":"https:\/\/proandpro.se\/?p=8960"},"modified":"2022-07-15T08:46:03","modified_gmt":"2022-07-15T08:46:03","slug":"dataanalys-erbjudandeutveckling-och-livet-i-sundsvall","status":"publish","type":"post","link":"https:\/\/proandpro.se\/en\/2022\/07\/13\/dataanalys-erbjudandeutveckling-och-livet-i-sundsvall\/","title":{"rendered":"Dataanalys, erbjudandeutveckling och livet i Sundsvall"},"content":{"rendered":"<p>[et_pb_section fb_built=&#8221;1&#8243; admin_label=&#8221;section&#8221; _builder_version=&#8221;4.16&#8243; custom_padding=&#8221;18px|||||&#8221; global_colors_info=&#8221;{}&#8221;][et_pb_row admin_label=&#8221;row&#8221; _builder_version=&#8221;4.16&#8243; background_size=&#8221;initial&#8221; background_position=&#8221;top_left&#8221; background_repeat=&#8221;repeat&#8221; global_colors_info=&#8221;{}&#8221;][et_pb_column type=&#8221;4_4&#8243; _builder_version=&#8221;4.16&#8243; custom_padding=&#8221;|||&#8221; global_colors_info=&#8221;{}&#8221; custom_padding__hover=&#8221;|||&#8221;][et_pb_text admin_label=&#8221;Text&#8221; _builder_version=&#8221;4.17.1&#8243; background_size=&#8221;initial&#8221; background_position=&#8221;top_left&#8221; background_repeat=&#8221;repeat&#8221; custom_padding=&#8221;0px|||||&#8221; hover_enabled=&#8221;0&#8243; global_colors_info=&#8221;{}&#8221; sticky_enabled=&#8221;0&#8243;]Nu \u00e4r f\u00f6rsta perioden avklarad! Sedan ni sist h\u00f6rde av oss f\u00f6r tv\u00e5 veckor sedan har mycket nytt h\u00e4nt och mycket arbete utf\u00f6rts. P\u00e5 det f\u00f6rsta delprojektet har vi nu tagit fram ett f\u00f6rsta utkast p\u00e5 analysprogrammet. Det mest utmanande har varit det ost\u00e4dade datat och att hitta p\u00e5litliga s\u00e4tt att identifiera exempelvis en returtransport eller approximera koldioxidutsl\u00e4ppen f\u00f6r transporter till en viss industri.<br \/>\nF\u00f6r att l\u00f6sa detta har vi f\u00f6rst hittat villkor f\u00f6r att identifiera sv\u00e5rfunna fall i datasetet, och d\u00e4refter anv\u00e4nder programmet modeller vi skapat med hj\u00e4lp av data fr\u00e5n tidigare unders\u00f6kningar f\u00f6r att approximera utsl\u00e4pp. Med egna unders\u00f6kningar och via dialog med Biometria har vi kommit fram till att v\u00e5rt program levererar p\u00e5litliga analyser, men det finns delar att vidareutveckla.<\/p>\n<p>I delprojekt tv\u00e5 har vi med kundbehovsanalyser och trendspaningar som grund formulerat ett antal erbjudanden som vi tror Biometria och deras medlemmar kommer gilla. Det st\u00f6rsta fokuset ligger s\u00e5klart p\u00e5 klimatavtryck och hur medlemmarnas behov samt omv\u00e4rldsfaktorer ser ut kring h\u00e5llbarhetsfr\u00e5gor. Detta delprojekt \u00e4r kanske det sv\u00e5raste, eftersom det \u00e4r en v\u00e4ldigt \u00f6ppen uppgift som inte bara har ett r\u00e4tt, n\u00e5got som vi som ingenj\u00f6rsstudenter kanske inte \u00e4r s\u00e5 vana vid. Som tur \u00e4r har vi mycket v\u00e4rdefull kompetens omkring oss, b\u00e5de p\u00e5 Biometria och internt p\u00e5 Pro&amp;Pro, och genom m\u00f6ten och diskussioner med kollegor f\u00e5r vi ta del av deras erfarenheter av liknande uppdrag och deras tankar kring v\u00e5rt projekt och arbetss\u00e4tt.<\/p>\n<p><img loading=\"lazy\" decoding=\"async\" class=\"wp-image-8967 alignright size-medium\" src=\"https:\/\/media.proandpro.se\/2022\/07\/donut-282x300.png\" alt=\"\" width=\"282\" height=\"300\" srcset=\"https:\/\/media.proandpro.se\/2022\/07\/donut-282x300.png 282w, https:\/\/media.proandpro.se\/2022\/07\/donut.png 412w\" sizes=\"(max-width: 282px) 100vw, 282px\" \/>Sj\u00e4lvklart har vi tagit oss tid att uppleva det Sundsvall har att erbjuda ocks\u00e5, med allt fr\u00e5n Sundsvalls Thaifestival till det lokala utelivet och de vackra vyerna p\u00e5 Aln\u00f6ns naturreservat. Vi rekommenderar varmt donutvagnen p\u00e5 torget.<\/p>\n<p>Nu \u00e4r som sagt den f\u00f6rsta jobbperioden avklarad, men det \u00e5terst\u00e5r tre veckor i augusti som kommer inneh\u00e5lla intervjuer med Biometrias medlemmar f\u00f6r att f\u00e5 viktiga insikter samt den ekonomiska delen av erbjudandena. Vi kommer h\u00e5lla er uppdaterade, men nu tar vi semester. Trevlig sommar!<\/p>\n<p>Sandra Hammarsten &amp; Ludvig \u00c5str\u00f6m<\/p>\n<p>Junior Managementkonsulter, Pro&amp;Pro AB[\/et_pb_text][\/et_pb_column][\/et_pb_row][\/et_pb_section]<\/p>\n","protected":false},"excerpt":{"rendered":"<p>Nu \u00e4r f\u00f6rsta perioden avklarad! Sedan ni sist h\u00f6rde av oss f\u00f6r tv\u00e5 veckor sedan har mycket nytt h\u00e4nt och mycket arbete utf\u00f6rts. P\u00e5 det f\u00f6rsta delprojektet har vi nu tagit fram ett f\u00f6rsta utkast p\u00e5 analysprogrammet.<\/p>","protected":false},"author":1,"featured_media":8965,"comment_status":"closed","ping_status":"closed","sticky":false,"template":"","format":"standard","meta":{"_et_pb_use_builder":"on","_et_pb_old_content":"Utmaningar och framsteg, f\u00f6rsta utkast och livet i Sundsvall\r\n\r\nNu \u00e4r f\u00f6rsta perioden avklarad! Sedan ni sist h\u00f6rde av oss f\u00f6r tv\u00e5 veckor sedan har mycket nytt h\u00e4nt och mycket arbete utf\u00f6rts. P\u00e5 det f\u00f6rsta delprojektet har vi nu tagit fram ett f\u00f6rsta utkast p\u00e5 analysprogrammet. Det mest utmanande har varit det ost\u00e4dade datat och att hitta p\u00e5litliga s\u00e4tt att identifiera exempelvis en returtransport eller approximera koldioxidutsl\u00e4ppen f\u00f6r transporter till en viss industri. \r\nF\u00f6r att l\u00f6sa detta har vi f\u00f6rst hittat villkor f\u00f6r att identifiera sv\u00e5rfunna fall i datasetet, och d\u00e4refter anv\u00e4nder programmet modeller vi skapat med hj\u00e4lp av data fr\u00e5n tidigare unders\u00f6kningar f\u00f6r att approximera utsl\u00e4pp. Med egna unders\u00f6kningar och via dialog med Biometria har vi kommit fram till att v\u00e5rt program levererar p\u00e5litliga analyser, men det finns delar att vidareutveckla. \r\n\r\nI delprojekt tv\u00e5 har vi med kundbehovsanalyser och trendspaningar som grund formulerat ett antal erbjudanden som vi tror Biometria och deras medlemmar kommer gilla. Det st\u00f6rsta fokuset ligger s\u00e5klart p\u00e5 klimatavtryck och hur medlemmarnas behov samt omv\u00e4rldsfaktorer ser ut kring h\u00e5llbarhetsfr\u00e5gor. Detta delprojekt \u00e4r kanske det sv\u00e5raste, eftersom det \u00e4r en v\u00e4ldigt \u00f6ppen uppgift som inte bara har ett r\u00e4tt, n\u00e5got som vi som ingenj\u00f6rsstudenter kanske inte \u00e4r s\u00e5 vana vid. Som tur \u00e4r har vi mycket v\u00e4rdefull kompetens omkring oss, b\u00e5de p\u00e5 Biometria och internt p\u00e5 Pro&Pro, och genom m\u00f6ten och diskussioner med kollegor f\u00e5r vi ta del av deras erfarenheter av liknande uppdrag och deras tankar kring v\u00e5rt projekt och arbetss\u00e4tt.\r\n\r\nSj\u00e4lvklart har vi tagit oss tid att uppleva det Sundsvall har att erbjuda ocks\u00e5, med allt fr\u00e5n Sundsvalls Thaifestival till det lokala utelivet och de vackra vyerna p\u00e5 Aln\u00f6ns naturreservat. Vi rekommenderar varmt donutvagnen p\u00e5 torget. \r\n\r\n---DONUTBILD---\r\n\r\nNu \u00e4r som sagt den f\u00f6rsta jobbperioden avklarad, men det \u00e5terst\u00e5r tre veckor i augusti som kommer inneh\u00e5lla intervjuer med Biometrias medlemmar f\u00f6r att f\u00e5 viktiga insikter samt den ekonomiska delen av erbjudandena. Vi kommer h\u00e5lla er uppdaterade, men nu tar vi semester. Trevlig sommar!\r\n\r\nSandra Hammarsten & Ludvig \u00c5str\u00f6m\r\n\r\nJunior Managementkonsulter, Pro&Pro AB\r\n","_et_gb_content_width":"","footnotes":""},"categories":[33],"tags":[],"class_list":["post-8960","post","type-post","status-publish","format-standard","has-post-thumbnail","hentry","category-www-proandpro-seprobloggen"],"_links":{"self":[{"href":"https:\/\/proandpro.se\/en\/wp-json\/wp\/v2\/posts\/8960","targetHints":{"allow":["GET"]}}],"collection":[{"href":"https:\/\/proandpro.se\/en\/wp-json\/wp\/v2\/posts"}],"about":[{"href":"https:\/\/proandpro.se\/en\/wp-json\/wp\/v2\/types\/post"}],"author":[{"embeddable":true,"href":"https:\/\/proandpro.se\/en\/wp-json\/wp\/v2\/users\/1"}],"replies":[{"embeddable":true,"href":"https:\/\/proandpro.se\/en\/wp-json\/wp\/v2\/comments?post=8960"}],"version-history":[{"count":7,"href":"https:\/\/proandpro.se\/en\/wp-json\/wp\/v2\/posts\/8960\/revisions"}],"predecessor-version":[{"id":8972,"href":"https:\/\/proandpro.se\/en\/wp-json\/wp\/v2\/posts\/8960\/revisions\/8972"}],"wp:featuredmedia":[{"embeddable":true,"href":"https:\/\/proandpro.se\/en\/wp-json\/wp\/v2\/media\/8965"}],"wp:attachment":[{"href":"https:\/\/proandpro.se\/en\/wp-json\/wp\/v2\/media?parent=8960"}],"wp:term":[{"taxonomy":"category","embeddable":true,"href":"https:\/\/proandpro.se\/en\/wp-json\/wp\/v2\/categories?post=8960"},{"taxonomy":"post_tag","embeddable":true,"href":"https:\/\/proandpro.se\/en\/wp-json\/wp\/v2\/tags?post=8960"}],"curies":[{"name":"wp","href":"https:\/\/api.w.org\/{rel}","templated":true}]}}