{"id":8442,"date":"2022-05-11T08:56:55","date_gmt":"2022-05-11T08:56:55","guid":{"rendered":"https:\/\/proandpro.se\/?p=8442"},"modified":"2022-05-11T13:40:29","modified_gmt":"2022-05-11T13:40:29","slug":"traineeblogg-4-inte-riktigt-en-blogg","status":"publish","type":"post","link":"https:\/\/proandpro.se\/en\/2022\/05\/11\/traineeblogg-4-inte-riktigt-en-blogg\/","title":{"rendered":"Traineeblogg 4 &#8211; Mer \u00e4n bara en blogg"},"content":{"rendered":"<p>Hall\u00e5!<\/p>\n<p>Nu var det ett tag sedan sist, men traineebloggen \u00e4r tillbaka med en ny utg\u00e5va. Nytt f\u00f6r denna g\u00e5ng \u00e4r att jag inte kommer att ber\u00e4tta s\u00e5 mycket om vad jag gjort, utan snarare visa vad jag gjort. I ett av mina uppdrag som avslutades i mars fick jag m\u00f6jligheten att arbeta som projektledare f\u00f6r n\u00e5got som kallas Good Tech Hack. Det \u00e4r ett hackathon med fokus p\u00e5 samh\u00e4llsnytta d\u00e4r deltagarna samlas under ett dygn f\u00f6r att hitta en l\u00f6sning inom ett av FN:s globala h\u00e5llbarhetsm\u00e5l.\u00a0 F\u00f6rutom mitt uppdrag som projektledare sponsrade \u00e4ven Pro&amp;Pro med en omv\u00e4rldsanalys som deltagarna fick ta del av. Syftet med analysen var att inspirera deltagarna till att komma p\u00e5 nya l\u00f6sningar inom omr\u00e5det H\u00e5llbar konsumtion och produktion. Projektet var riktigt l\u00e4rorikt och det var en ynnest att f\u00e5 f\u00f6rkovra sig i ett av FN:s h\u00e5llbarhetsm\u00e5l och unders\u00f6ka hur det ser ut i v\u00e4rlden relaterat till det m\u00e5let. Jag l\u00e4rde mig mycket och hoppas att deltagarna i hacket fick med sig ett och annat. F\u00f6r att du som l\u00e4sare ocks\u00e5 ska f\u00e5 m\u00f6jligheten att ta med dig n\u00e5got fr\u00e5n detta blogginl\u00e4gg skrev jag en artikel med utg\u00e5ngspunkt i omv\u00e4rldsanalysen som finns <a href=\"https:\/\/media.proandpro.se\/2022\/05\/Hallbar-konsumtion-och-produktion-ny.pdf\">h\u00e4r<\/a>.<\/p>\n<p>Det var allt f\u00f6r denna g\u00e5ng. P\u00e5 \u00e5terseende!<\/p>\n<p>Forts\u00e4ttning f\u00f6ljer&#8230;<\/p>","protected":false},"excerpt":{"rendered":"<p>Nu var det ett tag sedan sist, men traineebloggen \u00e4r tillbaka med en ny utg\u00e5va. Denna g\u00e5ng med en artikel om h\u00e5llbar konsumtion och produktion.<\/p>","protected":false},"author":12,"featured_media":8449,"comment_status":"closed","ping_status":"closed","sticky":false,"template":"","format":"standard","meta":{"_et_pb_use_builder":"","_et_pb_old_content":"","_et_gb_content_width":"","footnotes":""},"categories":[33],"tags":[],"class_list":["post-8442","post","type-post","status-publish","format-standard","has-post-thumbnail","hentry","category-www-proandpro-seprobloggen"],"_links":{"self":[{"href":"https:\/\/proandpro.se\/en\/wp-json\/wp\/v2\/posts\/8442","targetHints":{"allow":["GET"]}}],"collection":[{"href":"https:\/\/proandpro.se\/en\/wp-json\/wp\/v2\/posts"}],"about":[{"href":"https:\/\/proandpro.se\/en\/wp-json\/wp\/v2\/types\/post"}],"author":[{"embeddable":true,"href":"https:\/\/proandpro.se\/en\/wp-json\/wp\/v2\/users\/12"}],"replies":[{"embeddable":true,"href":"https:\/\/proandpro.se\/en\/wp-json\/wp\/v2\/comments?post=8442"}],"version-history":[{"count":6,"href":"https:\/\/proandpro.se\/en\/wp-json\/wp\/v2\/posts\/8442\/revisions"}],"predecessor-version":[{"id":8459,"href":"https:\/\/proandpro.se\/en\/wp-json\/wp\/v2\/posts\/8442\/revisions\/8459"}],"wp:featuredmedia":[{"embeddable":true,"href":"https:\/\/proandpro.se\/en\/wp-json\/wp\/v2\/media\/8449"}],"wp:attachment":[{"href":"https:\/\/proandpro.se\/en\/wp-json\/wp\/v2\/media?parent=8442"}],"wp:term":[{"taxonomy":"category","embeddable":true,"href":"https:\/\/proandpro.se\/en\/wp-json\/wp\/v2\/categories?post=8442"},{"taxonomy":"post_tag","embeddable":true,"href":"https:\/\/proandpro.se\/en\/wp-json\/wp\/v2\/tags?post=8442"}],"curies":[{"name":"wp","href":"https:\/\/api.w.org\/{rel}","templated":true}]}}