{"id":8355,"date":"2022-04-14T07:29:29","date_gmt":"2022-04-14T07:29:29","guid":{"rendered":"https:\/\/proandpro.se\/?p=8355"},"modified":"2022-09-20T13:37:12","modified_gmt":"2022-09-20T13:37:12","slug":"propro-podden","status":"publish","type":"post","link":"https:\/\/proandpro.se\/en\/2022\/04\/14\/propro-podden\/","title":{"rendered":"Pro&#038;Pro Podden"},"content":{"rendered":"<p>Pro&amp;Pro har sl\u00e4ppt f\u00f6rsta avsnittet av Pro&amp;Pro Podden, \u00e4ven kallad Pro&amp;Pros Managementpod. I avsnittet \u00c5rets ledare i Sundsvall 2021 m\u00f6ter vi Maria Humla, generaldirekt\u00f6r p\u00e5 SPV, och Mattias O&#8217;Nils, forskningsledare p\u00e5 STC vid Mittuniversitetet, i deras samtal kring h\u00e5llbart ledarskap. Samtalet leds av Linn Madsen och M\u00e5ns Fahlander, managementkonsulter p\u00e5 Pro&amp;Pro. Passa p\u00e5 att lyssna s\u00e5 f\u00e5r ni svaret p\u00e5 varf\u00f6r bin inte \u00e4r en bisak och hur en f\u00f6rvirrad doktorand hittar sin v\u00e4g. Podden finns d\u00e4r poddar finns och nedan finner ni l\u00e4nken till Spotify.<\/p>\n<p>&nbsp;<\/p>\n<p><iframe title=\"Spotify Embed: \u00c5rets ledare i Sundsvall 2021\" style=\"border-radius: 12px\" width=\"100%\" height=\"152\" frameborder=\"0\" allowfullscreen allow=\"autoplay; clipboard-write; encrypted-media; fullscreen; picture-in-picture\" loading=\"lazy\" src=\"https:\/\/open.spotify.com\/embed\/episode\/28VBqmgtjR4qMAoRi78uKG?si=9f33738665a04a37&#038;utm_source=oembed\"><\/iframe><\/p>\n<p>&nbsp;<\/p>","protected":false},"excerpt":{"rendered":"<p>Pro&#038;Pro har sl\u00e4ppt f\u00f6rsta avsnittet av Pro&#038;Pro Podden. I avsnittet \u00c5rets ledare i Sundsvall 2022 m\u00f6ter vi Maria Humla, generaldirekt\u00f6r p\u00e5 SPV, och Mattias O&#8217;Nils, forskningsledare p\u00e5 STC vid Mittuniversitetet, i deras samtal kring h\u00e5llbart ledarskap.<\/p>","protected":false},"author":12,"featured_media":8366,"comment_status":"closed","ping_status":"closed","sticky":false,"template":"","format":"standard","meta":{"_et_pb_use_builder":"","_et_pb_old_content":"","_et_gb_content_width":"","footnotes":""},"categories":[33],"tags":[],"class_list":["post-8355","post","type-post","status-publish","format-standard","has-post-thumbnail","hentry","category-www-proandpro-seprobloggen"],"_links":{"self":[{"href":"https:\/\/proandpro.se\/en\/wp-json\/wp\/v2\/posts\/8355","targetHints":{"allow":["GET"]}}],"collection":[{"href":"https:\/\/proandpro.se\/en\/wp-json\/wp\/v2\/posts"}],"about":[{"href":"https:\/\/proandpro.se\/en\/wp-json\/wp\/v2\/types\/post"}],"author":[{"embeddable":true,"href":"https:\/\/proandpro.se\/en\/wp-json\/wp\/v2\/users\/12"}],"replies":[{"embeddable":true,"href":"https:\/\/proandpro.se\/en\/wp-json\/wp\/v2\/comments?post=8355"}],"version-history":[{"count":9,"href":"https:\/\/proandpro.se\/en\/wp-json\/wp\/v2\/posts\/8355\/revisions"}],"predecessor-version":[{"id":10820,"href":"https:\/\/proandpro.se\/en\/wp-json\/wp\/v2\/posts\/8355\/revisions\/10820"}],"wp:featuredmedia":[{"embeddable":true,"href":"https:\/\/proandpro.se\/en\/wp-json\/wp\/v2\/media\/8366"}],"wp:attachment":[{"href":"https:\/\/proandpro.se\/en\/wp-json\/wp\/v2\/media?parent=8355"}],"wp:term":[{"taxonomy":"category","embeddable":true,"href":"https:\/\/proandpro.se\/en\/wp-json\/wp\/v2\/categories?post=8355"},{"taxonomy":"post_tag","embeddable":true,"href":"https:\/\/proandpro.se\/en\/wp-json\/wp\/v2\/tags?post=8355"}],"curies":[{"name":"wp","href":"https:\/\/api.w.org\/{rel}","templated":true}]}}