{"id":8158,"date":"2022-01-02T22:30:00","date_gmt":"2022-01-02T22:30:00","guid":{"rendered":"http:\/\/proandpro.se\/?p=8158"},"modified":"2022-01-02T22:47:21","modified_gmt":"2022-01-02T22:47:21","slug":"propro-satsar-i-vasterbotten-och-valkomnar-johan","status":"publish","type":"post","link":"https:\/\/proandpro.se\/en\/2022\/01\/02\/propro-satsar-i-vasterbotten-och-valkomnar-johan\/","title":{"rendered":"Pro&#038;Pro satsar i V\u00e4sterbotten och v\u00e4lkomnar Johan!"},"content":{"rendered":"<p>Det \u00e4r med stor stolthet vi idag presenterar Johan Lennartson och v\u00e5r etablering i V\u00e4sterbotten!<\/p>\n<p>Efter tv\u00e5 raka \u00e5r som Gasellf\u00f6retag tar vi nu n\u00e4sta steg i v\u00e5r tillv\u00e4xtresa och etablerar oss i V\u00e4sterbotten. Med v\u00e5r nya kollega Johan Lennartson i spetsen \u00f6ppnar vi ett Ume\u00e5kontor f\u00f6r att st\u00e4rka n\u00e4rvaron i regionen.<\/p>\n<p>Johan har ett m\u00e5ngsidigt f\u00f6rflutet med allt ifr\u00e5n nordamerikanska entrepren\u00f6rs\u00e4ventyr till volont\u00e4rarbete p\u00e5 ett grekiskt flyktingl\u00e4ger i bagaget. Med bred erfarenhet och ett stort intresse f\u00f6r digitalisering \u00e4r vi \u00f6vertygade om att han \u00e4r r\u00e4tt person i den satsningen.<\/p>\n<p>&#8211; N\u00e4r Tommy ber\u00e4ttade om Pro&amp;Pro, deras framg\u00e5ngar som norrl\u00e4ndskt managementkonsultbolag och planer f\u00f6r expansion i V\u00e4sterbotten, s\u00e5 k\u00e4ndes det helt r\u00e4tt att ta sig an den h\u00e4r utmaningen. Man beh\u00f6ver inte l\u00e4ngre tr\u00e4ngas innanf\u00f6r Stockholmstullarna f\u00f6r att ha ett sp\u00e4nnande jobb, det ska bli kul att bevisa!<\/p>\n<p>Satsningen \u00e4r en del av v\u00e5r vision att vara hela Norrlands managementkonsultbolag. V\u00e4sterbotten v\u00e4xer kraftigt och m\u00e5nga verksamheter st\u00e5r inf\u00f6r stora f\u00f6r\u00e4ndringar som kan vara komplexa att navigera.<\/p>\n<p>&#8211; Vi k\u00e4nner att det \u00e4r dags f\u00f6r expansion och Ume\u00e5 blir ett naturligt n\u00e4sta steg. Det h\u00e4nder mycket i V\u00e4sterbotten och vi upplever att vi har stor kompetens inom Pro&amp;Pro som kan bidra till den utvecklingen, konstaterar Tommy Ytterstr\u00f6m, VD Pro&amp;Pro.<\/p>\n<p>Vill du veta mer om oss, funderar p\u00e5 hur vi kan v\u00e4xa tillsammans eller bara ta en kaffe och ber\u00e4tta om ett problem du inte riktigt vet hur du ska l\u00f6sa? <a href=\"http:\/\/proandpro.se\/en\/kontakta-oss\/\">Kontakta oss h\u00e4r<\/a> eller bes\u00f6k n\u00e5got av v\u00e5ra kontor. I Ume\u00e5 hittar du oss p\u00e5 Great Hub i Utopia.<\/p>\n<p>L\u00e4s och mer om <a href=\"http:\/\/proandpro.se\/en\/johan-lennartson\/\">Johan h\u00e4r\u00a0<\/a><\/p>","protected":false},"excerpt":{"rendered":"<p>Det \u00e4r med stor stolthet vi idag presenterar Johan Lennartson och v\u00e5r etablering i V\u00e4sterbotten. Med v\u00e5r nya kollega Johan Lennartson i spetsen \u00f6ppnar vi ett Ume\u00e5kontor f\u00f6r att st\u00e4rka n\u00e4rvaron i regionen.<\/p>","protected":false},"author":1,"featured_media":8163,"comment_status":"closed","ping_status":"closed","sticky":false,"template":"","format":"standard","meta":{"_et_pb_use_builder":"","_et_pb_old_content":"","_et_gb_content_width":"","footnotes":""},"categories":[11],"tags":[],"class_list":["post-8158","post","type-post","status-publish","format-standard","has-post-thumbnail","hentry","category-nyheter"],"_links":{"self":[{"href":"https:\/\/proandpro.se\/en\/wp-json\/wp\/v2\/posts\/8158","targetHints":{"allow":["GET"]}}],"collection":[{"href":"https:\/\/proandpro.se\/en\/wp-json\/wp\/v2\/posts"}],"about":[{"href":"https:\/\/proandpro.se\/en\/wp-json\/wp\/v2\/types\/post"}],"author":[{"embeddable":true,"href":"https:\/\/proandpro.se\/en\/wp-json\/wp\/v2\/users\/1"}],"replies":[{"embeddable":true,"href":"https:\/\/proandpro.se\/en\/wp-json\/wp\/v2\/comments?post=8158"}],"version-history":[{"count":5,"href":"https:\/\/proandpro.se\/en\/wp-json\/wp\/v2\/posts\/8158\/revisions"}],"predecessor-version":[{"id":8165,"href":"https:\/\/proandpro.se\/en\/wp-json\/wp\/v2\/posts\/8158\/revisions\/8165"}],"wp:featuredmedia":[{"embeddable":true,"href":"https:\/\/proandpro.se\/en\/wp-json\/wp\/v2\/media\/8163"}],"wp:attachment":[{"href":"https:\/\/proandpro.se\/en\/wp-json\/wp\/v2\/media?parent=8158"}],"wp:term":[{"taxonomy":"category","embeddable":true,"href":"https:\/\/proandpro.se\/en\/wp-json\/wp\/v2\/categories?post=8158"},{"taxonomy":"post_tag","embeddable":true,"href":"https:\/\/proandpro.se\/en\/wp-json\/wp\/v2\/tags?post=8158"}],"curies":[{"name":"wp","href":"https:\/\/api.w.org\/{rel}","templated":true}]}}