{"id":7848,"date":"2021-08-23T20:49:45","date_gmt":"2021-08-23T20:49:45","guid":{"rendered":"http:\/\/proandpro.se\/?p=7848"},"modified":"2022-01-10T22:24:14","modified_gmt":"2022-01-10T22:24:14","slug":"valkommen-teodor-trainee-2021","status":"publish","type":"post","link":"https:\/\/proandpro.se\/en\/2021\/08\/23\/valkommen-teodor-trainee-2021\/","title":{"rendered":"V\u00e4lkommen Teodor, trainee 2021"},"content":{"rendered":"<p>Vi har n\u00f6jet att presentera och v\u00e4lkomna Teodor Wickman som valts ut till Pro&amp;Pros traineeprogram 2021 \u2013 2022 och som b\u00f6rjade sin anst\u00e4llning den 23 augusti. Teodor \u00e4r en Sundsvallskille som hittat tillbaka till stan efter har l\u00e4st till civilingenj\u00f6r industriell ekonomi vid Link\u00f6pings universitet. Genom att i flera \u00e5r arbetat som golftr\u00e4nare har Teodor stor erfarenhet av att genomf\u00f6ra utbildning, inkl. leda grupper, skapa relationer, pedagogik och coachning.<strong><br \/>\n<\/strong>Det \u00e4r mycket roligt att Teodor, med sin stora ambition och vilja att utvecklas, har valt att b\u00f6rja hos oss som trainee, s\u00e4ger VD Tommy Ytterstr\u00f6m.<\/p>\n<p>P\u00e5 fritiden gillar Teodor att sporta, fr\u00e4mst golf, skid\u00e5kning samt styrketr\u00e4ning. F\u00f6r att slappna av tar han sig g\u00e4rna ut i naturen eller umg\u00e5s med n\u00e4ra och k\u00e4ra.<\/p>\n<p>Teodor \u00e4r ambiti\u00f6s och motiveras av att l\u00e4ra sig nya saker varje dag samt utveckla andra till sin fulla potential. Han skapar resultat genom sin analytiska och kommunikativa f\u00f6rm\u00e5ga i samspel med att vara duktig p\u00e5 att utveckla relationer.<\/p>\n<p><a href=\"http:\/\/proandpro.se\/en\/teodor-wickman\/\">L\u00e4s mer om Teodor<\/a><\/p>\n<p><a href=\"http:\/\/proandpro.se\/en\/2020\/10\/13\/sok-traineeprogram-2020\/\">L\u00e4s\u00a0 mer om traineeprogrammet h\u00e4r<\/a><\/p>","protected":false},"excerpt":{"rendered":"<p>Vi har n\u00f6jet att presentera och v\u00e4lkomna Teodor Wickman som valts ut till Pro&#038;Pros traineeprogram 2021 \u2013 2022 och som b\u00f6rjade sin anst\u00e4llning den 23 augusti.<\/p>","protected":false},"author":1,"featured_media":7843,"comment_status":"closed","ping_status":"closed","sticky":false,"template":"","format":"standard","meta":{"_et_pb_use_builder":"","_et_pb_old_content":"","_et_gb_content_width":"","footnotes":""},"categories":[11],"tags":[],"class_list":["post-7848","post","type-post","status-publish","format-standard","has-post-thumbnail","hentry","category-nyheter"],"_links":{"self":[{"href":"https:\/\/proandpro.se\/en\/wp-json\/wp\/v2\/posts\/7848","targetHints":{"allow":["GET"]}}],"collection":[{"href":"https:\/\/proandpro.se\/en\/wp-json\/wp\/v2\/posts"}],"about":[{"href":"https:\/\/proandpro.se\/en\/wp-json\/wp\/v2\/types\/post"}],"author":[{"embeddable":true,"href":"https:\/\/proandpro.se\/en\/wp-json\/wp\/v2\/users\/1"}],"replies":[{"embeddable":true,"href":"https:\/\/proandpro.se\/en\/wp-json\/wp\/v2\/comments?post=7848"}],"version-history":[{"count":1,"href":"https:\/\/proandpro.se\/en\/wp-json\/wp\/v2\/posts\/7848\/revisions"}],"predecessor-version":[{"id":7849,"href":"https:\/\/proandpro.se\/en\/wp-json\/wp\/v2\/posts\/7848\/revisions\/7849"}],"wp:featuredmedia":[{"embeddable":true,"href":"https:\/\/proandpro.se\/en\/wp-json\/wp\/v2\/media\/7843"}],"wp:attachment":[{"href":"https:\/\/proandpro.se\/en\/wp-json\/wp\/v2\/media?parent=7848"}],"wp:term":[{"taxonomy":"category","embeddable":true,"href":"https:\/\/proandpro.se\/en\/wp-json\/wp\/v2\/categories?post=7848"},{"taxonomy":"post_tag","embeddable":true,"href":"https:\/\/proandpro.se\/en\/wp-json\/wp\/v2\/tags?post=7848"}],"curies":[{"name":"wp","href":"https:\/\/api.w.org\/{rel}","templated":true}]}}