{"id":7799,"date":"2021-08-17T20:17:16","date_gmt":"2021-08-17T20:17:16","guid":{"rendered":"http:\/\/proandpro.se\/?p=7799"},"modified":"2021-08-20T09:16:30","modified_gmt":"2021-08-20T09:16:30","slug":"intervju-med-arets-ledare-i-sundsvall","status":"publish","type":"post","link":"https:\/\/proandpro.se\/en\/2021\/08\/17\/intervju-med-arets-ledare-i-sundsvall\/","title":{"rendered":"Intervju med f\u00f6rra \u00c5rets Ledare i Sundsvall"},"content":{"rendered":"<p>I h\u00f6st \u00e4r det dags igen att kora \u00c5rets Ledare p\u00e5 Sundsvall Business Awards. Priset \u00c5rets Ledare hade sin premi\u00e4r p\u00e5 f\u00f6rra \u00e5rets prisceremoni, och den f\u00f6rsta vinnaren n\u00e5gonsin blev Monika Lundberg Rylander p\u00e5 CGI. Nu p\u00e5g\u00e5r nomineringsprocessen f\u00f6r \u00e5rets pris och vi har passat p\u00e5 fr\u00e5ga Monika hur \u00e5ret sedan vinsten har varit.<\/p>\n<p>&#8211; Det var fantastiskt att f\u00e5 vinna. Den h\u00e4r utm\u00e4rkelsen har lett till m\u00e5nga m\u00f6ten med intressanta personer som jag aldrig skulle ha tr\u00e4ffat annars. S\u00e5 beskriver Monika vad vinsten har betytt f\u00f6r henne. M\u00e5nga har h\u00f6rt av sig; n\u00e5gra vill ha coachande bollplank, n\u00e5gra vill ha input till examensarbeten p\u00e5 ledarskap och n\u00e5gra har inspirerats av hennes mod och opretenti\u00f6sa ledarstil.<br \/>\n&#8211; Det har varit allt fr\u00e5n sm\u00e5f\u00f6retagare, studenter och andra coola personer och ledare. F\u00f6r mig har det gett mycket tillbaka, en m\u00f6jlighet att reflektera kring mitt ledarskap och f\u00e5 nya infallsvinklar, s\u00e4ger Monika.<\/p>\n<p>Monika lyfter att det \u00e4r extra roligt att tjejer h\u00f6r av sig med funderingar kring ledarskap och karri\u00e4r. Hon vill visa att det g\u00e5r utm\u00e4rkt att kombinera b\u00e5de en framg\u00e5ngsrik ledarkarri\u00e4r inom techbranschen och ett familjeliv.<br \/>\n\u2013 Jag ser det som mitt ansvar att ge tillbaka och f\u00f6rs\u00f6ka inspirera unga tjejer att v\u00e5ga satsa p\u00e5 tech och ledarroller. Tech \u00e4r en fantastiskt bra bransch att vara ledare som tjej; man vill ha in fler tjejer p\u00e5 alla niv\u00e5er.<\/p>\n<p>Som ledare p\u00e5 CGI s\u00e5 tr\u00e4ffar Monika m\u00e5nga m\u00e4nniskor i sin arbetsvardag. F\u00f6r\u00e4ndringen nu \u00e4r att hon ocks\u00e5 tr\u00e4ffar personer ur ett ledarskapsperspektiv. Monika har bland annat medverkat i en podd och samtalat om ledarskap med ledare fr\u00e5n andra f\u00f6retag och myndigheter h\u00e4r i stan.<\/p>\n<p>\u2013 Det finns m\u00e5nga duktiga ledare i Sundsvall! Jag har faktiskt skickat in ett nomineringsf\u00f6rslag till \u00e5rets pris, avslutar Monika.<\/p>\n<p>Passa ocks\u00e5 du p\u00e5 att skicka in ditt f\u00f6rslag p\u00e5 en ledare som f\u00f6rtj\u00e4nas att uppm\u00e4rksammas! Sista datum f\u00f6r att skicka in nomineringsf\u00f6rslag \u00e4r den 31 augusti 2021.<\/p>\n<blockquote class=\"wp-embedded-content\" data-secret=\"5Mz7qA4QVi\"><p><a href=\"http:\/\/proandpro.se\/en\/arets-ledare-2021\/\">Nominera till \u00c5rets Ledare 2021 i Sundsvall<\/a><\/p><\/blockquote>\n<p><iframe loading=\"lazy\" class=\"wp-embedded-content\" sandbox=\"allow-scripts\" security=\"restricted\" style=\"position: absolute; clip: rect(1px, 1px, 1px, 1px);\" title=\"&#8221;Nominera till \u00c5rets Ledare 2021 i Sundsvall&#8221; &#8212; ProAndPro\" src=\"http:\/\/proandpro.se\/arets-ledare-2021\/embed\/#?secret=5Mz7qA4QVi\" data-secret=\"5Mz7qA4QVi\" width=\"600\" height=\"338\" frameborder=\"0\" marginwidth=\"0\" marginheight=\"0\" scrolling=\"no\"><\/iframe><\/p>","protected":false},"excerpt":{"rendered":"<p>I h\u00f6st \u00e4r det dags igen att kora \u00c5rets Ledare p\u00e5 Sundsvall Business Awards. Priset \u00c5rets Ledare hade sin premi\u00e4r p\u00e5 f\u00f6rra \u00e5rets prisceremoni, och den f\u00f6rsta vinnaren n\u00e5gonsin blev Monika Lundberg Rylander p\u00e5 CGI.<\/p>","protected":false},"author":1,"featured_media":7833,"comment_status":"closed","ping_status":"closed","sticky":false,"template":"","format":"standard","meta":{"_et_pb_use_builder":"","_et_pb_old_content":"","_et_gb_content_width":"","footnotes":""},"categories":[11],"tags":[],"class_list":["post-7799","post","type-post","status-publish","format-standard","has-post-thumbnail","hentry","category-nyheter"],"_links":{"self":[{"href":"https:\/\/proandpro.se\/en\/wp-json\/wp\/v2\/posts\/7799","targetHints":{"allow":["GET"]}}],"collection":[{"href":"https:\/\/proandpro.se\/en\/wp-json\/wp\/v2\/posts"}],"about":[{"href":"https:\/\/proandpro.se\/en\/wp-json\/wp\/v2\/types\/post"}],"author":[{"embeddable":true,"href":"https:\/\/proandpro.se\/en\/wp-json\/wp\/v2\/users\/1"}],"replies":[{"embeddable":true,"href":"https:\/\/proandpro.se\/en\/wp-json\/wp\/v2\/comments?post=7799"}],"version-history":[{"count":4,"href":"https:\/\/proandpro.se\/en\/wp-json\/wp\/v2\/posts\/7799\/revisions"}],"predecessor-version":[{"id":7834,"href":"https:\/\/proandpro.se\/en\/wp-json\/wp\/v2\/posts\/7799\/revisions\/7834"}],"wp:featuredmedia":[{"embeddable":true,"href":"https:\/\/proandpro.se\/en\/wp-json\/wp\/v2\/media\/7833"}],"wp:attachment":[{"href":"https:\/\/proandpro.se\/en\/wp-json\/wp\/v2\/media?parent=7799"}],"wp:term":[{"taxonomy":"category","embeddable":true,"href":"https:\/\/proandpro.se\/en\/wp-json\/wp\/v2\/categories?post=7799"},{"taxonomy":"post_tag","embeddable":true,"href":"https:\/\/proandpro.se\/en\/wp-json\/wp\/v2\/tags?post=7799"}],"curies":[{"name":"wp","href":"https:\/\/api.w.org\/{rel}","templated":true}]}}