{"id":7707,"date":"2021-07-01T20:44:15","date_gmt":"2021-07-01T20:44:15","guid":{"rendered":"http:\/\/proandpro.se\/?p=7707"},"modified":"2021-07-01T20:49:18","modified_gmt":"2021-07-01T20:49:18","slug":"sommaravslutning-och-halvvags-i-internshipet","status":"publish","type":"post","link":"https:\/\/proandpro.se\/en\/2021\/07\/01\/sommaravslutning-och-halvvags-i-internshipet\/","title":{"rendered":"Sommaravslutning och halvv\u00e4gs i internshipet"},"content":{"rendered":"<p>Nu \u00e4r vi inne p\u00e5 4:de veckan p\u00e5 Pro&amp;Pro, tiden har bara sprungit iv\u00e4g! Ungef\u00e4r halva internshipet har g\u00e5tt och vi inser nu hur mycket kunskap och erfarenheter vi redan f\u00e5tt!<\/p>\n<p>Sedan senaste blogginl\u00e4gget har vi kommit en bra bit in p\u00e5 v\u00e5ra del-projekt. Vi har dessutom f\u00e5tt arrangera en presentation f\u00f6r Pro&amp;Pro kring arbetsprocessen, resultatet och \u00f6ppnat upp f\u00f6r diskussion. Kollegorna har gett oss st\u00f6d och id\u00e9er till utvecklingen av v\u00e5rt projekt. Bland annat har vi f\u00e5tt r\u00e5d kring layouten och utformandet av rapporten f\u00f6r den givna m\u00e5lgruppen, presentationsteknik, hur vi g\u00f6r en effektiv trendspaning och slutligen hur en strategi byggs upp.<\/p>\n<p>Det praktiska projektet, d\u00e4r vi med hj\u00e4lp av data ska analysera och l\u00f6sa ett transport-case, har vi kommit fram till ett resultat. Vi har skapat en kod som klassificerar och r\u00e4knar fram v\u00e4rdeskapande information. Under tiden har vi haft avst\u00e4mningar med uppdragsgivaren f\u00f6r att se till att arbetet \u00f6verensst\u00e4mmer enligt det \u00f6nskade uppdraget.<br \/>\nDen strategiska analysen b\u00f6rjar ta form med stormsteg! Delvis har vi unders\u00f6kt hur l\u00e4get ser ut g\u00e4llande datadrivna h\u00e5llbara transporter och delvis har vi varit i kontakt med nyckelpersoner. En nutidsanalys f\u00f6r V\u00e4sternorrland samt en unders\u00f6kning av trender b\u00f6rjar leda till en rapport. Bilden visar hur vi kartl\u00e4gger all information vi har samlat p\u00e5 oss. M\u00e5let \u00e4r att ha f\u00e4rdigst\u00e4llt ett f\u00f6rsta utkast av en slutgiltig strategisk rekommendation till slutet av veckan. <\/p>\n<p><img loading=\"lazy\" decoding=\"async\" class=\"alignright wp-image-7709\" src=\"https:\/\/media.proandpro.se\/2021\/07\/Bild_postit-240x300.jpg\" alt=\"\" width=\"300\" height=\"375\" \/>Pro&amp;Pro har ett brett n\u00e4tverk, som vi f\u00e5tt tagit del av f\u00f6r att f\u00e5 v\u00e4rdefulla inputs g\u00e4llande v\u00e5rt projekt. Utifr\u00e5n intervjuer med representanter fr\u00e5n Sundfrakt, Knightech, Telia, Ericsson och Mittuniversitetet har vi f\u00e5tt en bredare syn p\u00e5 omr\u00e5det och framtidsutsikter.<\/p>\n<p>Under de senaste veckorna har vi \u00e4ven individuellt f\u00e5tt l\u00e4ra k\u00e4nna teamet p\u00e5 Pro&amp;Pro. Det har varit l\u00e4rorikt att h\u00f6ra deras bakgrunder och hur det \u00e4r att jobba som managementkonsult. Samtalen har utan tvekan breddat v\u00e5r syn p\u00e5 arbetsrollen.<\/p>\n<p>P\u00e5 bilden syns en av internshipets h\u00f6jdpunkterna, den \u00e5rliga sommaravslutningen med Pro&amp;Pro! Det var en dag med team-building aktiviteter, musik-quiz, god mat och trevligt s\u00e4llskap! Den som var snabbast uppf\u00f6r Norra berget \u00e4r f\u00f6r evigt ouppklarat, viktigast \u00e4r att vi fick l\u00e4ra k\u00e4nna kollegorna och ha en rolig kv\u00e4ll!<\/p>\n<p>Maja Vestin &amp; Sandra Hammarsten<br \/>\nJunior Managementkonsulter, Pro&amp;Pro AB<\/p>","protected":false},"excerpt":{"rendered":"<p>Nu \u00e4r vi inne p\u00e5 4:de veckan p\u00e5 Pro&#038;Pro, tiden har bara sprungit iv\u00e4g! Ungef\u00e4r halva internshipet har g\u00e5tt och vi inser nu hur mycket kunskap och erfarenheter vi redan f\u00e5tt!<\/p>","protected":false},"author":1,"featured_media":7708,"comment_status":"closed","ping_status":"closed","sticky":false,"template":"","format":"standard","meta":{"_et_pb_use_builder":"","_et_pb_old_content":"","_et_gb_content_width":"","footnotes":""},"categories":[33],"tags":[],"class_list":["post-7707","post","type-post","status-publish","format-standard","has-post-thumbnail","hentry","category-www-proandpro-seprobloggen"],"_links":{"self":[{"href":"https:\/\/proandpro.se\/en\/wp-json\/wp\/v2\/posts\/7707","targetHints":{"allow":["GET"]}}],"collection":[{"href":"https:\/\/proandpro.se\/en\/wp-json\/wp\/v2\/posts"}],"about":[{"href":"https:\/\/proandpro.se\/en\/wp-json\/wp\/v2\/types\/post"}],"author":[{"embeddable":true,"href":"https:\/\/proandpro.se\/en\/wp-json\/wp\/v2\/users\/1"}],"replies":[{"embeddable":true,"href":"https:\/\/proandpro.se\/en\/wp-json\/wp\/v2\/comments?post=7707"}],"version-history":[{"count":10,"href":"https:\/\/proandpro.se\/en\/wp-json\/wp\/v2\/posts\/7707\/revisions"}],"predecessor-version":[{"id":7719,"href":"https:\/\/proandpro.se\/en\/wp-json\/wp\/v2\/posts\/7707\/revisions\/7719"}],"wp:featuredmedia":[{"embeddable":true,"href":"https:\/\/proandpro.se\/en\/wp-json\/wp\/v2\/media\/7708"}],"wp:attachment":[{"href":"https:\/\/proandpro.se\/en\/wp-json\/wp\/v2\/media?parent=7707"}],"wp:term":[{"taxonomy":"category","embeddable":true,"href":"https:\/\/proandpro.se\/en\/wp-json\/wp\/v2\/categories?post=7707"},{"taxonomy":"post_tag","embeddable":true,"href":"https:\/\/proandpro.se\/en\/wp-json\/wp\/v2\/tags?post=7707"}],"curies":[{"name":"wp","href":"https:\/\/api.w.org\/{rel}","templated":true}]}}