{"id":7704,"date":"2021-06-30T10:55:17","date_gmt":"2021-06-30T10:55:17","guid":{"rendered":"http:\/\/proandpro.se\/?p=7704"},"modified":"2021-06-30T10:55:17","modified_gmt":"2021-06-30T10:55:17","slug":"trainee-examen-for-viktor","status":"publish","type":"post","link":"https:\/\/proandpro.se\/en\/2021\/06\/30\/trainee-examen-for-viktor\/","title":{"rendered":"Trainee examen f\u00f6r Viktor"},"content":{"rendered":"<p style=\"margin: 0cm; background: white; vertical-align: baseline;\"><span style=\"font-size: 10.5pt; font-family: 'Open Sans',sans-serif; color: #666666; background: white;\">Grattis Viktor Pettersson som den 21 juni examinerades och diplomerades fr\u00e5n Pro&amp;Pros traineeprogram och nu g\u00e5r vidare till sitt andra \u00e5r som Junior managementkonsult vid Pro&amp;Pro. <\/span><\/p>\n<p style=\"margin: 0cm; background: white; vertical-align: baseline;\"><span style=\"font-size: 10.5pt; font-family: 'Open Sans',sans-serif; color: #666666;\">Traineeprogrammet \u00e4r skapat f\u00f6r att st\u00f6dja Pro&amp;Pros varum\u00e4rkesl\u00f6fte, \u201dMakes people and business successful\u201d. Vi \u00e4r passionerade av att se m\u00e4nniskor lyckas och f\u00f6retag utvecklas och f\u00f6r oss \u00e4r det sj\u00e4lvklart att utveckla unga och ambiti\u00f6sa individer till framg\u00e5ngsrika karri\u00e4rer. P\u00e5 s\u00e5 s\u00e4tt ges individen b\u00e4sta f\u00f6ruts\u00e4ttningar och v\u00e5rt f\u00f6retag s\u00e4krar en h\u00f6g niv\u00e5 i leveranser.<\/span><\/p>\n<p style=\"margin: 0cm; background: white; vertical-align: baseline;\"><span style=\"font-size: 10.5pt; font-family: 'Open Sans',sans-serif; color: #666666;\">Genom Pro&amp;Pros traineeprogram hittar traineen sina styrkor och utvecklingsomr\u00e5den, f\u00e5r f\u00e4rdighet att anv\u00e4nda olika modeller och teorier som sedan praktiseras i \u00f6vningar och i kundcase i Pro&amp;Pros fyra huvudomr\u00e5den stratei, aff\u00e4rsutveckling, verksamhetsutveckling och ledarskap samt i kundrelationer och i aff\u00e4rsmannaskap. Traineeprogrammet \u00e4r designat f\u00f6r att nyblivna konsulter p\u00e5 ett framg\u00e5ngsrikt s\u00e4tt ska l\u00e4ra sig att arbeta som konsult och komma in i rollen att bli riktigt duktig p\u00e5 att l\u00f6sa r\u00e4tt problem f\u00f6r kunden.<\/span><\/p>\n<p style=\"margin: 0cm; background: white; vertical-align: baseline;\"><span style=\"font-size: 10.5pt; font-family: 'Open Sans',sans-serif; color: #666666;\">Traineeprogrammet \u00e4r f\u00f6rsta steget i en utveckling till managementkonsult med kunskap om teorier, modeller, arbetss\u00e4tt samt en passion, gl\u00e4dje och f\u00f6rh\u00e5llningss\u00e4tt f\u00f6r att kunna utveckla kunders aff\u00e4r och verksamhet till n\u00e4sta niv\u00e5. Det ska ocks\u00e5 ge en plattform f\u00f6r att utvecklas till spetskonsult inom valt omr\u00e5de och m\u00f6jligg\u00f6ra en h\u00e5llbar framg\u00e5ngsrik karri\u00e4r som konsult eller linjechef.<\/span><\/p>\n<p style=\"margin: 0cm; background: white; vertical-align: baseline;\"><span style=\"font-size: 10.5pt; font-family: 'Open Sans',sans-serif; color: #666666;\">\u00a0<\/span><\/p>","protected":false},"excerpt":{"rendered":"<p>Grattis Viktor Pettersson som den 21 juni examinerades och diplomerades fr\u00e5n Pro&#038;Pros traineeprogram<\/p>","protected":false},"author":1,"featured_media":7705,"comment_status":"closed","ping_status":"closed","sticky":false,"template":"","format":"standard","meta":{"_et_pb_use_builder":"","_et_pb_old_content":"","_et_gb_content_width":"","footnotes":""},"categories":[11],"tags":[],"class_list":["post-7704","post","type-post","status-publish","format-standard","has-post-thumbnail","hentry","category-nyheter"],"_links":{"self":[{"href":"https:\/\/proandpro.se\/en\/wp-json\/wp\/v2\/posts\/7704","targetHints":{"allow":["GET"]}}],"collection":[{"href":"https:\/\/proandpro.se\/en\/wp-json\/wp\/v2\/posts"}],"about":[{"href":"https:\/\/proandpro.se\/en\/wp-json\/wp\/v2\/types\/post"}],"author":[{"embeddable":true,"href":"https:\/\/proandpro.se\/en\/wp-json\/wp\/v2\/users\/1"}],"replies":[{"embeddable":true,"href":"https:\/\/proandpro.se\/en\/wp-json\/wp\/v2\/comments?post=7704"}],"version-history":[{"count":1,"href":"https:\/\/proandpro.se\/en\/wp-json\/wp\/v2\/posts\/7704\/revisions"}],"predecessor-version":[{"id":7706,"href":"https:\/\/proandpro.se\/en\/wp-json\/wp\/v2\/posts\/7704\/revisions\/7706"}],"wp:featuredmedia":[{"embeddable":true,"href":"https:\/\/proandpro.se\/en\/wp-json\/wp\/v2\/media\/7705"}],"wp:attachment":[{"href":"https:\/\/proandpro.se\/en\/wp-json\/wp\/v2\/media?parent=7704"}],"wp:term":[{"taxonomy":"category","embeddable":true,"href":"https:\/\/proandpro.se\/en\/wp-json\/wp\/v2\/categories?post=7704"},{"taxonomy":"post_tag","embeddable":true,"href":"https:\/\/proandpro.se\/en\/wp-json\/wp\/v2\/tags?post=7704"}],"curies":[{"name":"wp","href":"https:\/\/api.w.org\/{rel}","templated":true}]}}