{"id":7699,"date":"2021-06-17T08:15:58","date_gmt":"2021-06-17T08:15:58","guid":{"rendered":"http:\/\/proandpro.se\/?p=7699"},"modified":"2021-06-17T08:15:58","modified_gmt":"2021-06-17T08:15:58","slug":"internship-tankarna-efter-forsta-dagarna","status":"publish","type":"post","link":"https:\/\/proandpro.se\/en\/2021\/06\/17\/internship-tankarna-efter-forsta-dagarna\/","title":{"rendered":"Internship: Tankarna efter f\u00f6rsta dagarna"},"content":{"rendered":"<p>\u00c4ntligen har sommarens internship dragit ig\u00e5ng! F\u00f6rsta veckan har redan passerat och vi, Sandra Hammarsten, till v\u00e4nster p\u00e5 bilden, och Maja Vestin, till h\u00f6ger p\u00e5 bilden, ser verkligen fram emot det som komma skall. Under f\u00f6rsta dagarna har vi satt oss in i de tv\u00e5 del-projekten som vi blivit tilldelade. Det \u00f6vergripande fokuset f\u00f6r \u00e5rets internship handlar om h\u00e5llbara transporter, ett viktigt och intressant omr\u00e5de. Det f\u00f6rsta del-projektet \u00e4r i samarbete med ett logistikf\u00f6retag, v\u00e5r uppgift \u00e4r att med hj\u00e4lp av registrerade data unders\u00f6ka hur mycket tid som frig\u00f6rs d\u00e5 maskinernas arbetsuppgifter \u00e4ndras. Det andra del-projektet handlar ist\u00e4llet om att g\u00f6ra en omv\u00e4rldsbevakning f\u00f6r att identifiera framtida smarta l\u00f6sningar g\u00e4llande h\u00e5llbara transporter med fokus p\u00e5 industri.<\/p>\n<p>H\u00e5llbara transporter och innovationen som kr\u00e4vs f\u00f6r att uppn\u00e5 detta \u00e4r \u00e4ven ett av delm\u00e5len f\u00f6r FN:s Globala m\u00e5l enligt Agenda 2030. Inneh\u00e5llet i v\u00e5rt projekt \u00e4r utan tvekan ett omr\u00e5de som beh\u00f6ver arbetas med f\u00f6r att kunna n\u00e5 m\u00e5len, b\u00e5de internationellt men \u00e4ven f\u00f6r Sundsvall som region. I och med den samh\u00e4llsviktiga aspekten f\u00f6r det h\u00e4r omr\u00e5det k\u00e4nner vi extra stort ansvar och gl\u00e4dje att f\u00e5 s\u00e4tta oss in i och jobba kring framtida utsikter och l\u00f6sningar.<\/p>\n<p>F\u00f6rsta dagarna har spenderats med att f\u00f6rst\u00e5 och s\u00e4tta oss in i det arbete som ligger framf\u00f6r oss, vad projekten mer specifikt handlar om. Nu har vi ocks\u00e5 skapat oss en bild kring vad kunderna \u00f6nskar och vi har f\u00e5tt en djupare f\u00f6rst\u00e5else. Dessutom har vi varit p\u00e5 plats hos kund f\u00f6r att se hur maskinerna anv\u00e4nds och deras arbetsuppgifter i dagsl\u00e4get, detta f\u00f6r att kunna f\u00f6rst\u00e5 den data vi f\u00e5tt och hur vi ska komma fram till ett anv\u00e4ndbart resultat.<\/p>\n<p>Projekten har hittills best\u00e5tt av en del probleml\u00f6sning, vilket har varit enormt givande! Med hj\u00e4lp av att anv\u00e4nda v\u00e5ra kunskaper inom matte och programmering samt en del research och diskuterande har vi lyckats komma vidare. Det h\u00e4r med att l\u00f6sa komplexa och odefinierade problem \u00e4r en stor del av v\u00e5rt internship, d\u00e4rf\u00f6r ser vi fram emot att se vad vi st\u00f6ter p\u00e5 de kommande veckorna och vad vi kommer ta med oss till efter sommaren.<\/p>\n<p>Det h\u00e4r \u00e4r v\u00e5rt f\u00f6rsta av flera blogginl\u00e4gg som kommer l\u00e4ggas ut. En artikel kring vad vi kommit fram till publiceras p\u00e5 hemsidan i slutet av sommaren. Hoppas du ser fram emot att f\u00f6lja den h\u00e4r resan.<\/p>\n<p>Tack Pro&amp;Pro f\u00f6r givande f\u00f6rsta dagar!<\/p>\n<p>Maja Vestin &amp; Sandra Hammarsten<br \/>\nJunior Managementkonsulter, Pro&amp;Pro AB<\/p>","protected":false},"excerpt":{"rendered":"<p>\u00c4ntligen har sommarens internship dragit ig\u00e5ng! F\u00f6rsta veckan har redan passerat och vi ser verkligen fram emot det som komma skall.<\/p>","protected":false},"author":1,"featured_media":7696,"comment_status":"closed","ping_status":"closed","sticky":false,"template":"","format":"standard","meta":{"_et_pb_use_builder":"","_et_pb_old_content":"","_et_gb_content_width":"","footnotes":""},"categories":[33],"tags":[],"class_list":["post-7699","post","type-post","status-publish","format-standard","has-post-thumbnail","hentry","category-www-proandpro-seprobloggen"],"_links":{"self":[{"href":"https:\/\/proandpro.se\/en\/wp-json\/wp\/v2\/posts\/7699","targetHints":{"allow":["GET"]}}],"collection":[{"href":"https:\/\/proandpro.se\/en\/wp-json\/wp\/v2\/posts"}],"about":[{"href":"https:\/\/proandpro.se\/en\/wp-json\/wp\/v2\/types\/post"}],"author":[{"embeddable":true,"href":"https:\/\/proandpro.se\/en\/wp-json\/wp\/v2\/users\/1"}],"replies":[{"embeddable":true,"href":"https:\/\/proandpro.se\/en\/wp-json\/wp\/v2\/comments?post=7699"}],"version-history":[{"count":1,"href":"https:\/\/proandpro.se\/en\/wp-json\/wp\/v2\/posts\/7699\/revisions"}],"predecessor-version":[{"id":7700,"href":"https:\/\/proandpro.se\/en\/wp-json\/wp\/v2\/posts\/7699\/revisions\/7700"}],"wp:featuredmedia":[{"embeddable":true,"href":"https:\/\/proandpro.se\/en\/wp-json\/wp\/v2\/media\/7696"}],"wp:attachment":[{"href":"https:\/\/proandpro.se\/en\/wp-json\/wp\/v2\/media?parent=7699"}],"wp:term":[{"taxonomy":"category","embeddable":true,"href":"https:\/\/proandpro.se\/en\/wp-json\/wp\/v2\/categories?post=7699"},{"taxonomy":"post_tag","embeddable":true,"href":"https:\/\/proandpro.se\/en\/wp-json\/wp\/v2\/tags?post=7699"}],"curies":[{"name":"wp","href":"https:\/\/api.w.org\/{rel}","templated":true}]}}