{"id":7596,"date":"2021-03-31T20:01:03","date_gmt":"2021-03-31T20:01:03","guid":{"rendered":"http:\/\/proandpro.se\/?p=7596"},"modified":"2021-04-06T14:41:08","modified_gmt":"2021-04-06T14:41:08","slug":"propro-student-program-2021","status":"publish","type":"post","link":"https:\/\/proandpro.se\/en\/2021\/03\/31\/propro-student-program-2021\/","title":{"rendered":"Sju studenter b\u00f6rjar Pro&#038;Pro Student Program 2021"},"content":{"rendered":"<p>F\u00f6rsta g\u00e4nget studenter \u00e4ntrar nu nya f\u00e4rska Bright Minds &#8211; Pro&amp;Pro Student Program. Ett program som erbjuder ambiti\u00f6sa studenter m\u00f6jligheten att \u00f6ka sin n\u00e4ringslivserfarenhet, sin kompetens och personliga utveckling genom att l\u00f6sa framtidens odefinierade komplexa problem. Till sin hj\u00e4lp f\u00e5r de kvalificerad handledning och utmanande aktiviteter, samtidigt som de f\u00e5r utveckla sitt eget n\u00e4tverk med fler likasinnade.<\/p>\n<p>Pro&amp;Pro f\u00e5r \u00e4ven vi m\u00f6jligheten att attrahera och n\u00e4tverka med m\u00e4nniskor som brinner f\u00f6r v\u00e5rt varum\u00e4rkesl\u00f6fte <em>make people and business successful<\/em> i form av framtida ambassad\u00f6rer, relationer eller medarbetare. Win-win!<\/p>\n<h4><strong>H\u00e4r \u00e4r 2021 \u00e5rs Pro&amp;Pro Bright Minds<\/strong><\/h4>\n<h4><strong>Emil Larsson<img loading=\"lazy\" decoding=\"async\" class=\"alignright wp-image-7597\" src=\"https:\/\/media.proandpro.se\/2021\/03\/Emil-Larsson_ind-240x300.jpg\" alt=\"\" width=\"300\" height=\"375\" srcset=\"https:\/\/media.proandpro.se\/2021\/03\/Emil-Larsson_ind-240x300.jpg 240w, https:\/\/media.proandpro.se\/2021\/03\/Emil-Larsson_ind.jpg 400w\" sizes=\"(max-width: 300px) 100vw, 300px\" \/><\/strong><\/h4>\n<p><strong>Studerar:<\/strong> Andra \u00e5ret till civilingenj\u00f6r inom industriell ekonomi vid Lule\u00e5 tekniska universitet.<\/p>\n<p><strong>Tankar kring Bright Minds vid Pro&amp;Pro:<\/strong> Jag vill f\u00e5 en st\u00f6rre inblick i hur det \u00e4r att arbeta som managementkonsult, samt vilka vardagliga utmaningar som du kan st\u00e4llas inf\u00f6r. Som att l\u00f6sa komplexa och utmanande uppgifter tillsammans med andra drivna och ambiti\u00f6sa m\u00e4nniskor.<\/p>\n<p><strong>N\u00e4r jag var liten ville jag bli:<\/strong> Flygplatsarbetare.<\/p>\n<p><strong>Det h\u00e4r g\u00f6r jag n\u00e4r jag inte pluggar:<\/strong> Mycket av min fritid \u00e4gnar jag \u00e5t tr\u00e4ning och skid\u00e5kning. Ut\u00f6ver det uppskattar jag att umg\u00e5s med familj och v\u00e4nner.<\/p>\n<p><strong>Tre ord som beskriver mig:<\/strong><\/p>\n<ul>\n<li>Ut\u00e5triktad<\/li>\n<li>Ambiti\u00f6s<\/li>\n<li>Driven<\/li>\n<\/ul>\n<h4><strong>Maja Vestin<img loading=\"lazy\" decoding=\"async\" class=\"alignright wp-image-7599\" src=\"https:\/\/media.proandpro.se\/2021\/03\/Maja-Vestin_ind-240x300.jpg\" alt=\"\" width=\"300\" height=\"375\" srcset=\"https:\/\/media.proandpro.se\/2021\/03\/Maja-Vestin_ind-240x300.jpg 240w, https:\/\/media.proandpro.se\/2021\/03\/Maja-Vestin_ind.jpg 400w\" sizes=\"(max-width: 300px) 100vw, 300px\" \/><\/strong><\/h4>\n<p><strong>Studerar:<\/strong> Fj\u00e4rde \u00e5ret p\u00e5 Civilingenj\u00f6rsprogrammet i Industriell ekonomi vid Ume\u00e5 universitet<\/p>\n<p><strong>Tankar kring Bright Minds vid Pro&amp;Pro:<\/strong> Jag vill utveckla mina personliga och professionella f\u00e4rdigheter ytterligare. En unik m\u00f6jlighet att f\u00e5 ta del av de kunskaper och erfarenheter som Pro&amp;Pro besitter och jag \u00e4r \u00f6vertygad om att det kommer gynna mig i min utvecklingsresa.<\/p>\n<p><strong>N\u00e4r jag var liten ville jag bli:<\/strong> Jag har dr\u00f6mt om allt fr\u00e5n prinsessa till delfinsk\u00f6tare, l\u00e4rare och d\u00e4refter genomf\u00f6rde jag en elitsatsning inom l\u00e4ngdskidor. Men nu har dr\u00f6mmen i st\u00e4llet blivit ett m\u00e5l, att bli en del av utvecklingen och kunna bidra till en positiv framtid.<\/p>\n<p><strong>Det h\u00e4r g\u00f6r jag n\u00e4r jag inte pluggar:<\/strong> Jag \u00e4r med och utvecklar programmet Civilingenj\u00f6r i Industriell ekonomi genom att \u00f6ka antalet samarbeten med n\u00e4ringslivet. Parallellt med detta undervisar jag p\u00e5 universitetet inom \u00e4mnesomr\u00e5det matematik. P\u00e5 fritiden tackar jag inte nej till tr\u00e4ning, fj\u00e4ll och natur.<\/p>\n<p><strong>Tre ord som beskriver mig:<\/strong><\/p>\n<ul>\n<li>Nyfiken<\/li>\n<li>Driven<\/li>\n<li>M\u00e5linriktad.<\/li>\n<\/ul>\n<h4><strong>Joakim Nordling<img loading=\"lazy\" decoding=\"async\" class=\"alignright wp-image-7600\" src=\"https:\/\/media.proandpro.se\/2021\/03\/Joakim_ind-240x300.jpg\" alt=\"\" width=\"300\" height=\"374\" srcset=\"https:\/\/media.proandpro.se\/2021\/03\/Joakim_ind-240x300.jpg 240w, https:\/\/media.proandpro.se\/2021\/03\/Joakim_ind.jpg 400w\" sizes=\"(max-width: 300px) 100vw, 300px\" \/><\/strong><\/h4>\n<p><strong>Studerar:<\/strong> Civilingenj\u00f6rsprogrammet i Industriell ekonomi vid Ume\u00e5 Universitet<\/p>\n<p><strong>Tankar kring Bright Minds vid Pro&amp;Pro: <\/strong>Att utvecklas inom f\u00f6retagsutveckling, ledarskap och probleml\u00f6sning med utg\u00e5ngspunkt i n\u00e4ringslivet. Att dessutom matchas ihop med en mentor att bolla tankar och id\u00e9er med k\u00e4nns ocks\u00e5 v\u00e4ldigt v\u00e4rdefullt och givande.<\/p>\n<p><em><strong>N\u00e4r jag var liten ville jag bli:<\/strong><\/em> Pilot<\/p>\n<p><em><strong>Det h\u00e4r g\u00f6r jag n\u00e4r jag inte pluggar:<\/strong><\/em> <em>Tr\u00e4nar (L\u00f6pning, l\u00e4ngdskidor, kl\u00e4ttring). Spelar frisbeegolf. G\u00e5r p\u00e5 tur. Flyger dr\u00f6nare.\u00a0 \u00a0<\/em><\/p>\n<p><em><strong>Tre ord som beskriver mig:<\/strong><\/em><\/p>\n<ul>\n<li><em>Analytisk<\/em><\/li>\n<li><em>Strategisk <\/em><\/li>\n<li>Diplomatisk<\/li>\n<\/ul>\n<h4><strong>Max Fahlstr\u00f6m<img loading=\"lazy\" decoding=\"async\" class=\"alignright wp-image-7601\" src=\"https:\/\/media.proandpro.se\/2021\/03\/Max-Fahlstrom-240x300.jpg\" alt=\"\" width=\"300\" height=\"375\" srcset=\"https:\/\/media.proandpro.se\/2021\/03\/Max-Fahlstrom-240x300.jpg 240w, https:\/\/media.proandpro.se\/2021\/03\/Max-Fahlstrom.jpg 400w\" sizes=\"(max-width: 300px) 100vw, 300px\" \/><\/strong><\/h4>\n<p><strong>Studerar: <\/strong>Tredje \u00e5ret p\u00e5 industriell\u00a0ekonomi vid Lule\u00e5 Tekniska Universitet<\/p>\n<p><strong>Tankar kring Bright Minds vid Pro&amp;Pro: <\/strong>Jag ser fram emot att utveckla mina kunskaper inom konsultyrket genom att tr\u00e4ffa andra likasinnade studenter och erfarna konsulter. Jag ser \u00e4ven fram emot att l\u00e4ra k\u00e4nna nya m\u00e4nniskor och att tillsammans ha riktigt roligt samtidigt som vi l\u00e4r oss.<\/p>\n<p><em><strong>N\u00e4r jag var liten ville jag bli:<\/strong><\/em> Superhj\u00e4lte, helst Batman.<\/p>\n<p><em><strong>Det h\u00e4r g\u00f6r jag n\u00e4r jag inte pluggar:<\/strong><\/em> Tr\u00e4nar eller \u00e4r med v\u00e4nner, antingen p\u00e5 eller utanf\u00f6r padel-banan.<\/p>\n<p><em><strong>Tre ord som beskriver mig:<\/strong><\/em><\/p>\n<ul>\n<li>Ambiti\u00f6s<\/li>\n<li>Analytisk<\/li>\n<li>Social<\/li>\n<\/ul>\n<h4><strong>Salla Isakas<img loading=\"lazy\" decoding=\"async\" class=\"alignright wp-image-7602\" src=\"https:\/\/media.proandpro.se\/2021\/03\/Sally-Isakas_ind-240x300.jpg\" alt=\"\" width=\"300\" height=\"375\" srcset=\"https:\/\/media.proandpro.se\/2021\/03\/Sally-Isakas_ind-240x300.jpg 240w, https:\/\/media.proandpro.se\/2021\/03\/Sally-Isakas_ind.jpg 400w\" sizes=\"(max-width: 300px) 100vw, 300px\" \/><\/strong><\/h4>\n<p><strong>Studerar:<\/strong> Industriell ekonomi, med inriktning mot datateknik, p\u00e5 KTH.<\/p>\n<p><strong>Tankar kring Bright Minds vid Pro&amp;Pro:<\/strong> Jag ser framf\u00f6rallt fram emot att f\u00e5 tr\u00e4ffa studenter fr\u00e5n andra delar av Sverige. Dessutom k\u00e4nns det roligt att f\u00e5 m\u00f6jligheten att utveckla mina kunskaper inom case-l\u00f6sning och f\u00e5 nya insikter om rollen som managementkonsult.<\/p>\n<p><strong>N\u00e4r jag var liten ville jag bli: <\/strong>F\u00f6r mig har det alltid k\u00e4nts viktigt att syssla med saker jag tycker om och drivs, vilket n\u00e4r jag var yngre innebar att jag bland annat ville bli florist.<\/p>\n<p><strong>Det h\u00e4r g\u00f6r jag n\u00e4r jag inte pluggar:\u00a0<\/strong>P\u00e5 fritiden s\u00e5 umg\u00e5s jag allra helst med v\u00e4nner, men tycker \u00e4ven om matlagning och tr\u00e4ning.<\/p>\n<p><strong>Tre ord som beskriver mig:<\/strong><\/p>\n<ul>\n<li>M\u00e5linriktad<\/li>\n<li>Inkluderande<\/li>\n<li>Nyfiken<\/li>\n<\/ul>\n<h4><strong>Sandra Hammarsten<img loading=\"lazy\" decoding=\"async\" class=\"alignright wp-image-7603\" src=\"https:\/\/media.proandpro.se\/2021\/03\/Sandra-Hammarsten_ind-240x300.jpg\" alt=\"\" width=\"300\" height=\"375\" srcset=\"https:\/\/media.proandpro.se\/2021\/03\/Sandra-Hammarsten_ind-240x300.jpg 240w, https:\/\/media.proandpro.se\/2021\/03\/Sandra-Hammarsten_ind.jpg 400w\" sizes=\"(max-width: 300px) 100vw, 300px\" \/><\/strong><\/h4>\n<p><strong>Tankar kring Bright Minds vid Pro&amp;Pro:<\/strong> Att bli en vass probleml\u00f6sare och att l\u00e4ra k\u00e4nna er p\u00e5 ProPro. Ser verkligen fram emot att se hur jag tillsammans med de andra deltagarna kommer utvecklas av Bright Minds<\/p>\n<p><strong>N\u00e4r jag var liten ville jag bli:<\/strong>\u00a0Jag var en s\u00e5dan som varje dag skiftade mellan dr\u00f6mmar. Jag ville bli allt m\u00f6jligt, det var alltifr\u00e5n friidrottare, veterin\u00e4r till arkitekt.<\/p>\n<p><strong>Det h\u00e4r g\u00f6r jag n\u00e4r jag inte pluggar:\u00a0<\/strong>Tr\u00e4nar och \u00e4r ute i naturen, m\u00e5lar eller umg\u00e5s med n\u00e4ra och k\u00e4ra!<\/p>\n<p><strong>Tre ord som beskriver mig:<\/strong><\/p>\n<ul>\n<li>M\u00e5linriktad<\/li>\n<li>Anpassningsbar<\/li>\n<li>Ut\u00e5triktad<\/li>\n<\/ul>\n<h4><strong>William Jonsson<img loading=\"lazy\" decoding=\"async\" class=\"alignright wp-image-7612\" src=\"https:\/\/media.proandpro.se\/2021\/03\/William-Jonsson-bild-240x300.jpg\" alt=\"\" width=\"300\" height=\"375\" srcset=\"https:\/\/media.proandpro.se\/2021\/03\/William-Jonsson-bild-240x300.jpg 240w, https:\/\/media.proandpro.se\/2021\/03\/William-Jonsson-bild.jpg 400w\" sizes=\"(max-width: 300px) 100vw, 300px\" \/><\/strong><\/h4>\n<p><strong>Studerar:<\/strong> B.Sc. Business and Economics (ekonomie kandidatprogrammet) p\u00e5 Ekonomih\u00f6gskolan vid Lunds universitet.<\/p>\n<p><strong>Tankar kring Bright Minds vid Pro&amp;Pro<\/strong>: Det jag ser fram mot med programmet \u00e4r att l\u00e4ra mig nya viktiga kunskaper och utveckla mina professionella f\u00e4rdigheter. Det ska dessutom bli roligt att tr\u00e4ffa andra ambiti\u00f6sa studenter samt att f\u00e5 m\u00f6jligheten till mentorskap av erfarna konsulter.<\/p>\n<p><strong>N\u00e4r jag var liten ville jag bli:<\/strong> Pilot<\/p>\n<p><strong>Det h\u00e4r g\u00f6r jag n\u00e4r jag inte pluggar:<\/strong> Umg\u00e5s med familj och v\u00e4nner, samt golf och segling.<\/p>\n<p><strong>Tre ord som beskriver mig:<\/strong><\/p>\n<ul>\n<li>Social<\/li>\n<li>M\u00e5linriktad<\/li>\n<li>Ansvarsfull<\/li>\n<\/ul>","protected":false},"excerpt":{"rendered":"<p>F\u00f6rsta g\u00e4nget studenter \u00e4ntrar nu nya f\u00e4rska Bright Minds &#8211; Pro&#038;Pro Student Program. Ett program som erbjuder ambiti\u00f6sa studenter m\u00f6jligheten att \u00f6ka sin n\u00e4ringslivserfarenhet, sin kompetens och personliga utveckling genom att l\u00f6sa framtidens odefinierade komplexa problem.<\/p>","protected":false},"author":1,"featured_media":7618,"comment_status":"closed","ping_status":"closed","sticky":false,"template":"","format":"standard","meta":{"_et_pb_use_builder":"","_et_pb_old_content":"","_et_gb_content_width":"","footnotes":""},"categories":[11],"tags":[],"class_list":["post-7596","post","type-post","status-publish","format-standard","has-post-thumbnail","hentry","category-nyheter"],"_links":{"self":[{"href":"https:\/\/proandpro.se\/en\/wp-json\/wp\/v2\/posts\/7596","targetHints":{"allow":["GET"]}}],"collection":[{"href":"https:\/\/proandpro.se\/en\/wp-json\/wp\/v2\/posts"}],"about":[{"href":"https:\/\/proandpro.se\/en\/wp-json\/wp\/v2\/types\/post"}],"author":[{"embeddable":true,"href":"https:\/\/proandpro.se\/en\/wp-json\/wp\/v2\/users\/1"}],"replies":[{"embeddable":true,"href":"https:\/\/proandpro.se\/en\/wp-json\/wp\/v2\/comments?post=7596"}],"version-history":[{"count":15,"href":"https:\/\/proandpro.se\/en\/wp-json\/wp\/v2\/posts\/7596\/revisions"}],"predecessor-version":[{"id":7621,"href":"https:\/\/proandpro.se\/en\/wp-json\/wp\/v2\/posts\/7596\/revisions\/7621"}],"wp:featuredmedia":[{"embeddable":true,"href":"https:\/\/proandpro.se\/en\/wp-json\/wp\/v2\/media\/7618"}],"wp:attachment":[{"href":"https:\/\/proandpro.se\/en\/wp-json\/wp\/v2\/media?parent=7596"}],"wp:term":[{"taxonomy":"category","embeddable":true,"href":"https:\/\/proandpro.se\/en\/wp-json\/wp\/v2\/categories?post=7596"},{"taxonomy":"post_tag","embeddable":true,"href":"https:\/\/proandpro.se\/en\/wp-json\/wp\/v2\/tags?post=7596"}],"curies":[{"name":"wp","href":"https:\/\/api.w.org\/{rel}","templated":true}]}}