{"id":7335,"date":"2020-11-19T21:19:06","date_gmt":"2020-11-19T21:19:06","guid":{"rendered":"http:\/\/proandpro.se\/?p=7335"},"modified":"2020-11-19T21:33:09","modified_gmt":"2020-11-19T21:33:09","slug":"traineeblogg-2-mitt-traineeprogram","status":"publish","type":"post","link":"https:\/\/proandpro.se\/en\/2020\/11\/19\/traineeblogg-2-mitt-traineeprogram\/","title":{"rendered":"Traineeblogg #2 &#8211; Mitt traineeprogram"},"content":{"rendered":"<h3>Mitt unika Traineeprogram<\/h3>\n<p>Min tid p\u00e5 Pro&amp;Pro flyger fram och i skrivande stund \u00e4r vi nu framme i m\u00e5nadsskiftet oktober\/november. Det har allts\u00e5 redan g\u00e5tt 2 m\u00e5nader sedan jag p\u00e5 riktigt b\u00f6rjade h\u00e4r. Sedan senast har det h\u00e4nt en del saker och Traineeprogrammet har tagit fart p\u00e5 riktigt. Det smarta och fantastiska med uppl\u00e4gget p\u00e5 Traineeprogrammet h\u00e4r p\u00e5 Pro&amp;Pro \u00e4r att jag parallellt \u00e4r med och deltar i flertalet projekt.<\/p>\n<p>Det som g\u00f6r att det fungerar s\u00e5 pass bra \u00e4r inte bara faktumet att dessa tv\u00e5 delar p\u00e5g\u00e5r parallellt utan att inneh\u00e5llet anpassas utefter de uppdragen som p\u00e5g\u00e5r. \u00c4r det ett projekt d\u00e4r intervjuer \u00e4r en del av datainsamlingen s\u00e5 anpassas Traineeprogrammet till det. Det g\u00f6r mitt Traineeprogram speciellt och unikt f\u00f6r just mig, d\u00e5 det anpassas efter mig och mina uppdrag p\u00e5 samma s\u00e4tt som det varit unikt f\u00f6r f\u00f6rg\u00e5ende och kommer vara unikt f\u00f6r n\u00e4stkommande Traineer.<\/p>\n<p>Just nu p\u00e5g\u00e5r blocket aff\u00e4rsm\u00e4ssighet som har kompletterats med en del omv\u00e4rldsanalys, d\u00e5 det beh\u00f6vdes f\u00f6r ett uppdrag. I blocket aff\u00e4rsm\u00e4ssighet ing\u00e5r flertalet punkter och det r\u00f6r sig bland annat om framg\u00e5ngsrika m\u00f6ten, aff\u00e4rsm\u00e4ssighet och presentationsteknik. Blocket aff\u00e4rsm\u00e4ssighet \u00e4r det f\u00f6rsta blocket av den enkla anledningen att det bildar grundstenen f\u00f6r resten av karri\u00e4ren som managementkonsult. N\u00e4r jag bem\u00e4strar m\u00f6ten, PowerPoint och presentationer har jag m\u00f6jligheten att forts\u00e4tta utvecklas f\u00f6r att sedan bli framg\u00e5ngsrik i min karri\u00e4r. N\u00e4sta del av Traineeprogrammet kommer innefatta strategier och aff\u00e4rsutveckling, vilket ska bli v\u00e4ldigt sp\u00e4nnande och intressant.<\/p>\n<p>Sedan jag senast skrev har arbetet g\u00e5tt fram\u00e5t och jag har f\u00e5tt prova p\u00e5 nya moment. Till exempel har jag f\u00e5tt vara med och h\u00e5lla i en Workshop, vilket var roligt och l\u00e4rorikt. I och med pandemins grepp om v\u00e4rlden s\u00e5 skedde den p\u00e5 distans via Zoom. Att leda presentationer, workshops och m\u00f6ten digitalt \u00e4r n\u00e5got som blivit en del av och underl\u00e4ttar vardagen och som kommer forts\u00e4tta vara en del av arbetslivet. Sj\u00e4lva workshopen gick bra, jag och Daniel som h\u00f6ll den ihop v\u00e4xlade mellan Zoom och ett verktyg som heter Mural. Vilket som kort kan beskrivas som en whiteboardtavla online d\u00e4r alla deltagare kan editera samtidigt och post-it-lappar kan s\u00e4ttas upp. Det \u00e4r h\u00e4ftigt att det g\u00e5r att g\u00f6ra saker p\u00e5 distans vilket m\u00f6jligg\u00f6r att arbete kan fortg\u00e5 trots stor distans mellan parter och resandet sker mindre ofta och \u00e4r mer planerat.<\/p>\n<p>F\u00f6rutom att arbeta externt och med Traineeprogrammet s\u00e5 har vi internt haft en strategieftermiddag p\u00e5 Pro&amp;Pro. Det innebar att vi diskuterade framtida tankar kring f\u00f6retaget och f\u00f6r mig som Trainee k\u00e4ndes det v\u00e4ldigt h\u00e4ftigt och l\u00e4rorikt. Jag tror att det \u00e4r unikt att jag som Trainee f\u00e5r vara med de mer seniora och diskutera och f\u00e5 min r\u00f6st h\u00f6rd kring Pro&amp;Pro och dess framtid. Den positiva k\u00e4nsla som jag fick av denna eftermiddag och det h\u00e4ftiga i att kunna vara med och p\u00e5verka f\u00e5r avsluta detta blogginl\u00e4gg.<\/p>\n<p>P\u00e5 \u00e5terseende<\/p>\n<p>Viktor Pettersson<\/p>","protected":false},"excerpt":{"rendered":"<p>Min tid p\u00e5 Pro&#038;Pro flyger fram och i skrivande stund \u00e4r vi nu framme i m\u00e5nadsskiftet oktober\/november. Det har allts\u00e5 redan g\u00e5tt 2 m\u00e5nader sedan jag p\u00e5 riktigt b\u00f6rjade h\u00e4r.<\/p>","protected":false},"author":1,"featured_media":7342,"comment_status":"closed","ping_status":"closed","sticky":false,"template":"","format":"standard","meta":{"_et_pb_use_builder":"","_et_pb_old_content":"","_et_gb_content_width":"","footnotes":""},"categories":[33],"tags":[],"class_list":["post-7335","post","type-post","status-publish","format-standard","has-post-thumbnail","hentry","category-www-proandpro-seprobloggen"],"_links":{"self":[{"href":"https:\/\/proandpro.se\/en\/wp-json\/wp\/v2\/posts\/7335","targetHints":{"allow":["GET"]}}],"collection":[{"href":"https:\/\/proandpro.se\/en\/wp-json\/wp\/v2\/posts"}],"about":[{"href":"https:\/\/proandpro.se\/en\/wp-json\/wp\/v2\/types\/post"}],"author":[{"embeddable":true,"href":"https:\/\/proandpro.se\/en\/wp-json\/wp\/v2\/users\/1"}],"replies":[{"embeddable":true,"href":"https:\/\/proandpro.se\/en\/wp-json\/wp\/v2\/comments?post=7335"}],"version-history":[{"count":5,"href":"https:\/\/proandpro.se\/en\/wp-json\/wp\/v2\/posts\/7335\/revisions"}],"predecessor-version":[{"id":7343,"href":"https:\/\/proandpro.se\/en\/wp-json\/wp\/v2\/posts\/7335\/revisions\/7343"}],"wp:featuredmedia":[{"embeddable":true,"href":"https:\/\/proandpro.se\/en\/wp-json\/wp\/v2\/media\/7342"}],"wp:attachment":[{"href":"https:\/\/proandpro.se\/en\/wp-json\/wp\/v2\/media?parent=7335"}],"wp:term":[{"taxonomy":"category","embeddable":true,"href":"https:\/\/proandpro.se\/en\/wp-json\/wp\/v2\/categories?post=7335"},{"taxonomy":"post_tag","embeddable":true,"href":"https:\/\/proandpro.se\/en\/wp-json\/wp\/v2\/tags?post=7335"}],"curies":[{"name":"wp","href":"https:\/\/api.w.org\/{rel}","templated":true}]}}