{"id":7296,"date":"2020-10-31T20:01:10","date_gmt":"2020-10-31T20:01:10","guid":{"rendered":"http:\/\/proandpro.se\/?p=7296"},"modified":"2020-11-01T21:10:45","modified_gmt":"2020-11-01T21:10:45","slug":"valkommen-helena","status":"publish","type":"post","link":"https:\/\/proandpro.se\/en\/2020\/10\/31\/valkommen-helena\/","title":{"rendered":"V\u00e4lkommen Helena"},"content":{"rendered":"<p>Vi har n\u00f6jet att v\u00e4lkomna Helena Axelsson till oss p\u00e5 Pro&amp;Pro med start den 2 november. Helena kommer att st\u00e4rka upp v\u00e5rt erbjudande inom verksamhetsutveckling och f\u00f6r\u00e4ndringsledning, som konsult och r\u00e5dgivare med fokus p\u00e5 organisationskultur och employer branding. Vi ser ett attraktivt arbetsgivarvarum\u00e4rke som en viktig komponent i ett f\u00f6retags strategi och Helenas erfarenhet av arbeta strategiskt med organisationskultur och emloyer branding, kommer att komplettera v\u00e5rt erbjudande v\u00e4l, s\u00e4ger VD Tommy Ytterstr\u00f6m.<\/p>\n<p>Helena \u00e4r f\u00f6re detta G\u00f6teborgare och nyinflyttad Sundsvallsbo. Hon \u00e4r civilekonom fr\u00e5n Handelsh\u00f6gskolan i G\u00f6teborg, med examen i Supply Chain Management och Management av Tillv\u00e4xtbolag. Hon har under sitt arbetsliv arbetat bland annat som verksamhets- och processutvecklare och som operativ chef och f\u00f6r\u00e4ndringsledare. Nu senast kommer hon fr\u00e5n en tj\u00e4nst som People and Culture specialist p\u00e5 B3 Consulting Group, d\u00e4r har hon arbetat som chefsst\u00f6d p\u00e5 koncernniv\u00e5, med fr\u00e5gor kring bland annat employer branding och organisationskultur.<\/p>\n<p>Helena \u00e4r en entusiastisk och driven person som \u00e4r m\u00e5n om att g\u00f6ra positiva avtryck hos sin omgivning, b\u00e5de hos sina kollegor, kunder och i samh\u00e4llet i stort. F\u00f6r henne \u00e4r det viktigt att b\u00e5de hj\u00e4rta och hj\u00e4rna \u00e4r med och hon brinner f\u00f6r att skapa h\u00e5llbara, v\u00e4rdefulla resultat &#8211; med fokus p\u00e5 b\u00e5de m\u00e4nniskan och aff\u00e4ren!<\/p>\n<p>Privat \u00e4r Helena en h\u00e4ngiven husrenoverare som inte backar f\u00f6r en stor utmaning. Hon bor i Junisk\u00e4r med sin sambo, tre bonusbarn och tv\u00e5 sm\u00e5 taxar. N\u00e4r hon inte kaklar badrum trivs hon b\u00e4st p\u00e5 resande fot, men njuter ocks\u00e5 av ett spinningpass p\u00e5 gymmet eller en l\u00e5ngpromenad i den fantastiska norrl\u00e4ndska naturen.<\/p>\n<p><a href=\"http:\/\/proandpro.se\/en\/helena-axelsson\/\">L\u00e4s mer om Helena h\u00e4r<\/a><\/p>","protected":false},"excerpt":{"rendered":"<p>Vi har n\u00f6jet att v\u00e4lkomna Helena Axelsson till oss p\u00e5 Pro&#038;Pro med start den 2 november. Helena kommer att st\u00e4rka upp v\u00e5rt erbjudande inom verksamhetsutveckling och f\u00f6r\u00e4ndringsledning.<\/p>","protected":false},"author":1,"featured_media":7298,"comment_status":"closed","ping_status":"closed","sticky":false,"template":"","format":"standard","meta":{"_et_pb_use_builder":"off","_et_pb_old_content":"","_et_gb_content_width":"","footnotes":""},"categories":[11],"tags":[],"class_list":["post-7296","post","type-post","status-publish","format-standard","has-post-thumbnail","hentry","category-nyheter"],"_links":{"self":[{"href":"https:\/\/proandpro.se\/en\/wp-json\/wp\/v2\/posts\/7296","targetHints":{"allow":["GET"]}}],"collection":[{"href":"https:\/\/proandpro.se\/en\/wp-json\/wp\/v2\/posts"}],"about":[{"href":"https:\/\/proandpro.se\/en\/wp-json\/wp\/v2\/types\/post"}],"author":[{"embeddable":true,"href":"https:\/\/proandpro.se\/en\/wp-json\/wp\/v2\/users\/1"}],"replies":[{"embeddable":true,"href":"https:\/\/proandpro.se\/en\/wp-json\/wp\/v2\/comments?post=7296"}],"version-history":[{"count":3,"href":"https:\/\/proandpro.se\/en\/wp-json\/wp\/v2\/posts\/7296\/revisions"}],"predecessor-version":[{"id":7305,"href":"https:\/\/proandpro.se\/en\/wp-json\/wp\/v2\/posts\/7296\/revisions\/7305"}],"wp:featuredmedia":[{"embeddable":true,"href":"https:\/\/proandpro.se\/en\/wp-json\/wp\/v2\/media\/7298"}],"wp:attachment":[{"href":"https:\/\/proandpro.se\/en\/wp-json\/wp\/v2\/media?parent=7296"}],"wp:term":[{"taxonomy":"category","embeddable":true,"href":"https:\/\/proandpro.se\/en\/wp-json\/wp\/v2\/categories?post=7296"},{"taxonomy":"post_tag","embeddable":true,"href":"https:\/\/proandpro.se\/en\/wp-json\/wp\/v2\/tags?post=7296"}],"curies":[{"name":"wp","href":"https:\/\/api.w.org\/{rel}","templated":true}]}}