{"id":7216,"date":"2020-10-16T07:52:38","date_gmt":"2020-10-16T07:52:38","guid":{"rendered":"http:\/\/proandpro.se\/?p=7216"},"modified":"2020-10-16T08:04:23","modified_gmt":"2020-10-16T08:04:23","slug":"gasell-foretag-2020","status":"publish","type":"post","link":"https:\/\/proandpro.se\/en\/2020\/10\/16\/gasell-foretag-2020\/","title":{"rendered":"Pro&#038;Pro ett av V\u00e4sternorrlands Gasellf\u00f6retag 2020!"},"content":{"rendered":"<p>Vi \u00e4r mycket glada och stolta \u00f6ver att vara ett av 21 f\u00f6retag i V\u00e4sternorrland som f\u00e5r utm\u00e4rkelsen Gasellf\u00f6retag 2020. Bland gasellerna i V\u00e4sternorrland hamnar vi p\u00e5 sj\u00e4tteplats och f\u00f6rsta plats i Sundsvalls kommun.<\/p>\n<p>Grunden till att utveckla Pro&amp;Pro med l\u00f6nsam tillv\u00e4xt \u00e4r ambiti\u00f6sa och passionerade medarbetare som med nyfikenhet och \u00f6dmjukhet drivs av att leverera v\u00e4rde till kunder och tillsammans utveckla f\u00f6retaget. F\u00f6r l\u00e5ngsiktig h\u00e5llbar utveckling har vi sedan starten 2013 sett vikten av att uth\u00e5lligt prioritera strategiskt och framtidsinriktat arbete. Vi \u00e4r sj\u00e4lvklart mycket tacksamma f\u00f6r f\u00f6rtroendet fr\u00e5n v\u00e5ra kunder och att f\u00e5 vara med p\u00e5 resan mot deras m\u00e5l och visioner. Det \u00e4r med stolthet vi konstaterar att vi f\u00e5r arbeta med st\u00f6rre f\u00f6retag och organisationer likv\u00e4l som startups och mindre f\u00f6retag i deras utveckling att bli h\u00e5llbart framg\u00e5ngsrika. Tack f\u00f6r det f\u00f6rtroendet!<\/p>\n<p><strong>Kort fakta om DI Gasell<\/strong><\/p>\n<p>Gasellunders\u00f6kningen rankar Sveriges mest framg\u00e5ngsrika f\u00f6retag i 21 l\u00e4n. Unders\u00f6kningen bygger p\u00e5 f\u00f6retagets fyra senaste \u00e5rsredovisningar. Mindre \u00e4n 1 procent av Sveriges aktiebolag uppfyller kraven f\u00f6r att f\u00e5 kallas Gasellf\u00f6retag.\u00a0\u00a0Dagens industri, DI, utser de snabbast v\u00e4xande f\u00f6retagen i Sverige till Gasellf\u00f6retag. DI har gjort det sedan \u00e5r 2000.<\/p>\n<p>Ett Gasellf\u00f6retag har:<\/p>\n<ul>\n<li>En nettooms\u00e4ttning som \u00f6verstiger 10 miljoner kronor, enligt den senaste \u00e5rsredovisningen.<\/li>\n<li>Minst tio anst\u00e4llda, enligt den senaste \u00e5rsredovisningen.<\/li>\n<li>Minst f\u00f6rdubblat sin oms\u00e4ttning, om man j\u00e4mf\u00f6r det f\u00f6rsta och det senaste r\u00e4kenskaps\u00e5ret i den fyra\u00e5riga unders\u00f6kningsperioden.<\/li>\n<li>\u00d6kat sin oms\u00e4ttning varje \u00e5r de senaste tre \u00e5ren.<\/li>\n<li>Ett positivt samlat r\u00f6relseresultat f\u00f6r de fyra senaste r\u00e4kenskaps\u00e5ren.<\/li>\n<li>I allt v\u00e4sentligt vuxit organiskt, inte genom f\u00f6rv\u00e4rv eller fusioner.<\/li>\n<li>Sunda finanser.<\/li>\n<\/ul>\n<p>Prisutdelning f\u00f6r V\u00e4sternorrland, J\u00e4mtland, V\u00e4sterbotten och Norrbotten genomf\u00f6rdes i R\u00e5dhuset i Ume\u00e5.<\/p>","protected":false},"excerpt":{"rendered":"<p>Vi \u00e4r mycket glada och stolta \u00f6ver att vara ett av 21 f\u00f6retag i V\u00e4sternorrland som f\u00e5r utm\u00e4rkelsen Gasellf\u00f6retag 2020.<\/p>","protected":false},"author":1,"featured_media":7223,"comment_status":"closed","ping_status":"closed","sticky":false,"template":"","format":"standard","meta":{"_et_pb_use_builder":"","_et_pb_old_content":"","_et_gb_content_width":"","footnotes":""},"categories":[11],"tags":[],"class_list":["post-7216","post","type-post","status-publish","format-standard","has-post-thumbnail","hentry","category-nyheter"],"_links":{"self":[{"href":"https:\/\/proandpro.se\/en\/wp-json\/wp\/v2\/posts\/7216","targetHints":{"allow":["GET"]}}],"collection":[{"href":"https:\/\/proandpro.se\/en\/wp-json\/wp\/v2\/posts"}],"about":[{"href":"https:\/\/proandpro.se\/en\/wp-json\/wp\/v2\/types\/post"}],"author":[{"embeddable":true,"href":"https:\/\/proandpro.se\/en\/wp-json\/wp\/v2\/users\/1"}],"replies":[{"embeddable":true,"href":"https:\/\/proandpro.se\/en\/wp-json\/wp\/v2\/comments?post=7216"}],"version-history":[{"count":4,"href":"https:\/\/proandpro.se\/en\/wp-json\/wp\/v2\/posts\/7216\/revisions"}],"predecessor-version":[{"id":7221,"href":"https:\/\/proandpro.se\/en\/wp-json\/wp\/v2\/posts\/7216\/revisions\/7221"}],"wp:featuredmedia":[{"embeddable":true,"href":"https:\/\/proandpro.se\/en\/wp-json\/wp\/v2\/media\/7223"}],"wp:attachment":[{"href":"https:\/\/proandpro.se\/en\/wp-json\/wp\/v2\/media?parent=7216"}],"wp:term":[{"taxonomy":"category","embeddable":true,"href":"https:\/\/proandpro.se\/en\/wp-json\/wp\/v2\/categories?post=7216"},{"taxonomy":"post_tag","embeddable":true,"href":"https:\/\/proandpro.se\/en\/wp-json\/wp\/v2\/tags?post=7216"}],"curies":[{"name":"wp","href":"https:\/\/api.w.org\/{rel}","templated":true}]}}