{"id":6540,"date":"2019-12-19T17:32:43","date_gmt":"2019-12-19T17:32:43","guid":{"rendered":"http:\/\/proandpro.se\/?p=6540"},"modified":"2020-01-19T16:41:52","modified_gmt":"2020-01-19T16:41:52","slug":"traineebloggen-5-examen","status":"publish","type":"post","link":"https:\/\/proandpro.se\/en\/2019\/12\/19\/traineebloggen-5-examen\/","title":{"rendered":"Traineebloggen #5 Examen!"},"content":{"rendered":"<p>Tiden g\u00e5r fort n\u00e4r man har roligt och det har st\u00e4mt till 100% procent det senaste \u00e5ret, vilket \u00e5r! Vid en snabb reflektion k\u00e4nns det m\u00e4rkligt att ett \u00e5r kan g\u00e5 s\u00e5 snabbt. Att b\u00f6rja p\u00e5 ett nytt jobb \u00e4r en resa, en resa i att utvecklas, bli bekv\u00e4m i rollen som konsult, st\u00e4ndigt \u00f6vas i probleml\u00f6sning och metoder f\u00f6r att p\u00e5 ett effektivt s\u00e4tt kunna hj\u00e4lpa v\u00e5ra kunder. Men ocks\u00e5 i att utvecklas som person och f\u00f6rs\u00f6ka en omvandla en bred utbildning inom civilingenj\u00f6r industriell ekonomi till att p\u00e5 riktigt skapa v\u00e4rde f\u00f6r v\u00e5ra kunder tillf\u00f6ra energi och f\u00f6rm\u00e5gor i de projekt vi deltar i.<\/p>\n<p>Traineeprogrammet \u00e4r skapat f\u00f6r att st\u00f6dja Pro&amp;Pros varum\u00e4rkesl\u00f6fte, \u201dMakes people and business successful\u201d. Vi \u00e4r passionerade av att se m\u00e4nniskor lyckas och f\u00f6retag utvecklas och f\u00f6r oss \u00e4r det sj\u00e4lvklart att utveckla unga och ambiti\u00f6sa individer till framg\u00e5ngsrika karri\u00e4rer. P\u00e5 s\u00e5 s\u00e4tt ges individen b\u00e4sta f\u00f6ruts\u00e4ttningar och v\u00e5rt f\u00f6retag s\u00e4krar en h\u00f6g niv\u00e5 i leveranser.<\/p>\n<p>M\u00e5let f\u00f6r traineeprogrammet \u00e4r att passionerat utveckla traineen till en managementkonsult med kunskap om teorier, modeller, arbetss\u00e4tt samt f\u00f6rh\u00e5llningss\u00e4tt f\u00f6r att kunna utveckla kunders aff\u00e4r och verksamhet till n\u00e4sta niv\u00e5. Det ska ocks\u00e5 ge en plattform f\u00f6r att utvecklas till spetskonsult inom valt omr\u00e5de och m\u00f6jligg\u00f6ra en h\u00e5llbar framg\u00e5ngsrik karri\u00e4r som konsult eller linjechef.<\/p>\n<p>Jag k\u00e4nner att traineeprogrammet var ett otroligt bra val och en bra spr\u00e5ngbr\u00e4da fr\u00e5n studentlivet ut i arbetslivet. Genom Pro&amp;Pros traineeprogram har jag l\u00e4rt mig att p\u00e5 ett b\u00e4ttre s\u00e4tt hitta mina styrkor och utvecklingsomr\u00e5den samt \u00f6vat mig i probleml\u00f6sning i interna och externa case. Traineeprogrammet \u00e4r designat f\u00f6r att nyblivna konsulter p\u00e5 ett framg\u00e5ngsrikt s\u00e4tt ska l\u00e4ra sig att arbeta som konsult och komma in i rollen att bli riktigt duktig p\u00e5 att l\u00f6sa r\u00e4tt problem f\u00f6r kunden.<\/p>\n<p>Jag rekommenderar alla att s\u00f6ka!<\/p>\n<p>&nbsp;<\/p>\n<p><a href=\"https:\/\/media.proandpro.se\/2019\/12\/Trainn.png\"><img loading=\"lazy\" decoding=\"async\" class=\"alignnone size-medium wp-image-6542\" src=\"https:\/\/media.proandpro.se\/2019\/12\/Trainn-205x300.png\" alt=\"\" width=\"205\" height=\"300\" srcset=\"https:\/\/media.proandpro.se\/2019\/12\/Trainn-205x300.png 205w, https:\/\/media.proandpro.se\/2019\/12\/Trainn.png 376w\" sizes=\"(max-width: 205px) 100vw, 205px\" \/><\/a><\/p>","protected":false},"excerpt":{"rendered":"<p>Att b\u00f6rja p\u00e5 ett nytt jobb \u00e4r en resa, en resa i att utvecklas, bli bekv\u00e4m i rollen som konsult, st\u00e4ndigt \u00f6vas i probleml\u00f6sning och metoder f\u00f6r att p\u00e5 ett effektivt s\u00e4tt kunna hj\u00e4lpa v\u00e5ra kunder. <\/p>","protected":false},"author":11,"featured_media":6543,"comment_status":"closed","ping_status":"closed","sticky":false,"template":"","format":"standard","meta":{"_et_pb_use_builder":"","_et_pb_old_content":"","_et_gb_content_width":"","footnotes":""},"categories":[11,33],"tags":[],"class_list":["post-6540","post","type-post","status-publish","format-standard","has-post-thumbnail","hentry","category-nyheter","category-www-proandpro-seprobloggen"],"_links":{"self":[{"href":"https:\/\/proandpro.se\/en\/wp-json\/wp\/v2\/posts\/6540","targetHints":{"allow":["GET"]}}],"collection":[{"href":"https:\/\/proandpro.se\/en\/wp-json\/wp\/v2\/posts"}],"about":[{"href":"https:\/\/proandpro.se\/en\/wp-json\/wp\/v2\/types\/post"}],"author":[{"embeddable":true,"href":"https:\/\/proandpro.se\/en\/wp-json\/wp\/v2\/users\/11"}],"replies":[{"embeddable":true,"href":"https:\/\/proandpro.se\/en\/wp-json\/wp\/v2\/comments?post=6540"}],"version-history":[{"count":4,"href":"https:\/\/proandpro.se\/en\/wp-json\/wp\/v2\/posts\/6540\/revisions"}],"predecessor-version":[{"id":6659,"href":"https:\/\/proandpro.se\/en\/wp-json\/wp\/v2\/posts\/6540\/revisions\/6659"}],"wp:featuredmedia":[{"embeddable":true,"href":"https:\/\/proandpro.se\/en\/wp-json\/wp\/v2\/media\/6543"}],"wp:attachment":[{"href":"https:\/\/proandpro.se\/en\/wp-json\/wp\/v2\/media?parent=6540"}],"wp:term":[{"taxonomy":"category","embeddable":true,"href":"https:\/\/proandpro.se\/en\/wp-json\/wp\/v2\/categories?post=6540"},{"taxonomy":"post_tag","embeddable":true,"href":"https:\/\/proandpro.se\/en\/wp-json\/wp\/v2\/tags?post=6540"}],"curies":[{"name":"wp","href":"https:\/\/api.w.org\/{rel}","templated":true}]}}