{"id":6400,"date":"2019-10-18T11:10:57","date_gmt":"2019-10-18T11:10:57","guid":{"rendered":"http:\/\/proandpro.se\/?p=6400"},"modified":"2019-10-19T09:42:10","modified_gmt":"2019-10-19T09:42:10","slug":"stolt-sponsor-pa-science-innovation-days","status":"publish","type":"post","link":"https:\/\/proandpro.se\/en\/2019\/10\/18\/stolt-sponsor-pa-science-innovation-days\/","title":{"rendered":"Stolt sponsor p\u00e5 Science &#038; Innovation Days"},"content":{"rendered":"<p>Pro&amp;Pro deltog som stolt sponsor och partner p\u00e5 \u00e5rets stora forsknings och innovationskonferens, Science &amp; Innovation Days. P\u00e5 bilden syns fr\u00e5n v\u00e4nster Mikael Augustsson, Linn Madsen och Mats Fahlander, alla fr\u00e5n Pro&amp;Pro. Det \u00e4r sp\u00e4nnande och intressant att vara med p\u00e5 SID d\u00e5 den ger oss v\u00e4rdefulla insikter om ny teknologi och de senaste trenderna ber\u00e4ttar Mikael Augustsson, managementkonsult p\u00e5 Pro&amp;Pro. Bland talarna p\u00e5 \u00e5rets konferens vill vi n\u00e4mna Johanna Reimers som presenterade hur AI kan anv\u00e4ndas f\u00f6r att skapa nya tj\u00e4nster, Gustav Stenbeck ber\u00e4ttade om m\u00f6tet mellan h\u00e5llbarhet och l\u00f6nsamma aff\u00e4rer samt Norah Klintberg Sakal som presenterade praktiska och roliga till\u00e4mpningar p\u00e5 AI. Extra intressant var \u00e5rets tema med AI eftersom vi ser ett \u00f6kat intresse hos v\u00e5ra kunder f\u00f6r att \u00f6ka kompetensen inom AI och b\u00f6rja anv\u00e4nda m\u00f6jligheterna som skapas i verksamheten.<\/p>\n<p>P\u00e5 de parallella sessionerna som genomf\u00f6rs p\u00e5 eftermiddagen kan n\u00e4mnas en av v\u00e5ra kunder och samarbetspartner 2D fab som presenterade hur det Grafen som de tillverkar kommer kunna skapa helt nya material. Intressanta prestationer h\u00f6lls ocks\u00e5 p\u00e5 temana framtidens gr\u00f6na energisystem, framtidens industri, Food Tech satsningen i H\u00e4rn\u00f6sand, nya aff\u00e4rsmodeller med IoT, h\u00e5llbara st\u00e4der och den stora forskningssatsningen p\u00e5 milj\u00f6\u00f6vervakning.<\/p>\n<p>Vi ser verkligen fram emot n\u00e4sta \u00e5rs konferens och hoppas att vi syns d\u00e4r d\u00e5.<\/p>\n<p>L\u00e4s mer om \u00e5rets Science &amp; innovation Days h\u00e4r. Det \u00e4r ocks\u00e5 m\u00f6jligt att lyssna p\u00e5 flera av f\u00f6rel\u00e4sningarna i efterhand.<\/p>\n<p><a href=\"https:\/\/www.scienceandinnovationday.se\/\">www.scienceandinnovationday.se\/<\/a><\/p>\n<p>&nbsp;<\/p>","protected":false},"excerpt":{"rendered":"<p>Pro&#038;Pro deltog som stolt sponsor och partner p\u00e5 \u00e5rets stora forsknings och innovationskonferens, Science &#038; Innovation Days.<\/p>","protected":false},"author":1,"featured_media":6401,"comment_status":"closed","ping_status":"closed","sticky":false,"template":"","format":"standard","meta":{"_et_pb_use_builder":"","_et_pb_old_content":"","_et_gb_content_width":"","footnotes":""},"categories":[11],"tags":[],"class_list":["post-6400","post","type-post","status-publish","format-standard","has-post-thumbnail","hentry","category-nyheter"],"_links":{"self":[{"href":"https:\/\/proandpro.se\/en\/wp-json\/wp\/v2\/posts\/6400","targetHints":{"allow":["GET"]}}],"collection":[{"href":"https:\/\/proandpro.se\/en\/wp-json\/wp\/v2\/posts"}],"about":[{"href":"https:\/\/proandpro.se\/en\/wp-json\/wp\/v2\/types\/post"}],"author":[{"embeddable":true,"href":"https:\/\/proandpro.se\/en\/wp-json\/wp\/v2\/users\/1"}],"replies":[{"embeddable":true,"href":"https:\/\/proandpro.se\/en\/wp-json\/wp\/v2\/comments?post=6400"}],"version-history":[{"count":6,"href":"https:\/\/proandpro.se\/en\/wp-json\/wp\/v2\/posts\/6400\/revisions"}],"predecessor-version":[{"id":6403,"href":"https:\/\/proandpro.se\/en\/wp-json\/wp\/v2\/posts\/6400\/revisions\/6403"}],"wp:featuredmedia":[{"embeddable":true,"href":"https:\/\/proandpro.se\/en\/wp-json\/wp\/v2\/media\/6401"}],"wp:attachment":[{"href":"https:\/\/proandpro.se\/en\/wp-json\/wp\/v2\/media?parent=6400"}],"wp:term":[{"taxonomy":"category","embeddable":true,"href":"https:\/\/proandpro.se\/en\/wp-json\/wp\/v2\/categories?post=6400"},{"taxonomy":"post_tag","embeddable":true,"href":"https:\/\/proandpro.se\/en\/wp-json\/wp\/v2\/tags?post=6400"}],"curies":[{"name":"wp","href":"https:\/\/api.w.org\/{rel}","templated":true}]}}