{"id":6337,"date":"2019-09-30T11:37:29","date_gmt":"2019-09-30T11:37:29","guid":{"rendered":"http:\/\/proandpro.se\/?p=6337"},"modified":"2019-09-30T11:42:32","modified_gmt":"2019-09-30T11:42:32","slug":"traineebloggen-4-affarsutveckling-omvarldsanalys-och-sundsvall-business-awards","status":"publish","type":"post","link":"https:\/\/proandpro.se\/en\/2019\/09\/30\/traineebloggen-4-affarsutveckling-omvarldsanalys-och-sundsvall-business-awards\/","title":{"rendered":"Traineebloggen #4 \u2013 Aff\u00e4rsutveckling, omv\u00e4rldsanalys och Sundsvall Business Awards"},"content":{"rendered":"<p>Fotograf: P\u00e4r Olert<\/p>\n<p><strong>Sundsvall Business Awards<\/strong><\/p>\n<p>Den 19\/9 var g\u00e4nget fr\u00e5n Pro&amp;Pro p\u00e5 Sundsvall Business Awards. Superkul att g\u00e5 p\u00e5 gala och vilken fantastisk kv\u00e4ll det blev!<\/p>\n<p>&nbsp;<\/p>\n<p><strong>Aff\u00e4rsutveckling \u2013 F\u00f6rm\u00e5ga att skapa processer <\/strong><\/p>\n<p>I traineeprogrammet \u00e4r nu blocket om aff\u00e4rsutveckling klart med m\u00e5nga sp\u00e4nnande insikter och funderingar. I rollen som aff\u00e4rsutvecklare finns det m\u00e5nga aspekter att hantera, rollen bygger till stor del p\u00e5 att identifiera kundbehov och identifiera vilka aspekter ett f\u00f6retag b\u00f6r hantera f\u00f6r att utveckla sin aff\u00e4r men ocks\u00e5 att st\u00e4lla r\u00e4tt fr\u00e5gor till den egna organisationen.<\/p>\n<p>Lite f\u00f6renklat kan man p\u00e5st\u00e5 att aff\u00e4rsutvecklingen handlar om att svara p\u00e5 fr\u00e5gorna:<\/p>\n<ul>\n<li>Vilken produkt och\/eller tj\u00e4nst vill vi s\u00e4lja?<\/li>\n<li>Vilket erbjudande vill vi leverera till kunderna?<\/li>\n<li>Vilket behov har kunderna idag?<\/li>\n<li>Hur v\u00e4l matchar v\u00e5rt erbjudande kundernas behov?<\/li>\n<li>Vilka f\u00f6rm\u00e5gor och kompetenser har vi idag f\u00f6r att leverera erbjudandet?<a href=\"https:\/\/media.proandpro.se\/2019\/09\/Kundlivscykel-1.jpg\"><img loading=\"lazy\" decoding=\"async\" class=\"size-medium wp-image-6342 alignright\" src=\"https:\/\/media.proandpro.se\/2019\/09\/Kundlivscykel-1-300x224.jpg\" alt=\"\" width=\"300\" height=\"224\" \/><\/a><\/li>\n<\/ul>\n<p>Som en del i detta b\u00f6r man exempelvis kunna hantera processerna:<\/p>\n<ul>\n<li>Kundlivscykel<\/li>\n<li>Erbjudandeutveckling<\/li>\n<li>Identifiering av kundbehov<\/li>\n<li>Marknadsf\u00f6ring<\/li>\n<li>Varum\u00e4rkeshantering<\/li>\n<li>Produktledning<\/li>\n<li>Segmentering<\/li>\n<\/ul>\n<p>Att utveckla ett f\u00f6retags aff\u00e4r kan allts\u00e5 vara en mycket omfattande process som inneh\u00e5ller m\u00e5nga viktiga delar. Som tur var \u00e4r v\u00e5rt traineeprogram designat f\u00f6r att ge god \u00f6vning i de viktiga best\u00e5ndsdelarna. Rom byggdes inte p\u00e5 en dag!<\/p>\n<p><strong>Omv\u00e4rldsanalys \u2013 med kundnytta i fokus<a href=\"https:\/\/media.proandpro.se\/2019\/09\/PESTEL-1.jpg\"><img loading=\"lazy\" decoding=\"async\" class=\"size-medium wp-image-6346 alignright\" src=\"https:\/\/media.proandpro.se\/2019\/09\/PESTEL-1-300x276.jpg\" alt=\"\" width=\"300\" height=\"276\" \/><\/a><\/strong><\/p>\n<p>Pro&amp;Pros traineeprogram \u00e4r uppbyggt p\u00e5 en blandning av teori och praktik, vilket realiseras genom undervisning och interna uppdrag samt uppdrag mot kund. I mina uppdrag mot kunder har omv\u00e4rldsanalys varit en intressant erfarenhet. Omv\u00e4rldsanalys \u00e4r ett omr\u00e5de som vi ofta arbetar med och d\u00e4r Pro&amp;Pro besitter god kunskap och erfarenhet. Till stor del anv\u00e4nder vi klassiska verktyg s\u00e5som PESTEL- och SWOT-analys. Men ocks\u00e5 ett kundfokus d\u00e4r vi dels f\u00f6rs\u00f6ker kartl\u00e4gga omv\u00e4rlden dels identifiera viktiga trender och faktorer som kan komma kunden till nytta.<\/p>\n<p>&nbsp;<\/p>\n<p>&nbsp;<\/p>\n<p>&nbsp;<\/p>","protected":false},"excerpt":{"rendered":"<p>Fotograf: P\u00e4r Olert Sundsvall Business Awards Den 19\/9 var g\u00e4nget fr\u00e5n Pro&amp;Pro p\u00e5 Sundsvall Business Awards. Superkul att g\u00e5 p\u00e5 gala och vilken fantastisk kv\u00e4ll det blev! &nbsp; Aff\u00e4rsutveckling \u2013 F\u00f6rm\u00e5ga att skapa processer I traineeprogrammet \u00e4r nu blocket om aff\u00e4rsutveckling klart med m\u00e5nga sp\u00e4nnande insikter och funderingar. I rollen som aff\u00e4rsutvecklare finns det m\u00e5nga [&hellip;]<\/p>\n","protected":false},"author":11,"featured_media":6348,"comment_status":"closed","ping_status":"closed","sticky":false,"template":"","format":"standard","meta":{"_et_pb_use_builder":"","_et_pb_old_content":"","_et_gb_content_width":"","footnotes":""},"categories":[33],"tags":[],"class_list":["post-6337","post","type-post","status-publish","format-standard","has-post-thumbnail","hentry","category-www-proandpro-seprobloggen"],"_links":{"self":[{"href":"https:\/\/proandpro.se\/en\/wp-json\/wp\/v2\/posts\/6337","targetHints":{"allow":["GET"]}}],"collection":[{"href":"https:\/\/proandpro.se\/en\/wp-json\/wp\/v2\/posts"}],"about":[{"href":"https:\/\/proandpro.se\/en\/wp-json\/wp\/v2\/types\/post"}],"author":[{"embeddable":true,"href":"https:\/\/proandpro.se\/en\/wp-json\/wp\/v2\/users\/11"}],"replies":[{"embeddable":true,"href":"https:\/\/proandpro.se\/en\/wp-json\/wp\/v2\/comments?post=6337"}],"version-history":[{"count":15,"href":"https:\/\/proandpro.se\/en\/wp-json\/wp\/v2\/posts\/6337\/revisions"}],"predecessor-version":[{"id":6357,"href":"https:\/\/proandpro.se\/en\/wp-json\/wp\/v2\/posts\/6337\/revisions\/6357"}],"wp:featuredmedia":[{"embeddable":true,"href":"https:\/\/proandpro.se\/en\/wp-json\/wp\/v2\/media\/6348"}],"wp:attachment":[{"href":"https:\/\/proandpro.se\/en\/wp-json\/wp\/v2\/media?parent=6337"}],"wp:term":[{"taxonomy":"category","embeddable":true,"href":"https:\/\/proandpro.se\/en\/wp-json\/wp\/v2\/categories?post=6337"},{"taxonomy":"post_tag","embeddable":true,"href":"https:\/\/proandpro.se\/en\/wp-json\/wp\/v2\/tags?post=6337"}],"curies":[{"name":"wp","href":"https:\/\/api.w.org\/{rel}","templated":true}]}}