{"id":6259,"date":"2019-09-09T20:15:24","date_gmt":"2019-09-09T20:15:24","guid":{"rendered":"http:\/\/proandpro.se\/?p=6259"},"modified":"2023-02-06T15:00:47","modified_gmt":"2023-02-06T15:00:47","slug":"propro-insight-affarsutveckling-baserat-pa-information-som-ravara","status":"publish","type":"post","link":"https:\/\/proandpro.se\/en\/2019\/09\/09\/propro-insight-affarsutveckling-baserat-pa-information-som-ravara\/","title":{"rendered":"Pro&#038;Pro Insight &#8211; Aff\u00e4rsutveckling baserat p\u00e5 information som r\u00e5vara"},"content":{"rendered":"<p>Idag satsas stora resurser p\u00e5 forskning och innovationsarbete, b\u00e5de genom politiska initiativ och internt inom organisationer. Bara inom EU finns \u00f6ver 1 miljon f\u00f6rs\u00e4ljare som anv\u00e4nder digitala plattformar. Analys visar att informationsdrivna f\u00f6retag har signifikant h\u00f6gre tillv\u00e4xt \u00e4n andra f\u00f6retag. F\u00f6r att fr\u00e4mja utvecklingen i Sverige har Vinnova ett stort fokus p\u00e5 omr\u00e5det, bland annat genom \u00e5tta stycken datalabb, varav tv\u00e5 i Sundsvallsregionen.<\/p>\n<p><a href=\"http:\/\/proandpro.se\/en\/2019\/09\/09\/propro-insight-affarsutveckling-baserat-pa-information-som-ravara\/insight2\/\" rel=\"attachment wp-att-6261\"><img loading=\"lazy\" decoding=\"async\" class=\"alignright size-medium wp-image-6261\" src=\"https:\/\/media.proandpro.se\/2019\/09\/Insight2-300x182.jpg\" alt=\"\" width=\"300\" height=\"182\" \/><\/a>\u00c5rets andra Insight handlade om datadriven aff\u00e4rsutveckling. Joacim Marklund och Robert Tjernstr\u00f6m, managementkonsulter inom strategi och aff\u00e4rsutveckling vid Pro&amp;Pro, gav p\u00e5 ett v\u00e4lbes\u00f6kt frukostm\u00f6te den 6 september, en utblick i omv\u00e4rld och drivkrafter samt presenterade \u201dbest practise principer\u201d f\u00f6r aff\u00e4rsutveckling av datadrivna aff\u00e4rsmodeller och GoTo market.<\/p>\n<p>Datadriven utveckling har goda f\u00f6ruts\u00e4ttningar att st\u00f6dja ett h\u00e5llbarare samh\u00e4lle. Ekologiskt genom att anv\u00e4nda information f\u00f6r smartare milj\u00f6l\u00f6sningar, socialt genom nya v\u00e4lf\u00e4rdsl\u00f6sningar och ekonomiskt genom utveckling av nya s\u00e4tt att skapa en f\u00f6rstklassig kundupplevelse, nya aff\u00e4rer och nya aff\u00e4rsmodeller. Dagens snabba teknologiutveckling m\u00f6jligg\u00f6r ocks\u00e5 m\u00e5nga nya m\u00f6jligheter. Utvecklingstakten \u00e4r mycket h\u00f6g inom Artificiell Intelligens, Big Data, 5G och Internet of Things samtidigt som m\u00e5nga f\u00f6retag och organisationer har stor tillg\u00e5ng p\u00e5 information. Tillg\u00e5ng till information kombinerat med nya teknologier g\u00f6r det intressant och m\u00f6jligt att utveckla nya tj\u00e4nster och produkter f\u00f6r aff\u00e4rer baserat p\u00e5 information som r\u00e5vara och motor d\u00e4r s\u00e5v\u00e4l n\u00e4ringsliv som det offentliga inkluderas.<\/p>\n<p>F\u00f6r ett f\u00f6retag och en organisation \u00e4r det en resa att n\u00e5 en framg\u00e5ngsrik niv\u00e5 inom omr\u00e5det. Det handlar om perspektiv som validering av och tillg\u00e5ng till data, skapa struktur, analys och insikter, tillg\u00e5ng till kvalificerade analysmetoder och AI samt driva f\u00f6r\u00e4ndring som skapar acceptans och engagemang.<\/p>\n<p>G\u00e4sterna fick ta del av de \u201dbest practise\u201d principer f\u00f6r utveckling aff\u00e4rsmodeller samt GoTo market med fokus p\u00e5 digitala plattformar som Pro&amp;Pro tagit fram genom strategiskt analysarbete. Ett f\u00f6rdjupat samtal h\u00f6lls kring fr\u00e5gest\u00e4llningar som n\u00e4tverkseffekter och priss\u00e4ttning. F\u00f6r GoTo market diskuterades hur v\u00e4rdeerbjudandet skall n\u00e5 utpekad m\u00e5lgrupp och hur konkurrensf\u00f6rdelar ska n\u00e5s. F\u00f6r digitala plattformar \u00e4r huvudinriktningen att s\u00e4nka intr\u00e4desbarri\u00e4rer, nyttja relaterad anv\u00e4ndarbas och skapa nya incitament.<\/p>\n<p>Avslutningsvis h\u00f6lls intensiva och engagerade samtal vid borden kring m\u00f6jligheter i omr\u00e5det samt specifika utmaningar och fr\u00e5gest\u00e4llningar.<\/p>\n<p>Vi tackar alla g\u00e4ster f\u00f6r att ni bidrog till att g\u00f6ra Insight eventet trevligt och inspirerande!<\/p>","protected":false},"excerpt":{"rendered":"<p>\u00c5rets andra Insight handlade om datadriven aff\u00e4rsutveckling. Joacim Marklund och Robert Tjernstr\u00f6m gav p\u00e5 ett v\u00e4lbes\u00f6kt frukostm\u00f6te den 6 september, en utblick i omv\u00e4rld och presenterade \u201dbest practise principer\u201d f\u00f6r aff\u00e4rsutveckling av datadrivna aff\u00e4rsmodeller.<\/p>","protected":false},"author":1,"featured_media":6260,"comment_status":"closed","ping_status":"closed","sticky":false,"template":"","format":"standard","meta":{"_et_pb_use_builder":"","_et_pb_old_content":"","_et_gb_content_width":"","footnotes":""},"categories":[101],"tags":[],"class_list":["post-6259","post","type-post","status-publish","format-standard","has-post-thumbnail","hentry","category-tidigare-event"],"_links":{"self":[{"href":"https:\/\/proandpro.se\/en\/wp-json\/wp\/v2\/posts\/6259","targetHints":{"allow":["GET"]}}],"collection":[{"href":"https:\/\/proandpro.se\/en\/wp-json\/wp\/v2\/posts"}],"about":[{"href":"https:\/\/proandpro.se\/en\/wp-json\/wp\/v2\/types\/post"}],"author":[{"embeddable":true,"href":"https:\/\/proandpro.se\/en\/wp-json\/wp\/v2\/users\/1"}],"replies":[{"embeddable":true,"href":"https:\/\/proandpro.se\/en\/wp-json\/wp\/v2\/comments?post=6259"}],"version-history":[{"count":6,"href":"https:\/\/proandpro.se\/en\/wp-json\/wp\/v2\/posts\/6259\/revisions"}],"predecessor-version":[{"id":6267,"href":"https:\/\/proandpro.se\/en\/wp-json\/wp\/v2\/posts\/6259\/revisions\/6267"}],"wp:featuredmedia":[{"embeddable":true,"href":"https:\/\/proandpro.se\/en\/wp-json\/wp\/v2\/media\/6260"}],"wp:attachment":[{"href":"https:\/\/proandpro.se\/en\/wp-json\/wp\/v2\/media?parent=6259"}],"wp:term":[{"taxonomy":"category","embeddable":true,"href":"https:\/\/proandpro.se\/en\/wp-json\/wp\/v2\/categories?post=6259"},{"taxonomy":"post_tag","embeddable":true,"href":"https:\/\/proandpro.se\/en\/wp-json\/wp\/v2\/tags?post=6259"}],"curies":[{"name":"wp","href":"https:\/\/api.w.org\/{rel}","templated":true}]}}