{"id":6051,"date":"2019-05-07T17:41:26","date_gmt":"2019-05-07T17:41:26","guid":{"rendered":"http:\/\/proandpro.se\/?p=6051"},"modified":"2019-05-07T17:43:47","modified_gmt":"2019-05-07T17:43:47","slug":"vi-valkomnar-veronica-2","status":"publish","type":"post","link":"https:\/\/proandpro.se\/en\/2019\/05\/07\/vi-valkomnar-veronica-2\/","title":{"rendered":"Vi v\u00e4lkomnar Veronica"},"content":{"rendered":"<p>Vi har n\u00f6jet att v\u00e4lkomna Veronica S\u00f6derberg till oss p\u00e5 Pro&amp;Pro. Veronica b\u00f6rjar i augusti som konsult och r\u00e5dgivare och kommer f\u00f6rst\u00e4rka v\u00e5rt erbjudande inom strategi, verksamhetsutveckling, f\u00f6r\u00e4ndringsledning och projektledning med fokus p\u00e5 digitalisering. Det \u00e4r mycket roligt att Veronica, med sin ambition och erfarenhet, har valt att b\u00f6rja hos oss, s\u00e4ger VD Tommy Ytterstr\u00f6m.<\/p>\n<p>Veronica bor med sin familj i Sundsvall och uppskattar att kunna komma ut med familjen i naturen, b\u00e5de i fj\u00e4llen och i sk\u00e4rg\u00e5rdsmilj\u00f6. Hon \u00e4r civilingenj\u00f6r inom Maskinteknik vid Lule\u00e5 Tekniska Universitet och kommer n\u00e4rmast fr\u00e5n en tj\u00e4nst som avdelningschef Processt\u00f6d p\u00e5 MittSverige Vatten &amp; Avfall AB. D\u00e4r hade hon ansvar f\u00f6r de \u00f6vergripande verksamhetsutvecklingsprojekten, bland annat inf\u00f6rande av gemensam arbetsorderprocess, digitalisering av anl\u00e4ggningsinformation samt ett utvecklingsprogram f\u00f6r chefer.<\/p>\n<p>Veronica har tidigare anst\u00e4llningar som bland annat chef p\u00e5 IT vid Statens Tj\u00e4nstepensionsverk, grundare och VD f\u00f6r konsultf\u00f6retag i Stockholm med fokus p\u00e5 Product Life Management samt Maintenance Manager vid Volvo Information Technology. Veronica har byggt upp erfarenhet inom flera olika branscher som industri, energi, it och offentlig verksamhet, men \u00e4ven internationellt. Fokus p\u00e5 ledarskap, projektledning, f\u00f6r\u00e4ndringsledning och digitalisering, b\u00e5de p\u00e5 strategisk och taktisk niv\u00e5.<\/p>\n<p>Veronica drivs av utveckling och effektivisering, \u00f6vertygelsen \u00e4r att allt och alla kan bli b\u00e4ttre. Hon \u00e4r intresserad av kombinationen teknik, arbetss\u00e4tt och information. Hon upplevs som en nyfiken och \u00f6dmjuk person men utm\u00e4rker sig med sitt fokus p\u00e5 framdrift.<\/p>\n<p><a href=\"http:\/\/proandpro.se\/en\/veronica-soderberg\/\">L\u00e4s mer om Veronica h\u00e4r.<\/a><\/p>","protected":false},"excerpt":{"rendered":"<p>Vi har n\u00f6jet att v\u00e4lkomna Veronica S\u00f6derberg till oss p\u00e5 Pro&#038;Pro. Det \u00e4r mycket roligt att Veronica, med sin ambition och erfarenhet, har valt att b\u00f6rja hos oss, s\u00e4ger VD Tommy Ytterstr\u00f6m.<\/p>","protected":false},"author":1,"featured_media":6052,"comment_status":"closed","ping_status":"closed","sticky":false,"template":"","format":"standard","meta":{"_et_pb_use_builder":"","_et_pb_old_content":"","_et_gb_content_width":"","footnotes":""},"categories":[11],"tags":[],"class_list":["post-6051","post","type-post","status-publish","format-standard","has-post-thumbnail","hentry","category-nyheter"],"_links":{"self":[{"href":"https:\/\/proandpro.se\/en\/wp-json\/wp\/v2\/posts\/6051","targetHints":{"allow":["GET"]}}],"collection":[{"href":"https:\/\/proandpro.se\/en\/wp-json\/wp\/v2\/posts"}],"about":[{"href":"https:\/\/proandpro.se\/en\/wp-json\/wp\/v2\/types\/post"}],"author":[{"embeddable":true,"href":"https:\/\/proandpro.se\/en\/wp-json\/wp\/v2\/users\/1"}],"replies":[{"embeddable":true,"href":"https:\/\/proandpro.se\/en\/wp-json\/wp\/v2\/comments?post=6051"}],"version-history":[{"count":3,"href":"https:\/\/proandpro.se\/en\/wp-json\/wp\/v2\/posts\/6051\/revisions"}],"predecessor-version":[{"id":6055,"href":"https:\/\/proandpro.se\/en\/wp-json\/wp\/v2\/posts\/6051\/revisions\/6055"}],"wp:featuredmedia":[{"embeddable":true,"href":"https:\/\/proandpro.se\/en\/wp-json\/wp\/v2\/media\/6052"}],"wp:attachment":[{"href":"https:\/\/proandpro.se\/en\/wp-json\/wp\/v2\/media?parent=6051"}],"wp:term":[{"taxonomy":"category","embeddable":true,"href":"https:\/\/proandpro.se\/en\/wp-json\/wp\/v2\/categories?post=6051"},{"taxonomy":"post_tag","embeddable":true,"href":"https:\/\/proandpro.se\/en\/wp-json\/wp\/v2\/tags?post=6051"}],"curies":[{"name":"wp","href":"https:\/\/api.w.org\/{rel}","templated":true}]}}