{"id":54,"date":"2013-01-27T11:06:43","date_gmt":"2013-01-27T11:06:43","guid":{"rendered":"http:\/\/proandpro.se\/?p=54"},"modified":"2013-02-07T15:46:14","modified_gmt":"2013-02-07T15:46:14","slug":"propro-startar-verksamheten","status":"publish","type":"post","link":"https:\/\/proandpro.se\/en\/2013\/01\/27\/propro-startar-verksamheten\/","title":{"rendered":"Pro&#038;Pro startar verksamheten"},"content":{"rendered":"<p>Pro&amp;Pro AB startar nu sin\u00a0verksamhet med inriktning p\u00e5 f\u00f6retagsutveckling. F\u00f6retaget kommer erbjuda tj\u00e4nster s\u00e5som strategi, ledarskap, verksamhetsutveckling och projektutveckling till f\u00f6retag och organisationer i Norrland.\u00a0TommyYtterstr\u00f6m utses till VD och kommer fr\u00e5n den 1 april att arbeta med att\u00a0etablera f\u00f6retaget p\u00e5 marknaden.\u00a0<\/p>\n<p>&nbsp;<\/p>\n<p>&nbsp;<\/p>","protected":false},"excerpt":{"rendered":"<p>Pro&amp;Pro AB startar nu sin\u00a0verksamhet med inriktning p\u00e5 f\u00f6retagsutveckling. F\u00f6retaget kommer erbjuda tj\u00e4nster s\u00e5som strategi, ledarskap, verksamhetsutveckling och projektutveckling till f\u00f6retag och organisationer i Norrland.\u00a0TommyYtterstr\u00f6m utses till VD och kommer fr\u00e5n den 1 april att arbeta med att\u00a0etablera f\u00f6retaget p\u00e5 marknaden.\u00a0 &nbsp; &nbsp;<\/p>","protected":false},"author":1,"featured_media":0,"comment_status":"closed","ping_status":"closed","sticky":false,"template":"","format":"standard","meta":{"_et_pb_use_builder":"","_et_pb_old_content":"","_et_gb_content_width":"","footnotes":""},"categories":[11],"tags":[],"class_list":["post-54","post","type-post","status-publish","format-standard","hentry","category-nyheter"],"_links":{"self":[{"href":"https:\/\/proandpro.se\/en\/wp-json\/wp\/v2\/posts\/54","targetHints":{"allow":["GET"]}}],"collection":[{"href":"https:\/\/proandpro.se\/en\/wp-json\/wp\/v2\/posts"}],"about":[{"href":"https:\/\/proandpro.se\/en\/wp-json\/wp\/v2\/types\/post"}],"author":[{"embeddable":true,"href":"https:\/\/proandpro.se\/en\/wp-json\/wp\/v2\/users\/1"}],"replies":[{"embeddable":true,"href":"https:\/\/proandpro.se\/en\/wp-json\/wp\/v2\/comments?post=54"}],"version-history":[{"count":13,"href":"https:\/\/proandpro.se\/en\/wp-json\/wp\/v2\/posts\/54\/revisions"}],"predecessor-version":[{"id":434,"href":"https:\/\/proandpro.se\/en\/wp-json\/wp\/v2\/posts\/54\/revisions\/434"}],"wp:attachment":[{"href":"https:\/\/proandpro.se\/en\/wp-json\/wp\/v2\/media?parent=54"}],"wp:term":[{"taxonomy":"category","embeddable":true,"href":"https:\/\/proandpro.se\/en\/wp-json\/wp\/v2\/categories?post=54"},{"taxonomy":"post_tag","embeddable":true,"href":"https:\/\/proandpro.se\/en\/wp-json\/wp\/v2\/tags?post=54"}],"curies":[{"name":"wp","href":"https:\/\/api.w.org\/{rel}","templated":true}]}}