{"id":5091,"date":"2018-12-16T20:49:59","date_gmt":"2018-12-16T20:49:59","guid":{"rendered":"http:\/\/proandpro.se\/?p=5091"},"modified":"2018-12-16T21:22:02","modified_gmt":"2018-12-16T21:22:02","slug":"vi-valkomnar-joacim","status":"publish","type":"post","link":"https:\/\/proandpro.se\/en\/2018\/12\/16\/vi-valkomnar-joacim\/","title":{"rendered":"Vi v\u00e4lkomnar Joacim"},"content":{"rendered":"<p><\/p>\n\n\n\n<p>Vi har n\u00f6jet att v\u00e4lkomna Joacim Marklund till oss p\u00e5 Pro&amp;Pro. Joacim b\u00f6rjar som konsult och r\u00e5dgivare den 7 januari och kommer att f\u00f6rst\u00e4rka v\u00e5rt erbjudande inom aff\u00e4rsutveckling, verksamhetsutveckling, f\u00f6r\u00e4ndringsledning och projektledning. Det \u00e4r mycket roligt att Joacim, med sin ambition och erfarenhet, har valt att b\u00f6rja hos oss, s\u00e4ger VD Tommy Ytterstr\u00f6m.<\/p>\n\n\n\n<p>Joacim bor med sin familj i Sundsvall och uppskattar att kunna komma ut p\u00e5 en tr\u00e4ningsrunda p\u00e5 cykeln eller ta ett tr\u00e4ningspass i simhallen. Han \u00e4r civilingenj\u00f6r fr\u00e5n Lule\u00e5 Tekniska Universitet med inriktning p\u00e5 Industriell Ekonomi och kommer n\u00e4rmast fr\u00e5n en tj\u00e4nst som Global Business Performance Manager p\u00e5 Sandvik. Detta innebar att vara ansvarig f\u00f6r analys, uppf\u00f6ljning och genomf\u00f6rande av f\u00f6rb\u00e4ttringsinitiativ inom logistik p\u00e5 global niv\u00e5 inom produktomr\u00e5de RockTools. <\/p>\n\n\n\n<p>Utifr\u00e5n sina tidigare anst\u00e4llningar som bland annat. linjechef, konsultchef och seniorkonsult, har Joacim byggt upp erfarenhet inom branscher som bank,industri, telekom och offentlig verksamhet med fokus p\u00e5 ledarskap, projektledning, f\u00f6r\u00e4ndringsledning samt processbaserad verksamhetsutveckling och logistik i samspel med digitalisering.\u00a0<\/p>\n\n\n\n<p>Joacim motiveras av att arbeta med m\u00e4nniskor i f\u00f6r\u00e4ndringsprojekt, Styrkorna \u00e4r kreativitet och \u00f6dmjukhet i samspel med analytisk f\u00f6rm\u00e5ga. Drivkraften \u00e4r att arbeta med m\u00e4nniskor i deras str\u00e4van att f\u00f6rb\u00e4ttra sin verksamhet. Han gillar att arbeta b\u00e5de p\u00e5 strategisk och operativ niv\u00e5 f\u00f6r att s\u00e4kerst\u00e4lla att v\u00e4rde skapas<\/p>\n\n\n\n<p><a href=\"http:\/\/proandpro.se\/en\/joacim-marklund\/\">L\u00e4s mer om Joacim h\u00e4r.<\/a><\/p>","protected":false},"excerpt":{"rendered":"<p>Vi har n\u00f6jet att v\u00e4lkomna Joacim Marklund som b\u00f6rjar som konsult och r\u00e5dgivare den 7 januari<\/p>","protected":false},"author":1,"featured_media":5093,"comment_status":"closed","ping_status":"closed","sticky":false,"template":"","format":"standard","meta":{"_et_pb_use_builder":"off","_et_pb_old_content":"","_et_gb_content_width":"","footnotes":""},"categories":[11],"tags":[],"class_list":["post-5091","post","type-post","status-publish","format-standard","has-post-thumbnail","hentry","category-nyheter"],"_links":{"self":[{"href":"https:\/\/proandpro.se\/en\/wp-json\/wp\/v2\/posts\/5091","targetHints":{"allow":["GET"]}}],"collection":[{"href":"https:\/\/proandpro.se\/en\/wp-json\/wp\/v2\/posts"}],"about":[{"href":"https:\/\/proandpro.se\/en\/wp-json\/wp\/v2\/types\/post"}],"author":[{"embeddable":true,"href":"https:\/\/proandpro.se\/en\/wp-json\/wp\/v2\/users\/1"}],"replies":[{"embeddable":true,"href":"https:\/\/proandpro.se\/en\/wp-json\/wp\/v2\/comments?post=5091"}],"version-history":[{"count":4,"href":"https:\/\/proandpro.se\/en\/wp-json\/wp\/v2\/posts\/5091\/revisions"}],"predecessor-version":[{"id":5097,"href":"https:\/\/proandpro.se\/en\/wp-json\/wp\/v2\/posts\/5091\/revisions\/5097"}],"wp:featuredmedia":[{"embeddable":true,"href":"https:\/\/proandpro.se\/en\/wp-json\/wp\/v2\/media\/5093"}],"wp:attachment":[{"href":"https:\/\/proandpro.se\/en\/wp-json\/wp\/v2\/media?parent=5091"}],"wp:term":[{"taxonomy":"category","embeddable":true,"href":"https:\/\/proandpro.se\/en\/wp-json\/wp\/v2\/categories?post=5091"},{"taxonomy":"post_tag","embeddable":true,"href":"https:\/\/proandpro.se\/en\/wp-json\/wp\/v2\/tags?post=5091"}],"curies":[{"name":"wp","href":"https:\/\/api.w.org\/{rel}","templated":true}]}}