{"id":5018,"date":"2018-12-04T20:06:26","date_gmt":"2018-12-04T20:06:26","guid":{"rendered":"http:\/\/proandpro.se\/?p=5018"},"modified":"2023-02-06T15:01:32","modified_gmt":"2023-02-06T15:01:32","slug":"propro-insight-industri","status":"publish","type":"post","link":"https:\/\/proandpro.se\/en\/2018\/12\/04\/propro-insight-industri\/","title":{"rendered":"Pro&amp;Pro Insight \u2013 Industri"},"content":{"rendered":"<p>[et_pb_section fb_built=&#8221;1&#8243; _builder_version=&#8221;4.16&#8243; global_colors_info=&#8221;{}&#8221;][et_pb_row _builder_version=&#8221;4.16&#8243; background_size=&#8221;initial&#8221; background_position=&#8221;top_left&#8221; background_repeat=&#8221;repeat&#8221; global_colors_info=&#8221;{}&#8221;][et_pb_column type=&#8221;4_4&#8243; _builder_version=&#8221;4.16&#8243; custom_padding=&#8221;|||&#8221; global_colors_info=&#8221;{}&#8221; custom_padding__hover=&#8221;|||&#8221;][et_pb_text _builder_version=&#8221;4.16&#8243; background_size=&#8221;initial&#8221; background_position=&#8221;top_left&#8221; background_repeat=&#8221;repeat&#8221; global_colors_info=&#8221;{}&#8221;]<\/p>\n<p>Funderar du ocks\u00e5 p\u00e5 vilka som \u00e4r n\u00e4sta steg i digitaliseringen av din bransch? F\u00f6rra veckan genomf\u00f6rde vi \u00e5rets tredje Pro&amp;Pro Insight d\u00e5 vi satte fokus p\u00e5 Industrin. Evenemanget g\u00e4stades av f\u00f6retr\u00e4dare f\u00f6r den regionala industrin och vi diskuterade b\u00e5de unika och gemensamma utmaningar och framtida m\u00f6jligheter som industrisektorn st\u00e5r inf\u00f6r.<\/p>\n<p>Industrin har l\u00e4nge varit motorn i v\u00e5r regions utveckling. Det \u00e4r en bransch med drygt 11 000 anst\u00e4llda i l\u00e4net och har m\u00e5nga internationellt \u00e4gda f\u00f6retag som ligger l\u00e5ngt framme i moderniseringen och digitaliseringen av sina verksamheter.<\/p>\n<p>Utifr\u00e5n en analys av den globala makro- och teknologiutvecklingen s\u00e5 identifierade vi n\u00e5gra spaningar och digitaliseringstrender som vi ser kommer att p\u00e5verka industrin fram\u00f6ver:<\/p>\n<ul>\n<li>Dataanalys, AI och sensorteknik skapar nya f\u00f6ruts\u00e4ttningar f\u00f6r att optimera produktionen och skapa helt autonoma system och processer<\/li>\n<li>Digitaliseringen av industrin m\u00f6jligg\u00f6r kundanpassade produkter och tj\u00e4nster<\/li>\n<li>Process och kundinformation blir en avg\u00f6rande konkurrensf\u00f6rdel<\/li>\n<li>Tillverkningen blir storskalig (Giga Factory) eller sm\u00e5skalig (3D-skrivare)<\/li>\n<li>S\u00e4kerhet en integrerande och avg\u00f6rande teknik i digitaliseringen<\/li>\n<li>Nya aff\u00e4rer och tj\u00e4nster baserat p\u00e5 information<\/li>\n<\/ul>\n<p><a href=\"https:\/\/media.proandpro.se\/2017\/07\/Industri_1400x220-1.jpg\"><img loading=\"lazy\" decoding=\"async\" class=\" wp-image-4020 alignright\" src=\"https:\/\/media.proandpro.se\/2017\/07\/Industri_1400x220-1.jpg\" alt=\"\" width=\"290\" height=\"160\" srcset=\"https:\/\/media.proandpro.se\/2017\/07\/Industri_1400x220-1.jpg 400w, https:\/\/media.proandpro.se\/2017\/07\/Industri_1400x220-1-300x165.jpg 300w\" sizes=\"(max-width: 290px) 100vw, 290px\" \/><\/a>Dessa trender drivs av en teknologiutveckling inom sensorer och AI, som digitaliserar den fysiska industrin och skapar f\u00f6ruts\u00e4ttningar f\u00f6r att automatisera ytterligare och g\u00e5 mot en alltmer digitaliserad tillverkning. Sensorer blir <strong>autonoma<\/strong> genom att de genererar sin egen energi fr\u00e5n omgivningen och p\u00e5 s\u00e5 s\u00e4tt drastiskt minskar behovet av underh\u00e5ll, de blir <strong>smarta<\/strong> genom att ber\u00e4kningskraften l\u00e4ggs ute p\u00e5 noderna, och de f\u00e5r <strong>h\u00f6gre drifts\u00e4kerhet<\/strong> genom b\u00e4ttre kommunikationsl\u00f6sningar.<\/p>\n<p>Vi belyste utvecklingen inom omr\u00e5det Digital Twin, d\u00e4r sensorutvecklingen m\u00f6jligg\u00f6r att skapa skapa digitala tvillingar av maskiner och hela produktionssystem f\u00f6r att k\u00f6ra simuleringar, validera den virtuella produktionen och verifiera nya virtuella produkter innan de drifts\u00e4tts i den verkliga fabriken.<\/p>\n<p>Tillg\u00e4ngligheten p\u00e5 data fr\u00e5n b\u00e5de produktion och de tillverkade produkterna m\u00f6jligg\u00f6r ocks\u00e5 nya aff\u00e4rsmodeller d\u00e4r leverant\u00f6rer ist\u00e4llet f\u00f6r att s\u00e4lja produkter s\u00e4ljer tj\u00e4nster och tar betalt f\u00f6r faktiskt generat v\u00e4rde f\u00f6r kunden. Vikten av att anpassa aff\u00e4rsmodellerna f\u00f6rst\u00e4rktes av industrif\u00f6retr\u00e4darnas egna erfarenheter och man s\u00e5g detta som en absolut n\u00f6dv\u00e4ndighet.<\/p>\n<p>Vi vill tacka alla som kom och bidrog med kloka inspel i samtalet.<\/p>\n<p>Pro&amp;Pro \u00e4r en partner till den regionala industrin. Vi st\u00f6ttar industrin med bland annat strategiutveckling, tj\u00e4nstedesign och hj\u00e4lper v\u00e5ra kunder att leda transformationsarbete. Vi finns h\u00e4r om du vill prata vidare kring digitalisering, transformation av er verksamhet eller n\u00e5gon annan utmaning som ni st\u00e5r inf\u00f6r.<\/p>\n<p>[\/et_pb_text][\/et_pb_column][\/et_pb_row][\/et_pb_section]<\/p>\n","protected":false},"excerpt":{"rendered":"<p>Om trendspaningar kring digitaliseringen av industrin.<\/p>","protected":false},"author":5,"featured_media":3005,"comment_status":"closed","ping_status":"closed","sticky":false,"template":"","format":"standard","meta":{"_et_pb_use_builder":"on","_et_pb_old_content":"<p>Funderar du ocks\u00e5 p\u00e5 vilka som \u00e4r n\u00e4sta steg i digitaliseringen av din bransch? F\u00f6rra veckan genomf\u00f6rde vi \u00e5rets tredje Pro&Pro Insight d\u00e5 vi satte fokus p\u00e5 Industrin. Evenemanget g\u00e4stades av f\u00f6retr\u00e4dare f\u00f6r den regionala industrin och vi diskuterade b\u00e5de unika och gemensamma utmaningar och framtida m\u00f6jligheter som industrisektorn st\u00e5r inf\u00f6r.<\/p><p>Industrin har l\u00e4nge varit motorn i v\u00e5r regions utveckling. Det \u00e4r en bransch med drygt 11 000 anst\u00e4llda i l\u00e4net och har m\u00e5nga internationellt \u00e4gda f\u00f6retag som ligger l\u00e5ngt framme i moderniseringen och digitaliseringen av sina verksamheter.<\/p><p>Utifr\u00e5n en analys av den globala makro- och teknologiutvecklingen s\u00e5 identifierade vi n\u00e5gra spaningar och digitaliseringstrender som vi ser kommer att p\u00e5verka industrin fram\u00f6ver:<\/p><ul><li>Dataanalys, AI och sensorteknik skapar nya f\u00f6ruts\u00e4ttningar f\u00f6r att optimera produktionen och skapa helt autonoma system och processer<\/li><li>Digitaliseringen av industrin m\u00f6jligg\u00f6r kundanpassade produkter och tj\u00e4nster<\/li><li>Process och kundinformation blir en avg\u00f6rande konkurrensf\u00f6rdel<\/li><li>Tillverkningen blir storskalig (Giga Factory) eller sm\u00e5skalig (3D-skrivare)<\/li><li>S\u00e4kerhet en integrerande och avg\u00f6rande teknik i digitaliseringen<\/li><li>Nya aff\u00e4rer och tj\u00e4nster baserat p\u00e5 information<\/li><\/ul><p><a href=\"https:\/\/media.proandpro.se\/2017\/07\/Industri_1400x220-1.jpg\"><img class=\" wp-image-4020 alignright\" src=\"https:\/\/media.proandpro.se\/2017\/07\/Industri_1400x220-1.jpg\" alt=\"\" width=\"290\" height=\"160\" \/><\/a>Dessa trender drivs av en teknologiutveckling inom sensorer och AI, som digitaliserar den fysiska industrin och skapar f\u00f6ruts\u00e4ttningar f\u00f6r att automatisera ytterligare och g\u00e5 mot en alltmer digitaliserad tillverkning. Sensorer blir <strong>autonoma<\/strong> genom att de genererar sin egen energi fr\u00e5n omgivningen och p\u00e5 s\u00e5 s\u00e4tt drastiskt minskar behovet av underh\u00e5ll, de blir <strong>smarta<\/strong> genom att ber\u00e4kningskraften l\u00e4ggs ute p\u00e5 noderna, och de f\u00e5r <strong>h\u00f6gre drifts\u00e4kerhet<\/strong> genom b\u00e4ttre kommunikationsl\u00f6sningar.<\/p><p>Vi belyste utvecklingen inom omr\u00e5det Digital Twin, d\u00e4r sensorutvecklingen m\u00f6jligg\u00f6r att skapa skapa digitala tvillingar av maskiner och hela produktionssystem f\u00f6r att k\u00f6ra simuleringar, validera den virtuella produktionen och verifiera nya virtuella produkter innan de drifts\u00e4tts i den verkliga fabriken.<\/p><p>Tillg\u00e4ngligheten p\u00e5 data fr\u00e5n b\u00e5de produktion och de tillverkade produkterna m\u00f6jligg\u00f6r ocks\u00e5 nya aff\u00e4rsmodeller d\u00e4r leverant\u00f6rer ist\u00e4llet f\u00f6r att s\u00e4lja produkter s\u00e4ljer tj\u00e4nster och tar betalt f\u00f6r faktiskt generat v\u00e4rde f\u00f6r kunden. Vikten av att anpassa aff\u00e4rsmodellerna f\u00f6rst\u00e4rktes av industrif\u00f6retr\u00e4darnas egna erfarenheter och man s\u00e5g detta som en absolut n\u00f6dv\u00e4ndighet.<\/p><p>Vi vill tacka alla som kom och bidrog med kloka inspel i samtalet.<\/p><p>Pro&Pro \u00e4r en partner till den regionala industrin. Vi st\u00f6ttar industrin med bland annat strategiutveckling, tj\u00e4nstedesign och hj\u00e4lper v\u00e5ra kunder att leda transformationsarbete. Vi finns h\u00e4r om du vill prata vidare kring digitalisering, transformation av er verksamhet eller n\u00e5gon annan utmaning som ni st\u00e5r inf\u00f6r.<\/p>","_et_gb_content_width":"","footnotes":""},"categories":[101],"tags":[57,58,59,55,44,54,56,60,61],"class_list":["post-5018","post","type-post","status-publish","format-standard","has-post-thumbnail","hentry","category-tidigare-event","tag-ai","tag-big-data","tag-dataanalys","tag-digital-twin","tag-digitalisering","tag-industri","tag-sensorer","tag-tjanstifiering","tag-transformation"],"_links":{"self":[{"href":"https:\/\/proandpro.se\/en\/wp-json\/wp\/v2\/posts\/5018","targetHints":{"allow":["GET"]}}],"collection":[{"href":"https:\/\/proandpro.se\/en\/wp-json\/wp\/v2\/posts"}],"about":[{"href":"https:\/\/proandpro.se\/en\/wp-json\/wp\/v2\/types\/post"}],"author":[{"embeddable":true,"href":"https:\/\/proandpro.se\/en\/wp-json\/wp\/v2\/users\/5"}],"replies":[{"embeddable":true,"href":"https:\/\/proandpro.se\/en\/wp-json\/wp\/v2\/comments?post=5018"}],"version-history":[{"count":10,"href":"https:\/\/proandpro.se\/en\/wp-json\/wp\/v2\/posts\/5018\/revisions"}],"predecessor-version":[{"id":11911,"href":"https:\/\/proandpro.se\/en\/wp-json\/wp\/v2\/posts\/5018\/revisions\/11911"}],"wp:featuredmedia":[{"embeddable":true,"href":"https:\/\/proandpro.se\/en\/wp-json\/wp\/v2\/media\/3005"}],"wp:attachment":[{"href":"https:\/\/proandpro.se\/en\/wp-json\/wp\/v2\/media?parent=5018"}],"wp:term":[{"taxonomy":"category","embeddable":true,"href":"https:\/\/proandpro.se\/en\/wp-json\/wp\/v2\/categories?post=5018"},{"taxonomy":"post_tag","embeddable":true,"href":"https:\/\/proandpro.se\/en\/wp-json\/wp\/v2\/tags?post=5018"}],"curies":[{"name":"wp","href":"https:\/\/api.w.org\/{rel}","templated":true}]}}