{"id":4587,"date":"2018-05-20T15:22:23","date_gmt":"2018-05-20T15:22:23","guid":{"rendered":"http:\/\/proandpro.se\/?p=4587"},"modified":"2018-05-20T21:06:12","modified_gmt":"2018-05-20T21:06:12","slug":"propro-dagen-2018-ai","status":"publish","type":"post","link":"https:\/\/proandpro.se\/en\/2018\/05\/20\/propro-dagen-2018-ai\/","title":{"rendered":"Pro&#038;Pro dagen 2018 &#8211; AI"},"content":{"rendered":"<p>Pro&amp;Pro dagen genomf\u00f6rdes f\u00f6r fj\u00e4rde g\u00e5ngen inf\u00f6r ett 50-tal personer fr\u00e5n n\u00e4ringslivet i Sundsvall och precis som tidigare med syftet att inspirera och ge nya perspektiv f\u00f6r att utveckla organisationer och f\u00f6rverkligande av personliga visioner. \u00c5rets Pro&amp;Pro dag hade som tema Artificiell Intelligens. F\u00f6rutom sp\u00e4nnande f\u00f6rel\u00e4sningar fick deltagarna tillf\u00e4lle att mingla, skratta och knyta nya kontakter. F\u00f6r andra \u00e5ret i rad delades Pro&amp;Pros stipendium till duktiga gymnasielever p\u00e5 Skvadern ut.<\/p>\n<div id=\"attachment_4588\" style=\"width: 310px\" class=\"wp-caption alignright\"><img loading=\"lazy\" decoding=\"async\" aria-describedby=\"caption-attachment-4588\" class=\"size-medium wp-image-4588\" src=\"https:\/\/media.proandpro.se\/2018\/05\/HenrikCrone-300x200.jpg\" alt=\"\" width=\"300\" height=\"200\" srcset=\"https:\/\/media.proandpro.se\/2018\/05\/HenrikCrone-300x200.jpg 300w, https:\/\/media.proandpro.se\/2018\/05\/HenrikCrone-768x512.jpg 768w, https:\/\/media.proandpro.se\/2018\/05\/HenrikCrone-1024x683.jpg 1024w, https:\/\/media.proandpro.se\/2018\/05\/HenrikCrone-1080x720.jpg 1080w, https:\/\/media.proandpro.se\/2018\/05\/HenrikCrone.jpg 1200w\" sizes=\"(max-width: 300px) 100vw, 300px\" \/><p id=\"caption-attachment-4588\" class=\"wp-caption-text\">Henrik Crone, Andra AP fonden<\/p><\/div>\n<p>\u00c5rets g\u00e4stf\u00f6rel\u00e4sare var Henric Crone, CTO chef Andra AP-fonden. Henrik som jobbat 15 \u00e5r i finansbranschen och innan Andra AP fonden vid ett globalt finanskonsultbolag med ansvar f\u00f6r Innovationsteamet inom Bank &amp; Finans Europa, redogjorde f\u00f6r Artificiell Intelligens inom finansv\u00e4rlden, anv\u00e4ndningsomr\u00e5den i dag och hur framtida behov kan l\u00f6sas. Henrik ber\u00f6rde tekniker som robotisering samt, av regulatoriska krav framtvingade, Open Banking konceptet som lanseras allt eftersom under 2018 och 2019.<\/p>\n<p>Mikael Augustsson, Pro&amp;Pro, ber\u00e4ttade om den sp\u00e4nnande utveckling och de nya m\u00f6jligheterna som Artificiell Intelligens inneb\u00e4r f\u00f6r f\u00f6retag och organisationer. Mikael f\u00f6rklarade begreppen Machine Learning och Artificiell Intelligens, beskrev utvecklingen inom omr\u00e5det samt spanade fram\u00e5t. Han presenterade en process hur f\u00f6retag och organisationer kan komma ig\u00e5ng att b\u00f6rja anv\u00e4nda Artificiell Intelligens f\u00f6r att skapa v\u00e4rde i verksamheten och f\u00f6r sina kunder. Mikael avslutade med att g\u00e5 igenom praktiska case och visade p\u00e5 s\u00e4tt m\u00f6jligheten \u00f6ka kundnyttan och effektiviteten med hj\u00e4lp av AI och maskininl\u00e4rning.<\/p>\n<p>M\u00e5ns Fahlander, Pro&amp;Pro, \u00f6ppnade med sina tankar n\u00e4r han lyssnar p\u00e5 Martin Luther King. \u201dI have a dream\u201d eller var det \u201dAI have a dream\u201d. Utifr\u00e5n detta startade M\u00e5ns sitt f\u00f6redrag \u201d Att leda eller ledas in i AI-\u00e5ldern\u201d d\u00e4r han reflekterade \u00f6ver hur AI teknologin p\u00e5verkar v\u00e5rt samh\u00e4lle och oss som m\u00e4nniskor. Han diskuterade ur perspektiven politiskt, strategiskt respektive operativt ledarskap M\u00e5ns avslutade med att summera sina tankar kring hur ledarskapet inom olika omr\u00e5den utvecklas f\u00f6r att kunna ta till vara p\u00e5 m\u00f6jligheterna som Artificiell Intelligens kan ge.<\/p>\n<p>P\u00e5 Pro&amp;Pro dagen var det ocks\u00e5 utdelning av Pro&amp;Pros stipendium till duktiga gymnasiestudenter. Grattis och lycka till med framtida studier s\u00e4ger vi till Sally Isakas, Isac Tjernstr\u00f6m och Nils Wikstr\u00f6m vid Skvaderns gymnasieskola. <a href=\"http:\/\/proandpro.se\/en\/2018\/05\/20\/4593\/\">H\u00e4r kan du l\u00e4sa mer om gymnasiestipendiet och \u00e5rets vinnare.<\/a><\/p>\n<p>Kv\u00e4llen avslutades med en t\u00e4vling med temat nyfikenhet, omv\u00e4rld och samarbete. Vinnare av t\u00e4vlingen blev lag Solarna med Ola Edstr\u00f6m, Sofie Stark, Ola Nilsson och Olof Nyberg. Grattis!<br \/>\nVi tackar f\u00f6r ett stort engagemang och mycket gl\u00e4dje fr\u00e5n er alla som deltog och ser redan fram mot maj 2019 och n\u00e4sta \u00e5rs Pro&amp;Pro dag.<\/p>","protected":false},"excerpt":{"rendered":"<p>Pro&#038;Pro dagen genomf\u00f6rdes f\u00f6r fj\u00e4rde g\u00e5ngen i Sundsvall inf\u00f6r ett 50-tal personer med temat Artificiell Intelligens.<\/p>","protected":false},"author":1,"featured_media":4589,"comment_status":"closed","ping_status":"closed","sticky":false,"template":"","format":"standard","meta":{"_et_pb_use_builder":"","_et_pb_old_content":"","_et_gb_content_width":"","footnotes":""},"categories":[11],"tags":[],"class_list":["post-4587","post","type-post","status-publish","format-standard","has-post-thumbnail","hentry","category-nyheter"],"_links":{"self":[{"href":"https:\/\/proandpro.se\/en\/wp-json\/wp\/v2\/posts\/4587","targetHints":{"allow":["GET"]}}],"collection":[{"href":"https:\/\/proandpro.se\/en\/wp-json\/wp\/v2\/posts"}],"about":[{"href":"https:\/\/proandpro.se\/en\/wp-json\/wp\/v2\/types\/post"}],"author":[{"embeddable":true,"href":"https:\/\/proandpro.se\/en\/wp-json\/wp\/v2\/users\/1"}],"replies":[{"embeddable":true,"href":"https:\/\/proandpro.se\/en\/wp-json\/wp\/v2\/comments?post=4587"}],"version-history":[{"count":5,"href":"https:\/\/proandpro.se\/en\/wp-json\/wp\/v2\/posts\/4587\/revisions"}],"predecessor-version":[{"id":4603,"href":"https:\/\/proandpro.se\/en\/wp-json\/wp\/v2\/posts\/4587\/revisions\/4603"}],"wp:featuredmedia":[{"embeddable":true,"href":"https:\/\/proandpro.se\/en\/wp-json\/wp\/v2\/media\/4589"}],"wp:attachment":[{"href":"https:\/\/proandpro.se\/en\/wp-json\/wp\/v2\/media?parent=4587"}],"wp:term":[{"taxonomy":"category","embeddable":true,"href":"https:\/\/proandpro.se\/en\/wp-json\/wp\/v2\/categories?post=4587"},{"taxonomy":"post_tag","embeddable":true,"href":"https:\/\/proandpro.se\/en\/wp-json\/wp\/v2\/tags?post=4587"}],"curies":[{"name":"wp","href":"https:\/\/api.w.org\/{rel}","templated":true}]}}