{"id":4097,"date":"2017-10-22T09:52:35","date_gmt":"2017-10-22T09:52:35","guid":{"rendered":"http:\/\/proandpro.se\/?p=4097"},"modified":"2017-10-22T09:56:15","modified_gmt":"2017-10-22T09:56:15","slug":"propro-tar-nasta-steg-och-skapar-branschomraden","status":"publish","type":"post","link":"https:\/\/proandpro.se\/en\/2017\/10\/22\/propro-tar-nasta-steg-och-skapar-branschomraden\/","title":{"rendered":"Pro&#038;Pro inf\u00f6r branschomr\u00e5den"},"content":{"rendered":"<p>Pro&amp;Pro forts\u00e4tter att steg f\u00f6r steg att st\u00e4rka v\u00e5rt kunderbjudande genom att nu komplettera v\u00e5ra fyra kompetensomr\u00e5den strategi, aff\u00e4rsutveckling, verksamhetsutveckling och ledarskap med branschomr\u00e5den. P\u00e5 detta s\u00e4tt kan vi ta v\u00e5r kundinsikt och v\u00e5ra kundrelationer till n\u00e4sta niv\u00e5 samt paketera \u00e4nnu mer relevanta och spetsiga kunderbjudanden. F\u00f6r att vara en kompetent, spetsig och relevant partner genomf\u00f6r vi kontinuerligt framtids- och scenarioanalyser inom respektive bransch. Sj\u00e4lvklart delar vi med oss av dessa i olika sammanhang som konferenser, seminarium, bloggar och kundtr\u00e4ffar. Men framf\u00f6rallt ger det oss m\u00f6jlighet att b\u00e4ttre bidra till v\u00e5ra kunders framg\u00e5ng. Genom v\u00e5ra ansvariga f\u00f6r respektive bransch skapar vi kraft att leda utvecklingen i sampel med omv\u00e4rld och kundbehov. Varmt v\u00e4lkommen att samtala med v\u00e5ra branschansvariga:<\/p>\n<ul>\n<li>Bank och F\u00f6rs\u00e4kring: Markus Marklund<\/li>\n<li>Energi: Tommy Ytterstr\u00f6m<\/li>\n<li>Forskning och utbildning: Tommy Ytterstr\u00f6m<\/li>\n<li>Industri: Mikael Augustsson<\/li>\n<li>Offentlig sektor: Markus Marklund<\/li>\n<li>Telekom: Robert Tjernstr\u00f6m<\/li>\n<\/ul>\n<p>Du kan l\u00e4sa mer om v\u00e5ra branschomr\u00e5den och v\u00e5ra erbjudanden inom respektive bransch h\u00e4r: <a href=\"http:\/\/proandpro.se\/en\/erbjudanden\/\">http:\/\/proandpro.se\/erbjudanden\/<\/a><\/p>\n<p>I samband med att vi inf\u00f6r branschomr\u00e5den s\u00f6ker vi dig som \u00e4r nyfiken att vara med i v\u00e5rt team. Du \u00e4r civilingenj\u00f6r eller har masterexamen inom ekonomi och arbetar i dag som managementkonsult eller har motsvarande bakgrund och roll som anst\u00e4lld i ett f\u00f6retag.<\/p>\n<p>Tommy Ytterstr\u00f6m, CEO<\/p>","protected":false},"excerpt":{"rendered":"<p>Pro&#038;Pro forts\u00e4tter steg f\u00f6r steg att st\u00e4rka v\u00e5rt kunderbjudande genom att skapa branschomr\u00e5den med branschansvariga.<\/p>","protected":false},"author":1,"featured_media":4099,"comment_status":"closed","ping_status":"closed","sticky":false,"template":"","format":"standard","meta":{"_et_pb_use_builder":"","_et_pb_old_content":"","_et_gb_content_width":"","footnotes":""},"categories":[11],"tags":[],"class_list":["post-4097","post","type-post","status-publish","format-standard","has-post-thumbnail","hentry","category-nyheter"],"_links":{"self":[{"href":"https:\/\/proandpro.se\/en\/wp-json\/wp\/v2\/posts\/4097","targetHints":{"allow":["GET"]}}],"collection":[{"href":"https:\/\/proandpro.se\/en\/wp-json\/wp\/v2\/posts"}],"about":[{"href":"https:\/\/proandpro.se\/en\/wp-json\/wp\/v2\/types\/post"}],"author":[{"embeddable":true,"href":"https:\/\/proandpro.se\/en\/wp-json\/wp\/v2\/users\/1"}],"replies":[{"embeddable":true,"href":"https:\/\/proandpro.se\/en\/wp-json\/wp\/v2\/comments?post=4097"}],"version-history":[{"count":6,"href":"https:\/\/proandpro.se\/en\/wp-json\/wp\/v2\/posts\/4097\/revisions"}],"predecessor-version":[{"id":4104,"href":"https:\/\/proandpro.se\/en\/wp-json\/wp\/v2\/posts\/4097\/revisions\/4104"}],"wp:featuredmedia":[{"embeddable":true,"href":"https:\/\/proandpro.se\/en\/wp-json\/wp\/v2\/media\/4099"}],"wp:attachment":[{"href":"https:\/\/proandpro.se\/en\/wp-json\/wp\/v2\/media?parent=4097"}],"wp:term":[{"taxonomy":"category","embeddable":true,"href":"https:\/\/proandpro.se\/en\/wp-json\/wp\/v2\/categories?post=4097"},{"taxonomy":"post_tag","embeddable":true,"href":"https:\/\/proandpro.se\/en\/wp-json\/wp\/v2\/tags?post=4097"}],"curies":[{"name":"wp","href":"https:\/\/api.w.org\/{rel}","templated":true}]}}