{"id":4084,"date":"2017-10-08T20:42:14","date_gmt":"2017-10-08T20:42:14","guid":{"rendered":"http:\/\/proandpro.se\/?p=4084"},"modified":"2017-12-29T18:35:10","modified_gmt":"2017-12-29T18:35:10","slug":"sundsvall42-ledarskap-distans-42","status":"publish","type":"post","link":"https:\/\/proandpro.se\/en\/2017\/10\/08\/sundsvall42-ledarskap-distans-42\/","title":{"rendered":"Sundsvall42 &#8211; Ledarskap p\u00e5 distans"},"content":{"rendered":"<p>P\u00e5 \u00e5rets Sundsvall42 konferens, som firar 30 \u00e5rsjubileum, kommer Markus Marklund fr\u00e5n Pro&amp;Pro, att f\u00f6rel\u00e4sa inom ledarskap.<\/p>\n<p>F\u00f6rel\u00e4sningen med rubriken, framg\u00e5ngsrikt ledarskap p\u00e5 distans , handlar om hur du leder medarbetare eller en verksamhet som \u00e4r distribuerad p\u00e5 flera platser. Att i en situation n\u00e4r gruppen inte \u00e4r samlad lyckas skapa\u00a0ett stort engagemang och bra teamk\u00e4nsla \u00e4r avg\u00f6rande f\u00f6r att lyckas som ledare. Det g\u00e4ller att ha glimten i \u00f6gat, vara nyfiken, kunna ta tillvara varje individs drivkraft och kreativitet f\u00f6r att varje medarbetare och verksamheten ska kunna n\u00e5 sin fulla potential.<\/p>\n<p>P\u00e5 f\u00f6rel\u00e4sningen kommer du f\u00e5 inspiration, kunskap och praktiska tips hur du p\u00e5 ett strukturerat s\u00e4tt, med utg\u00e5ngspunkt i att lyssna p\u00e5 medarbetarnas behov, drivkrafter och prioriteringar, lyckas med ditt ledarskap p\u00e5 distans. Markus kommer att ber\u00e4tta om en sex stegs metod f\u00f6r hur du p\u00e5 ett strukturerat s\u00e4tt leder medarbetare och verksamhet.<\/p>\n<p>Passa p\u00e5 att anm\u00e4l dig till Sundsvall42 och kom och lyssna p\u00e5 Markus den 18:e oktober!<\/p>\n<p>L\u00e4r mer och anm\u00e4ld dig till konferensen<\/p>\n<p><a href=\"http:\/\/sundsvall42.se\/tracks\/framtidens-ledarskap\/framgangsrikt-ledarskap-pa-distans\/\">Sundsvall42.se<\/a><\/p>","protected":false},"excerpt":{"rendered":"<p>P\u00e5 \u00e5rets Sundsvall42 konferens, som firar 30 \u00e5rsjubileum, kommer Markus Marklund fr\u00e5n Pro&#038;Pro, att f\u00f6rel\u00e4sa inom ledarskap p\u00e5 distans. <\/p>","protected":false},"author":4,"featured_media":4087,"comment_status":"closed","ping_status":"closed","sticky":false,"template":"","format":"standard","meta":{"_et_pb_use_builder":"","_et_pb_old_content":"","_et_gb_content_width":"","footnotes":""},"categories":[11],"tags":[32],"class_list":["post-4084","post","type-post","status-publish","format-standard","has-post-thumbnail","hentry","category-nyheter","tag-management"],"_links":{"self":[{"href":"https:\/\/proandpro.se\/en\/wp-json\/wp\/v2\/posts\/4084","targetHints":{"allow":["GET"]}}],"collection":[{"href":"https:\/\/proandpro.se\/en\/wp-json\/wp\/v2\/posts"}],"about":[{"href":"https:\/\/proandpro.se\/en\/wp-json\/wp\/v2\/types\/post"}],"author":[{"embeddable":true,"href":"https:\/\/proandpro.se\/en\/wp-json\/wp\/v2\/users\/4"}],"replies":[{"embeddable":true,"href":"https:\/\/proandpro.se\/en\/wp-json\/wp\/v2\/comments?post=4084"}],"version-history":[{"count":4,"href":"https:\/\/proandpro.se\/en\/wp-json\/wp\/v2\/posts\/4084\/revisions"}],"predecessor-version":[{"id":4090,"href":"https:\/\/proandpro.se\/en\/wp-json\/wp\/v2\/posts\/4084\/revisions\/4090"}],"wp:featuredmedia":[{"embeddable":true,"href":"https:\/\/proandpro.se\/en\/wp-json\/wp\/v2\/media\/4087"}],"wp:attachment":[{"href":"https:\/\/proandpro.se\/en\/wp-json\/wp\/v2\/media?parent=4084"}],"wp:term":[{"taxonomy":"category","embeddable":true,"href":"https:\/\/proandpro.se\/en\/wp-json\/wp\/v2\/categories?post=4084"},{"taxonomy":"post_tag","embeddable":true,"href":"https:\/\/proandpro.se\/en\/wp-json\/wp\/v2\/tags?post=4084"}],"curies":[{"name":"wp","href":"https:\/\/api.w.org\/{rel}","templated":true}]}}