{"id":3965,"date":"2017-08-24T20:35:30","date_gmt":"2017-08-24T20:35:30","guid":{"rendered":"http:\/\/proandpro.se\/?p=3965"},"modified":"2017-09-16T12:14:48","modified_gmt":"2017-09-16T12:14:48","slug":"scenarioanalys-internet-of-things","status":"publish","type":"post","link":"https:\/\/proandpro.se\/en\/2017\/08\/24\/scenarioanalys-internet-of-things\/","title":{"rendered":"Scenarioanalys Internet of things"},"content":{"rendered":"<p>Pro&amp;Pro har gjort en scenarioanalys inom Internet Of Things, IoT, och med fokus p\u00e5 olika uppkopplingsm\u00f6jligheter och relaterade akt\u00f6rsroller. Scenarioanalysen har genomf\u00f6rts av Malin Kullstr\u00f6m, Christoffer Norberg och Anna Samstad, Internship juniorkonsulter sommaren 2017 vid Pro&amp;Pro. Intervjuer med n\u00e4t- och tj\u00e4nsteoperat\u00f6rer, teknikleverant\u00f6rer och forskare vid Mittuniversitetet samt en omv\u00e4rldsanalys har genomf\u00f6rts som grund f\u00f6r sj\u00e4lva scenarioanalysen. Resultatet kan du l\u00e4sa i\u00a0artikeln.<a href=\"https:\/\/media.proandpro.se\/2017\/08\/Scenarioanalys-IoT.pdf\"><img loading=\"lazy\" decoding=\"async\" class=\"alignright wp-image-3969 size-full\" src=\"https:\/\/media.proandpro.se\/2017\/08\/Scenarioanalys-IoT_bild_.jpg\" alt=\"\" width=\"300\" height=\"424\" srcset=\"https:\/\/media.proandpro.se\/2017\/08\/Scenarioanalys-IoT_bild_.jpg 300w, https:\/\/media.proandpro.se\/2017\/08\/Scenarioanalys-IoT_bild_-212x300.jpg 212w\" sizes=\"(max-width: 300px) 100vw, 300px\" \/><\/a><\/p>\n<p>Analysen visar att det troliga scenariot \u00e4r att olicensierade n\u00e4tteknologier som LoRa och Sigfox kommer att existera parallellt med den IoT access som lanseras inom ramen f\u00f6r 4G, NB-IoT. LoRa, Sigfox och NB-IoT \u00e4r anpassade till Iot till\u00e4mpningar d\u00e5 de kan hantera m\u00e5nga uppkopplade enheter och att enheterna kan ha l\u00e5g effekt, dvs l\u00e5ng batteritid. NB-IoT kan erbjudas fr\u00e5n de mobiloperat\u00f6rer som tillhandah\u00e5ller 4G n\u00e4t. De olicensierade n\u00e4ten finns redan i dag p\u00e5 marknaden och NB-IoT ber\u00e4knas lanseras under 2018. Slutsatsen av samexistens p\u00e5 marknaden kommer fr\u00e5n analys i perspektiv som kundnytta, kundrelationer, ekonomi, tekniska egenskaper, marknadsf\u00f6nster och marknadsf\u00f6ruts\u00e4ttningar. De olicensierade alternativen drivs marknadsm\u00e4ssigt av att akt\u00f6rer som stadsn\u00e4tsoperat\u00f6rer har m\u00f6jlighet att redan nu kunna ta en position inom IoT. Detta beroende av att det finns teknik p\u00e5 marknaden redan nu, n\u00e4t och sensorer, till relativt l\u00e5g kostnad och en enkelhet att bygga. De olicensierade n\u00e4ten \u00e4r tillr\u00e4ckliga f\u00f6r vissa icke tidskritiska applikationer och som inte bygger p\u00e5 r\u00f6rliga sensork\u00e4llor. Med sin n\u00e4ra relation till kommuner finns m\u00f6jlighet att snabbt skapa kundnytta f\u00f6r stadsn\u00e4tsoperat\u00f6rer.<br \/>\n5G som lanseras om n\u00e5gra \u00e5r kommer att ta IoT marknaden till n\u00e4sta steg och komplettera dagens teknik. Aff\u00e4rskritiska till\u00e4mpningar som kr\u00e4ver b\u00e5de l\u00e5geffekt sensorer och h\u00f6g bandbredd kan erbjudas, n\u00e5got som varken de olicensierade n\u00e4tverken eller NB-IoT klarar av.<\/p>\n<h3>Scenarioanalysen ger tankar f\u00f6r olika akt\u00f6rsroller<\/h3>\n<h4><\/h4>\n<h4>Teknikleverant\u00f6rer till mobila n\u00e4t<\/h4>\n<p>En teknikleverant\u00f6r av utrustning och tj\u00e4nster till 4G n\u00e4t och d\u00e4rmed NB-IoT f\u00e5r reflektera \u00f6ver samarbeten med teknikleverant\u00f6rer av olicensierade n\u00e4t. Detta f\u00f6r att s\u00e4kra st\u00f6rre kundbas och marknad samt ocks\u00e5 m\u00f6jligheter att i n\u00e4sta steg genomf\u00f6ra en transformering tj\u00e4nst till NB-IoT. Speciellt b\u00f6r detta ske i samarbete med mobila operat\u00f6rer d\u00e5 de tillsammans kan s\u00e4kra marknadsandel f\u00f6r NB-IoT.<\/p>\n<h4>Teknikleverant\u00f6rer till olicensierade teknologier<\/h4>\n<p>Nu finns marknadsf\u00f6nster innan NB-IOT har lanserats och d\u00e4rf\u00f6r \u00e4r en aktiv marknadsf\u00f6ring och samarbete med stadsn\u00e4ts \u2013 och mobiloperat\u00f6rer av vikt. Det \u00e4r centralt att nu snabbt visa p\u00e5 framg\u00e5ng.<\/p>\n<h4>Mobila operat\u00f6rer<\/h4>\n<p>Mobiloperat\u00f6r b\u00f6r fundera p\u00e5 en strikt strategi baserad p\u00e5 endast NB-IoT teknologi \u00e4r det mest framg\u00e5ngsrika. Det kan vara bra att erbjuda olicensierade m\u00f6jligheter nu i b\u00f6rjan f\u00f6r att s\u00e4kra kunder och marknadsandel. I n\u00e4sta steg kan en transformation till NB-IoT ske.<\/p>\n<h4>Stadsn\u00e4tsoperat\u00f6rer<\/h4>\n<p>F\u00f6r statsn\u00e4tsoperat\u00f6rer \u00e4r IoT omr\u00e5det en m\u00f6jlighet till nya aff\u00e4rer. Med st\u00f6d av olicensierade n\u00e4t som add-on i de v\u00e4l utbyggda fibern\u00e4ten samt nyttjande av befintlig operation, kundbas och relation med olika parter inom en kommun, finns stora m\u00f6jligheter till att bli framg\u00e5ngsrik. Utmaningen f\u00f6r en stadsn\u00e4tsoperat\u00f6r \u00e4r om organisationer inom en kommun upphandlar mer isolerade vertikala l\u00f6sningar f\u00f6r varje till\u00e4mpningsomr\u00e5de. Det kan inneb\u00e4ra stora f\u00f6rdelar f\u00f6r NB-IoT baserade l\u00f6sningar. F\u00f6r Stadn\u00e4tsoperat\u00f6rerna \u00e4r fungerande samarbete inom kommunen med ett helhetsperspektiv av stor vikt f\u00f6r att bli framg\u00e5ngsrik.<\/p>\n<p>2017-08-21 Tommy Ytterstr\u00f6m<\/p>","protected":false},"excerpt":{"rendered":"<p>Av Tommy Ytterstr\u00f6m<br \/>\nFokus p\u00e5 uppkopplingsm\u00f6jligheter och akt\u00f6rsroller<\/p>","protected":false},"author":3,"featured_media":3005,"comment_status":"closed","ping_status":"closed","sticky":false,"template":"","format":"standard","meta":{"_et_pb_use_builder":"","_et_pb_old_content":"","_et_gb_content_width":"","footnotes":""},"categories":[33],"tags":[],"class_list":["post-3965","post","type-post","status-publish","format-standard","has-post-thumbnail","hentry","category-www-proandpro-seprobloggen"],"_links":{"self":[{"href":"https:\/\/proandpro.se\/en\/wp-json\/wp\/v2\/posts\/3965","targetHints":{"allow":["GET"]}}],"collection":[{"href":"https:\/\/proandpro.se\/en\/wp-json\/wp\/v2\/posts"}],"about":[{"href":"https:\/\/proandpro.se\/en\/wp-json\/wp\/v2\/types\/post"}],"author":[{"embeddable":true,"href":"https:\/\/proandpro.se\/en\/wp-json\/wp\/v2\/users\/3"}],"replies":[{"embeddable":true,"href":"https:\/\/proandpro.se\/en\/wp-json\/wp\/v2\/comments?post=3965"}],"version-history":[{"count":11,"href":"https:\/\/proandpro.se\/en\/wp-json\/wp\/v2\/posts\/3965\/revisions"}],"predecessor-version":[{"id":3978,"href":"https:\/\/proandpro.se\/en\/wp-json\/wp\/v2\/posts\/3965\/revisions\/3978"}],"wp:featuredmedia":[{"embeddable":true,"href":"https:\/\/proandpro.se\/en\/wp-json\/wp\/v2\/media\/3005"}],"wp:attachment":[{"href":"https:\/\/proandpro.se\/en\/wp-json\/wp\/v2\/media?parent=3965"}],"wp:term":[{"taxonomy":"category","embeddable":true,"href":"https:\/\/proandpro.se\/en\/wp-json\/wp\/v2\/categories?post=3965"},{"taxonomy":"post_tag","embeddable":true,"href":"https:\/\/proandpro.se\/en\/wp-json\/wp\/v2\/tags?post=3965"}],"curies":[{"name":"wp","href":"https:\/\/api.w.org\/{rel}","templated":true}]}}