{"id":3745,"date":"2017-07-18T21:58:00","date_gmt":"2017-07-18T21:58:00","guid":{"rendered":"http:\/\/proandpro.se\/?p=3745"},"modified":"2017-08-01T21:35:00","modified_gmt":"2017-08-01T21:35:00","slug":"trainees-2017-2","status":"publish","type":"post","link":"https:\/\/proandpro.se\/en\/2017\/07\/18\/trainees-2017-2\/","title":{"rendered":"Pro&#038;Pro Trainees"},"content":{"rendered":"<h3>V\u00e4lkommen Daniel och Oscar, Pro&amp;Pro trainees 2017<\/h3>\n<p>Vi har n\u00f6jet att presentera och v\u00e4lkomna Daniel Adelander och Oscar Martinez som valts ut till Pro&amp;Pros traineeprogram 2017 \u2013 2018.<\/p>\n<p>Daniel Adelander \u00e4r civilingenj\u00f6r fr\u00e5n KTH, Maskinteknik med inriktning Industriell ekonomi. Han utf\u00f6rde sitt examensarbete p\u00e5 Bosch Rexroth d\u00e4r han unders\u00f6kte hur elektrifiering utmanar marknadsl\u00e5sningar och d\u00e4rmed p\u00e5verkar kundrelationer med B2B f\u00f6retag. Daniel kommer ursprungligen fr\u00e5n Stockholm och flyttar tillsammans med sin sambo till v\u00e5r region. Fritiden \u00e4gnas \u00e5t sport och friluftsliv. Daniel har t\u00e4vlat p\u00e5 internationell niv\u00e5 inom enhjuling d\u00e4r han ocks\u00e5 varit landslagskapten. <a href=\"http:\/\/proandpro.se\/en\/daniel-adelander\/\">L\u00e4s mer om Daniel<\/a><\/p>\n<p>Oscar Martinez \u00e4r civilingenj\u00f6r fr\u00e5n Mittuniversitetet, Industriell ekonomi med inriktning IT och f\u00f6r\u00e4ndringsledning. Han utf\u00f6rde sitt examensarbete vid Pro&amp;Pro med inriktningen att utveckla aff\u00e4rsmodellkoncept som mer tar h\u00e4nsyn till kulturf\u00f6r\u00e4ndring och kundorientering. Oscar kommer fr\u00e5n Sundsvall och fritiden \u00e4gnas \u00e5t sport som innebandy, golf och Paddel. <a href=\"http:\/\/proandpro.se\/en\/oscar-martinez\/\">L\u00e4s mer om Oscar<\/a><\/p>\n<p><a href=\"http:\/\/proandpro.se\/en\/karriar\/traineeprogram\/\">L\u00e4s mer om Traineeprogrammet h\u00e4r.<\/a><\/p>","protected":false},"excerpt":{"rendered":"<p>Vi har n\u00f6jet att presentera och v\u00e4lkomna Daniel Adelander och Oscar Martinez som valts ut till Pro&#038;Pros traineeprogram.<\/p>","protected":false},"author":1,"featured_media":3763,"comment_status":"closed","ping_status":"closed","sticky":false,"template":"","format":"standard","meta":{"_et_pb_use_builder":"","_et_pb_old_content":"","_et_gb_content_width":"","footnotes":""},"categories":[11],"tags":[],"class_list":["post-3745","post","type-post","status-publish","format-standard","has-post-thumbnail","hentry","category-nyheter"],"_links":{"self":[{"href":"https:\/\/proandpro.se\/en\/wp-json\/wp\/v2\/posts\/3745","targetHints":{"allow":["GET"]}}],"collection":[{"href":"https:\/\/proandpro.se\/en\/wp-json\/wp\/v2\/posts"}],"about":[{"href":"https:\/\/proandpro.se\/en\/wp-json\/wp\/v2\/types\/post"}],"author":[{"embeddable":true,"href":"https:\/\/proandpro.se\/en\/wp-json\/wp\/v2\/users\/1"}],"replies":[{"embeddable":true,"href":"https:\/\/proandpro.se\/en\/wp-json\/wp\/v2\/comments?post=3745"}],"version-history":[{"count":5,"href":"https:\/\/proandpro.se\/en\/wp-json\/wp\/v2\/posts\/3745\/revisions"}],"predecessor-version":[{"id":3764,"href":"https:\/\/proandpro.se\/en\/wp-json\/wp\/v2\/posts\/3745\/revisions\/3764"}],"wp:featuredmedia":[{"embeddable":true,"href":"https:\/\/proandpro.se\/en\/wp-json\/wp\/v2\/media\/3763"}],"wp:attachment":[{"href":"https:\/\/proandpro.se\/en\/wp-json\/wp\/v2\/media?parent=3745"}],"wp:term":[{"taxonomy":"category","embeddable":true,"href":"https:\/\/proandpro.se\/en\/wp-json\/wp\/v2\/categories?post=3745"},{"taxonomy":"post_tag","embeddable":true,"href":"https:\/\/proandpro.se\/en\/wp-json\/wp\/v2\/tags?post=3745"}],"curies":[{"name":"wp","href":"https:\/\/api.w.org\/{rel}","templated":true}]}}