{"id":3356,"date":"2017-03-02T19:35:11","date_gmt":"2017-03-02T19:35:11","guid":{"rendered":"http:\/\/proandpro.se\/?p=3356"},"modified":"2017-04-15T21:17:32","modified_gmt":"2017-04-15T21:17:32","slug":"halla-dar","status":"publish","type":"post","link":"https:\/\/proandpro.se\/en\/2017\/03\/02\/halla-dar\/","title":{"rendered":"Hall\u00e5 d\u00e4r&#8230;"},"content":{"rendered":"<h3>Oscar Martinez och Veronica Wenner, v\u00e4lkomna till exjobb hos Pro&amp;Pro!<\/h3>\n<p>Oscar och Veronica l\u00e4ser sista \u00e5ret p\u00e5 civilingenj\u00f6rsprogrammet Industriell Ekonomi p\u00e5 Mittuniversitetet och genomf\u00f6r nu\u00a0sitt examensarbete hos oss p\u00e5 Pro&amp;Pro.<\/p>\n<p><strong>Vilka \u00e4r ni?<\/strong><\/p>\n<p>Oscar &#8211; Civilingenj\u00f6rsstudent i Industriell ekonomi som har hunnit med\u00a0\u00e5tta terminer hos Mittuniversitetet, en termin med Amsterdam university of applied sciences och nu utf\u00f6rs sista terminen tillsammans med Pro&amp;Pro f\u00f6r att fullborda universitetslivet och f\u00e5 inspiration till n\u00e4sta kapitel. Nybliven hus\u00e4gare p\u00e5 Aln\u00f6 i Sundsvall, s\u00e5 bortsett fr\u00e5n renovering och extrajobb hos Akzo Nobel \u00e4gnas tiden \u00e5t innebandy, golf och min nyblivna favorit paddeltennis<\/p>\n<p>Veronica &#8211; Jag bor i Sundsvall och l\u00e4ser sista terminen p\u00e5 Mittuniversitet, Civilingenj\u00f6r i industriell ekonomi. Efter elva avverkade terminer ser jag fram emot examen i v\u00e5r! Aktiviteter \u00e4r n\u00e5got jag gillar, stort som sm\u00e5tt, oavsett om det \u00e4r tr\u00e4ning, upplevelser eller resor.<\/p>\n<p><strong>Vad handlar ert exjobb om?<\/strong><\/p>\n<p>Oscar och Veronica &#8211; Exjobbet vi g\u00f6r hos Pro&#038;Pro handlar om att unders\u00f6ka hur ett f\u00f6retags organisationskultur och aff\u00e4rsstrategier g\u00f6r det m\u00f6jligt att skapa kundupplevelser som uppfattas v\u00e4rdefulla ur b\u00e5de ett kund- och f\u00f6retagsperspektiv. Dessutom analyserar vi hur f\u00f6retagets aff\u00e4rsmodell kan omv\u00e4rderas och optimeras f\u00f6r att skapa h\u00e5llbara kundresor<\/p>\n<p><strong>Vad \u00e4r en underbar arbetsdag f\u00f6r er?<\/strong><\/p>\n<p>Oscar &#8211; \u00a0En underbar arbetsdag f\u00f6r mig inkluderar goda glada medarbetare, \u00f6ppna givande dialoger samt varierande, utvecklande och utmanande arbetsuppgifter.<\/p>\n<p>Veronica &#8211; En underbar arbetsdag f\u00f6r mig inneb\u00e4r energi. Att skapa ett flow i mitt eget arbete som ocks\u00e5 kan bidra till att andra f\u00e5r ett h\u00e4rligt flow kring mig. Jag uppskattar positiva st\u00e4mningar, diskussioner och \u00f6ppenhet. Jag \u00e4r tacksam att m\u00f6jligheten finns att g\u00f6ra exjobb p\u00e5 ett seri\u00f6st och ambiti\u00f6st f\u00f6retag som hj\u00e4lper oss att g\u00f6ra ett bra jobb!<\/p>\n<p><strong>Robert Tjernstr\u00f6m handledare vid Pro&amp;Pro, vilka strategiska perspektiv adresserar exjobbet?<\/strong><\/p>\n<p><img loading=\"lazy\" decoding=\"async\" class=\"size-medium wp-image-2840 alignright\" src=\"https:\/\/media.proandpro.se\/2015\/08\/Robert-JPG-300x198.jpg\" alt=\"\" width=\"300\" height=\"198\" srcset=\"https:\/\/media.proandpro.se\/2015\/08\/Robert-JPG-300x198.jpg 300w, https:\/\/media.proandpro.se\/2015\/08\/Robert-JPG-768x507.jpg 768w, https:\/\/media.proandpro.se\/2015\/08\/Robert-JPG-1024x676.jpg 1024w, https:\/\/media.proandpro.se\/2015\/08\/Robert-JPG-1080x713.jpg 1080w, https:\/\/media.proandpro.se\/2015\/08\/Robert-JPG.jpg 1598w\" sizes=\"(max-width: 300px) 100vw, 300px\" \/>&#8211; Vi har f\u00f6rs\u00f6kt att hitta ett omr\u00e5de d\u00e4r flera olika perspektiv skall vara m\u00f6jliga att adressera men grunden \u00e4r aff\u00e4rsmodellens relation till kundresan. Ur ett strategiskt perspektiv s\u00e5 \u00e4r detta ett stort omr\u00e5de som kan p\u00e5verka allt fr\u00e5n bemanning\/organisation till den kommunikation som g\u00f6rs. Uppgiften f\u00f6r Oscar och Veronica blir att f\u00f6rs\u00f6ka konkretisera och hitta delar som kan g\u00f6ra skillnad. Det k\u00e4nns v\u00e4ldigt kul att de nu kommit ig\u00e5ng s\u00e5 jag ser verkligen fram emot att vara med p\u00e5 deras exjobbsresa.<\/p>\n<p><strong>Vad \u00e4r en underbar arbetsdag f\u00f6r dig Robert?<\/strong><\/p>\n<p>&#8211; En underbar dag kan vara s\u00e5 mycket men det \u00e4r klart att n\u00e4r man k\u00e4nner att det jobb som gjorts under dagen verkligen gjort skillnad hos den uppdragsgivare man jobbar \u00e5t s\u00e5 k\u00e4nns det ju extra bra. Sedan \u00e4r jag personligen lite svag f\u00f6r runtomkringsnacket som kan vara i arbetet att k\u00e4nna att man kommer n\u00e4rmare en annan person \u00e4r ett annat exempel p\u00e5 en underbar dag.<\/p>\n<p>&nbsp;<\/p>","protected":false},"excerpt":{"rendered":"<p>Oscar och Veronica l\u00e4ser sista \u00e5ret p\u00e5 Industriell ekonomi och genomf\u00f6r sitt examensarbete hos oss p\u00e5 Pro&#038;Pro.<\/p>","protected":false},"author":1,"featured_media":3357,"comment_status":"closed","ping_status":"closed","sticky":false,"template":"","format":"standard","meta":{"_et_pb_use_builder":"","_et_pb_old_content":"","_et_gb_content_width":"","footnotes":""},"categories":[11],"tags":[],"class_list":["post-3356","post","type-post","status-publish","format-standard","has-post-thumbnail","hentry","category-nyheter"],"_links":{"self":[{"href":"https:\/\/proandpro.se\/en\/wp-json\/wp\/v2\/posts\/3356","targetHints":{"allow":["GET"]}}],"collection":[{"href":"https:\/\/proandpro.se\/en\/wp-json\/wp\/v2\/posts"}],"about":[{"href":"https:\/\/proandpro.se\/en\/wp-json\/wp\/v2\/types\/post"}],"author":[{"embeddable":true,"href":"https:\/\/proandpro.se\/en\/wp-json\/wp\/v2\/users\/1"}],"replies":[{"embeddable":true,"href":"https:\/\/proandpro.se\/en\/wp-json\/wp\/v2\/comments?post=3356"}],"version-history":[{"count":8,"href":"https:\/\/proandpro.se\/en\/wp-json\/wp\/v2\/posts\/3356\/revisions"}],"predecessor-version":[{"id":3387,"href":"https:\/\/proandpro.se\/en\/wp-json\/wp\/v2\/posts\/3356\/revisions\/3387"}],"wp:featuredmedia":[{"embeddable":true,"href":"https:\/\/proandpro.se\/en\/wp-json\/wp\/v2\/media\/3357"}],"wp:attachment":[{"href":"https:\/\/proandpro.se\/en\/wp-json\/wp\/v2\/media?parent=3356"}],"wp:term":[{"taxonomy":"category","embeddable":true,"href":"https:\/\/proandpro.se\/en\/wp-json\/wp\/v2\/categories?post=3356"},{"taxonomy":"post_tag","embeddable":true,"href":"https:\/\/proandpro.se\/en\/wp-json\/wp\/v2\/tags?post=3356"}],"curies":[{"name":"wp","href":"https:\/\/api.w.org\/{rel}","templated":true}]}}