{"id":3322,"date":"2017-01-31T20:07:53","date_gmt":"2017-01-31T20:07:53","guid":{"rendered":"http:\/\/proandpro.se\/?p=3322"},"modified":"2017-01-31T20:07:53","modified_gmt":"2017-01-31T20:07:53","slug":"samarbete-skvadern","status":"publish","type":"post","link":"https:\/\/proandpro.se\/en\/2017\/01\/31\/samarbete-skvadern\/","title":{"rendered":"Samarbete Skvadern"},"content":{"rendered":"<p>Vi \u00e4r mycket stolta \u00f6ver att presentera ett samarbete med Skvaderns Gymnasieskola i Sundsvall. Skvaderns gymnasieskola \u00e4r en friskola som startade 2002. Skolan har sedan starten p\u00e5 ett mycket bra s\u00e4tt utvecklat och utbildat ambiti\u00f6sa ungdomar f\u00f6r att kunna klara eftergymnasiala studier p\u00e5 h\u00f6g niv\u00e5. Eleverna ges ocks\u00e5 stora m\u00f6jligheter till personlig utveckling som en del i utbildningen.<\/p>\n<p>I samarbetet ing\u00e5r Pro&amp;Pro Awards gymnasiestipendium. Stipendiet delas ut till b\u00e4sta gymnasiearbete vid Naturvetenskapsprogrammet \u00e5k 3 och inneb\u00e4r:<\/p>\n<ul>\n<li>7 000 kr<\/li>\n<li>Deltagande p\u00e5 eventet Pro&amp;Pro dagen<\/li>\n<li>M\u00f6jlighet till samtal med Pro&amp;Pro medarbetare kring planering av framtida studier, framtida jobb och andra relevanta omr\u00e5den<\/li>\n<\/ul>\n<p>Tre stycken finalister nomineras av skolan. I den avg\u00f6rande slutfasen kommer varje finalist att muntligt f\u00e5 presentera sitt arbete med tillh\u00f6rande fr\u00e5gestund. Avg\u00f6rande faktorer \u00e4r ambition, analytisk niv\u00e5, skriftlig- och muntlig presentation. Presentation sker f\u00f6r Pro&amp;Pro.<\/p>\n<p>Tommy Ytterstr\u00f6m beskriver samarbetet s\u00e5 h\u00e4r: \u201dV\u00e5rt l\u00f6fte Makes people and business successful beskriver v\u00e5r passion av att se m\u00e4nniskor lyckas och f\u00f6retag utvecklas och f\u00f6r oss \u00e4r det sj\u00e4lvklart att utveckla unga och ambiti\u00f6sa individer. Vi vill inspirera till nyfikenhet, passion och gl\u00e4dje f\u00f6r universitetsstudier p\u00e5 h\u00f6g niv\u00e5. Vi vet att Skvaderns studenter \u00e4r erk\u00e4nt duktiga. Genom samarbetet med Skvadern f\u00e5r vi relationer med ambiti\u00f6sa studenter samtidigt som Skvadern och dess studenter f\u00e5r ta del av v\u00e5r erfarenhet, kompetens och inspiration. F\u00f6rutom stipendium ser vi aktiviteter som inspirationsf\u00f6rel\u00e4sningar och karri\u00e4rdialoger. \u201d<\/p>","protected":false},"excerpt":{"rendered":"<p>Vi \u00e4r mycket stolta \u00f6ver att presentera ett samarbete med Skvaderns Gymnasieskola i Sundsvall.<\/p>","protected":false},"author":1,"featured_media":3323,"comment_status":"closed","ping_status":"closed","sticky":false,"template":"","format":"standard","meta":{"_et_pb_use_builder":"","_et_pb_old_content":"","_et_gb_content_width":"","footnotes":""},"categories":[11],"tags":[],"class_list":["post-3322","post","type-post","status-publish","format-standard","has-post-thumbnail","hentry","category-nyheter"],"_links":{"self":[{"href":"https:\/\/proandpro.se\/en\/wp-json\/wp\/v2\/posts\/3322","targetHints":{"allow":["GET"]}}],"collection":[{"href":"https:\/\/proandpro.se\/en\/wp-json\/wp\/v2\/posts"}],"about":[{"href":"https:\/\/proandpro.se\/en\/wp-json\/wp\/v2\/types\/post"}],"author":[{"embeddable":true,"href":"https:\/\/proandpro.se\/en\/wp-json\/wp\/v2\/users\/1"}],"replies":[{"embeddable":true,"href":"https:\/\/proandpro.se\/en\/wp-json\/wp\/v2\/comments?post=3322"}],"version-history":[{"count":1,"href":"https:\/\/proandpro.se\/en\/wp-json\/wp\/v2\/posts\/3322\/revisions"}],"predecessor-version":[{"id":3324,"href":"https:\/\/proandpro.se\/en\/wp-json\/wp\/v2\/posts\/3322\/revisions\/3324"}],"wp:featuredmedia":[{"embeddable":true,"href":"https:\/\/proandpro.se\/en\/wp-json\/wp\/v2\/media\/3323"}],"wp:attachment":[{"href":"https:\/\/proandpro.se\/en\/wp-json\/wp\/v2\/media?parent=3322"}],"wp:term":[{"taxonomy":"category","embeddable":true,"href":"https:\/\/proandpro.se\/en\/wp-json\/wp\/v2\/categories?post=3322"},{"taxonomy":"post_tag","embeddable":true,"href":"https:\/\/proandpro.se\/en\/wp-json\/wp\/v2\/tags?post=3322"}],"curies":[{"name":"wp","href":"https:\/\/api.w.org\/{rel}","templated":true}]}}