{"id":3186,"date":"2016-11-13T19:58:50","date_gmt":"2016-11-13T19:58:50","guid":{"rendered":"http:\/\/proandpro.se\/?p=3186"},"modified":"2016-11-13T20:10:33","modified_gmt":"2016-11-13T20:10:33","slug":"vi-valkomnar-mikael","status":"publish","type":"post","link":"https:\/\/proandpro.se\/en\/2016\/11\/13\/vi-valkomnar-mikael\/","title":{"rendered":"Vi v\u00e4lkomnar Mikael"},"content":{"rendered":"<p>Vi har n\u00f6jet att v\u00e4lkomna Mikael Augustsson till oss p\u00e5 Pro&amp;Pro. Mikael b\u00f6rjar som konsult och r\u00e5dgivare den 1 januari och kommer att f\u00f6rst\u00e4rka v\u00e5rt erbjudande inom strategi, verksamhetsutveckling och projektledning f\u00f6r f\u00f6r\u00e4ndringsprogram. Det \u00e4r mycket roligt att Mikael, med sin erfarenhet och bakgrund, har valt att b\u00f6rja hos oss, s\u00e4ger VD Tommy Ytterstr\u00f6m. <\/p>\n<p>Mikael \u00e4r en v\u00e4stkustkille, uppvuxen i Bor\u00e5s, som har funnit sig v\u00e4l tillr\u00e4tta i Sundsvall d\u00e4r han uppskattar n\u00e4rheten till friluftsliv b\u00e5de sommar och vinter. Han \u00e4r civilingenj\u00f6r fr\u00e5n Chalmers med inriktning p\u00e5 Industriell Ekonomi och kommer n\u00e4rmast fr\u00e5n en tj\u00e4nst som utvecklingschef p\u00e5 HL display. Utifr\u00e5n sina tidigare anst\u00e4llningar, bland annat som managementkonsult p\u00e5 Triathlon Group, har Mikael byggt upp en bred internationell erfarenhet i b\u00e5de V\u00e4st- och \u00d6steuropa, Ryssland och Australien. D\u00e4r arbetade han med ansvar f\u00f6r stora f\u00f6r\u00e4ndringsprogram och verksamhetsutvecklingsprojekt hos kunder inom en flera olika branscher, bland annat fordonsindustrin, medicinteknik och finans.<\/p>\n<p>Mikael \u00e4r en resultatorienterad ledare som brinner f\u00f6r att driva f\u00f6r\u00e4ndrings- och utvecklingsarbete och att se m\u00e4nniskor och organisationer v\u00e4xa. Han \u00e4r nyfiken och har ett pragmatiskt angrepps\u00e4tt som fokuserar p\u00e5 att finna m\u00f6jligheter och l\u00f6sningar. Han gillar b\u00e5de att arbeta p\u00e5 strategisk och operativ niv\u00e5 f\u00f6r att s\u00e4kerst\u00e4lla att v\u00e4rde skapas. <\/p>\n<p><a href=\"http:\/\/proandpro.se\/en\/mikael-augustsson\/\">L\u00e4s mer om Mikael h\u00e4r.<\/a><\/p>","protected":false},"excerpt":{"rendered":"<p>Vi har n\u00f6jet att v\u00e4lkomna Mikael Augustsson till oss p\u00e5 Pro&#038;Pro. Mikael b\u00f6rjar som konsult och r\u00e5dgivare den 1 januari 2017.<\/p>","protected":false},"author":1,"featured_media":3190,"comment_status":"closed","ping_status":"closed","sticky":false,"template":"","format":"standard","meta":{"_et_pb_use_builder":"","_et_pb_old_content":"","_et_gb_content_width":"","footnotes":""},"categories":[11],"tags":[],"class_list":["post-3186","post","type-post","status-publish","format-standard","has-post-thumbnail","hentry","category-nyheter"],"_links":{"self":[{"href":"https:\/\/proandpro.se\/en\/wp-json\/wp\/v2\/posts\/3186","targetHints":{"allow":["GET"]}}],"collection":[{"href":"https:\/\/proandpro.se\/en\/wp-json\/wp\/v2\/posts"}],"about":[{"href":"https:\/\/proandpro.se\/en\/wp-json\/wp\/v2\/types\/post"}],"author":[{"embeddable":true,"href":"https:\/\/proandpro.se\/en\/wp-json\/wp\/v2\/users\/1"}],"replies":[{"embeddable":true,"href":"https:\/\/proandpro.se\/en\/wp-json\/wp\/v2\/comments?post=3186"}],"version-history":[{"count":7,"href":"https:\/\/proandpro.se\/en\/wp-json\/wp\/v2\/posts\/3186\/revisions"}],"predecessor-version":[{"id":3196,"href":"https:\/\/proandpro.se\/en\/wp-json\/wp\/v2\/posts\/3186\/revisions\/3196"}],"wp:featuredmedia":[{"embeddable":true,"href":"https:\/\/proandpro.se\/en\/wp-json\/wp\/v2\/media\/3190"}],"wp:attachment":[{"href":"https:\/\/proandpro.se\/en\/wp-json\/wp\/v2\/media?parent=3186"}],"wp:term":[{"taxonomy":"category","embeddable":true,"href":"https:\/\/proandpro.se\/en\/wp-json\/wp\/v2\/categories?post=3186"},{"taxonomy":"post_tag","embeddable":true,"href":"https:\/\/proandpro.se\/en\/wp-json\/wp\/v2\/tags?post=3186"}],"curies":[{"name":"wp","href":"https:\/\/api.w.org\/{rel}","templated":true}]}}