{"id":2909,"date":"2016-06-05T11:29:53","date_gmt":"2016-06-05T11:29:53","guid":{"rendered":"http:\/\/proandpro.se\/?p=2909"},"modified":"2016-09-11T18:52:37","modified_gmt":"2016-09-11T18:52:37","slug":"internship-2016","status":"publish","type":"post","link":"https:\/\/proandpro.se\/en\/2016\/06\/05\/internship-2016\/","title":{"rendered":"Internship 2016"},"content":{"rendered":"<p>Vi har n\u00f6jet att v\u00e4lkomna\u00a0Linn\u00e9a\u00a0Lindstr\u00f6m till oss p\u00e5 Pro&amp;Pro. Linnea kommer under sommaren inom ramen f\u00f6r Pro&amp;Pro Internship att genomf\u00f6ra en analys inom\u00a0omr\u00e5dena <em><strong>Remote leadership\u00a0<\/strong><\/em>and <em><strong>Rekrytering och utveckling av medarbetare f\u00f6dda p\u00e5 1990-talet<\/strong><\/em>. Uppdraget syftar till att g\u00f6ra en analys av omv\u00e4rld, forskning och regionala behov och utifr\u00e5n denna analys ge tydliga rekommendationer hur f\u00f6retagen b\u00f6r f\u00f6rh\u00e5llas sig till och agera f\u00f6r att m\u00f6ta kommande utmaningar.\u00a0Genom\u00a0arbetet hoppas vi kunna bidra till att\u00a0\u00f6ka kunskapen och f\u00f6rberedelsen i regionens n\u00e4ringsliv inom dessa, f\u00f6r framtiden, viktiga\u00a0omr\u00e5den.<\/p>\n<p>Linn\u00e9a har avslutat\u00a0tredje \u00e5ret p\u00e5 civilingenj\u00f6rsprogrammet Industriell ekonomi p\u00e5 Chalmers i G\u00f6teborg\u00a0och har ett stort intresse f\u00f6r f\u00f6retagsutveckling och management. F\u00f6r Pro&amp;Pro \u00e4r talangutveckling av duktiga studenter en viktig del i strategin att bli attraktiv och framg\u00e5ngsrik som f\u00f6retag.<\/p>\n<p><strong>Om Pro&amp;Pro internship<\/strong><br \/>\nPro&amp;Pro erbjuder kvalificerade internship till ambiti\u00f6sa studenter med syfte att \u00f6ka studentens n\u00e4ringslivserfarenhet, kompetens och att attrahera potentiella framtida medarbetare p\u00e5 Pro&amp;Pro. Omfattning och uppl\u00e4gg utformas tillsammans med studenten. Uppdraget inriktas p\u00e5 n\u00e5got av Pro&amp;Pros kompetens eller satsningsomr\u00e5den.<\/p>","protected":false},"excerpt":{"rendered":"<p>Vi har n\u00f6jet att v\u00e4lkomna Linn\u00e9a Lindstr\u00f6m till oss p\u00e5 Pro&#038;Pro. Linn\u00e9a kommer under sommaren att genomf\u00f6ra Pro&#038;Pro Internship med fokus p\u00e5 ledarskap och rekrytering.<\/p>","protected":false},"author":1,"featured_media":2921,"comment_status":"closed","ping_status":"closed","sticky":false,"template":"","format":"standard","meta":{"_et_pb_use_builder":"","_et_pb_old_content":"","_et_gb_content_width":"","footnotes":""},"categories":[11],"tags":[26],"class_list":["post-2909","post","type-post","status-publish","format-standard","has-post-thumbnail","hentry","category-nyheter","tag-internship"],"_links":{"self":[{"href":"https:\/\/proandpro.se\/en\/wp-json\/wp\/v2\/posts\/2909","targetHints":{"allow":["GET"]}}],"collection":[{"href":"https:\/\/proandpro.se\/en\/wp-json\/wp\/v2\/posts"}],"about":[{"href":"https:\/\/proandpro.se\/en\/wp-json\/wp\/v2\/types\/post"}],"author":[{"embeddable":true,"href":"https:\/\/proandpro.se\/en\/wp-json\/wp\/v2\/users\/1"}],"replies":[{"embeddable":true,"href":"https:\/\/proandpro.se\/en\/wp-json\/wp\/v2\/comments?post=2909"}],"version-history":[{"count":11,"href":"https:\/\/proandpro.se\/en\/wp-json\/wp\/v2\/posts\/2909\/revisions"}],"predecessor-version":[{"id":2923,"href":"https:\/\/proandpro.se\/en\/wp-json\/wp\/v2\/posts\/2909\/revisions\/2923"}],"wp:featuredmedia":[{"embeddable":true,"href":"https:\/\/proandpro.se\/en\/wp-json\/wp\/v2\/media\/2921"}],"wp:attachment":[{"href":"https:\/\/proandpro.se\/en\/wp-json\/wp\/v2\/media?parent=2909"}],"wp:term":[{"taxonomy":"category","embeddable":true,"href":"https:\/\/proandpro.se\/en\/wp-json\/wp\/v2\/categories?post=2909"},{"taxonomy":"post_tag","embeddable":true,"href":"https:\/\/proandpro.se\/en\/wp-json\/wp\/v2\/tags?post=2909"}],"curies":[{"name":"wp","href":"https:\/\/api.w.org\/{rel}","templated":true}]}}