{"id":1999,"date":"2015-05-14T08:33:50","date_gmt":"2015-05-14T08:33:50","guid":{"rendered":"http:\/\/proandpro.se\/?p=1999"},"modified":"2015-09-16T16:59:30","modified_gmt":"2015-09-16T16:59:30","slug":"ramavtal-med-mittuniversitetet","status":"publish","type":"post","link":"https:\/\/proandpro.se\/en\/2015\/05\/14\/ramavtal-med-mittuniversitetet\/","title":{"rendered":"Ramavtal med Mittuniversitetet"},"content":{"rendered":"<p>[et_pb_section admin_label=&#8221;section&#8221;][et_pb_row admin_label=&#8221;row&#8221;][et_pb_column type=&#8221;4_4&#8243;][et_pb_text admin_label=&#8221;Text&#8221;]<\/p>\n<div id=\"attachment_2002\" style=\"width: 260px\" class=\"wp-caption alignright\"><img loading=\"lazy\" decoding=\"async\" aria-describedby=\"caption-attachment-2002\" class=\"wp-image-2002\" src=\"https:\/\/media.proandpro.se\/2015\/05\/Miun-300x200.jpg\" alt=\"-\" width=\"250\" height=\"167\" srcset=\"https:\/\/media.proandpro.se\/2015\/05\/Miun-300x200.jpg 300w, https:\/\/media.proandpro.se\/2015\/05\/Miun-1024x683.jpg 1024w, https:\/\/media.proandpro.se\/2015\/05\/Miun-100x67.jpg 100w, https:\/\/media.proandpro.se\/2015\/05\/Miun-150x100.jpg 150w, https:\/\/media.proandpro.se\/2015\/05\/Miun-200x133.jpg 200w, https:\/\/media.proandpro.se\/2015\/05\/Miun-450x300.jpg 450w, https:\/\/media.proandpro.se\/2015\/05\/Miun-600x400.jpg 600w, https:\/\/media.proandpro.se\/2015\/05\/Miun-900x600.jpg 900w, https:\/\/media.proandpro.se\/2015\/05\/Miun.jpg 1107w\" sizes=\"(max-width: 250px) 100vw, 250px\" \/><p id=\"caption-attachment-2002\" class=\"wp-caption-text\">Mittuniversitetet &#8211; Campus Sundsvall<\/p><\/div>\n<p>Mittuniversitetet och dess fakultet f\u00f6r Naturvetenskap, Teknik och Media har\u00a0upphandlat ramavtal\u00a0inom\u00a0omr\u00e5dena ledningsst\u00f6d, processutveckling, projektledning, analysarbete och utbildning.\u00a0\u00a0I\u00a0upphandlingen\u00a0valdes Pro&amp;Pro\u00a0som leverant\u00f6r med ett avtal som g\u00e4ller 3 \u00e5r plus option om f\u00f6rl\u00e4ngning ett \u00e5r.<\/p>\n<p>Vi \u00e4r oerh\u00f6rt glada och stolta \u00f6ver att f\u00e5 ett ramavtal med denna viktiga och inspirerande kund, s\u00e4ger Tommy Ytterstr\u00f6m, VD Pro&amp;Pro.\u00a0F\u00f6r Pro&amp;Pro ger det en bekr\u00e4ftelse p\u00e5 h\u00f6g kompetens\u00a0inom strategi, aff\u00e4rsutveckling, verksamhetsutveckling och ledarskap\u00a0och v\u00e5ra metoder att f\u00e5 dessa omr\u00e5den att samverka f\u00f6r att leverera goda resultat.<\/p>\n<p>Vi har nu m\u00f6jlighet att\u00a0vara med och bidra till en kund som har\u00a0h\u00f6ga ambitioner i utvecklingen\u00a0framt\u00e5t inom utbildning och forskning avslutar Tommy Ytterstr\u00f6m.<\/p>\n<p>&nbsp;<\/p>\n<p>[\/et_pb_text][\/et_pb_column][\/et_pb_row][\/et_pb_section]<\/p>\n","protected":false},"excerpt":{"rendered":"<p>Mittuniversitetet och dess fakultet f\u00f6r Naturvetenskap, Teknik och Media har upphandlat ramavtal inom omr\u00e5dena ledningsst\u00f6d, processutveckling, projektledning, analysarbete och utbildning.  I upphandlingen valdes Pro&#038;Pro som leverant\u00f6r med ett avtal som g\u00e4ller 3 \u00e5r plus option om f\u00f6rl\u00e4ngning ett \u00e5r. Vi \u00e4r oerh\u00f6rt glada och stolta \u00f6ver att f\u00e5 ett ramavtal med denna viktiga och inspirerande kund, s\u00e4ger Tommy Ytterstr\u00f6m, VD Pro&#038;Pro. <\/p>","protected":false},"author":1,"featured_media":2005,"comment_status":"closed","ping_status":"closed","sticky":false,"template":"","format":"standard","meta":{"_et_pb_use_builder":"on","_et_pb_old_content":"[caption id=\"attachment_2002\" align=\"alignright\" width=\"250\"]<img class=\"wp-image-2002\" src=\"https:\/\/media.proandpro.se\/2015\/05\/Miun-300x200.jpg\" alt=\"-\" width=\"250\" height=\"167\" \/> Mittuniversitetet - Campus Sundsvall[\/caption]<p>Mittuniversitetet och dess fakultet f\u00f6r Naturvetenskap, Teknik och Media har\u00a0upphandlat ramavtal\u00a0inom\u00a0omr\u00e5dena ledningsst\u00f6d, processutveckling, projektledning, analysarbete och utbildning.\u00a0\u00a0I\u00a0upphandlingen\u00a0valdes Pro&amp;Pro\u00a0som leverant\u00f6r med ett avtal som g\u00e4ller 3 \u00e5r plus option om f\u00f6rl\u00e4ngning ett \u00e5r.<\/p><p>Vi \u00e4r oerh\u00f6rt glada och stolta \u00f6ver att f\u00e5 ett ramavtal med denna viktiga och inspirerande kund, s\u00e4ger Tommy Ytterstr\u00f6m, VD Pro&amp;Pro.\u00a0F\u00f6r Pro&amp;Pro ger det en bekr\u00e4ftelse p\u00e5 h\u00f6g kompetens\u00a0inom strategi, aff\u00e4rsutveckling, verksamhetsutveckling och ledarskap\u00a0och v\u00e5ra metoder att f\u00e5 dessa omr\u00e5den att samverka f\u00f6r att leverera goda resultat.<\/p><p>Vi har nu m\u00f6jlighet att\u00a0vara med och bidra till en kund som har\u00a0h\u00f6ga ambitioner i utvecklingen\u00a0framt\u00e5t inom utbildning och forskning avslutar Tommy Ytterstr\u00f6m.<\/p><p>\u00a0<\/p>","_et_gb_content_width":"","footnotes":""},"categories":[11],"tags":[],"class_list":["post-1999","post","type-post","status-publish","format-standard","has-post-thumbnail","hentry","category-nyheter"],"_links":{"self":[{"href":"https:\/\/proandpro.se\/en\/wp-json\/wp\/v2\/posts\/1999","targetHints":{"allow":["GET"]}}],"collection":[{"href":"https:\/\/proandpro.se\/en\/wp-json\/wp\/v2\/posts"}],"about":[{"href":"https:\/\/proandpro.se\/en\/wp-json\/wp\/v2\/types\/post"}],"author":[{"embeddable":true,"href":"https:\/\/proandpro.se\/en\/wp-json\/wp\/v2\/users\/1"}],"replies":[{"embeddable":true,"href":"https:\/\/proandpro.se\/en\/wp-json\/wp\/v2\/comments?post=1999"}],"version-history":[{"count":7,"href":"https:\/\/proandpro.se\/en\/wp-json\/wp\/v2\/posts\/1999\/revisions"}],"predecessor-version":[{"id":2231,"href":"https:\/\/proandpro.se\/en\/wp-json\/wp\/v2\/posts\/1999\/revisions\/2231"}],"wp:featuredmedia":[{"embeddable":true,"href":"https:\/\/proandpro.se\/en\/wp-json\/wp\/v2\/media\/2005"}],"wp:attachment":[{"href":"https:\/\/proandpro.se\/en\/wp-json\/wp\/v2\/media?parent=1999"}],"wp:term":[{"taxonomy":"category","embeddable":true,"href":"https:\/\/proandpro.se\/en\/wp-json\/wp\/v2\/categories?post=1999"},{"taxonomy":"post_tag","embeddable":true,"href":"https:\/\/proandpro.se\/en\/wp-json\/wp\/v2\/tags?post=1999"}],"curies":[{"name":"wp","href":"https:\/\/api.w.org\/{rel}","templated":true}]}}