{"id":1959,"date":"2015-03-01T17:43:23","date_gmt":"2015-03-01T17:43:23","guid":{"rendered":"http:\/\/proandpro.se\/?p=1959"},"modified":"2015-03-01T18:03:49","modified_gmt":"2015-03-01T18:03:49","slug":"produktlonsamhet-i-fokus-pa-erfa-traff","status":"publish","type":"post","link":"https:\/\/proandpro.se\/en\/2015\/03\/01\/produktlonsamhet-i-fokus-pa-erfa-traff\/","title":{"rendered":"Produktl\u00f6nsamhet i fokus p\u00e5 ERFA\u00ae tr\u00e4ff"},"content":{"rendered":"<p>Den 23 till 24 februari genomf\u00f6rdes\u00a0en ny\u00a0ERFA\u00ae tr\u00e4ff och denna g\u00e5ng arbetade vi intensivt med ett produktl\u00f6nsamhets case f\u00f6r ett framg\u00e5ngsrikt globalt f\u00f6retag med\u00a0bred produktportf\u00f6lj.<\/p>\n<p>Produktl\u00f6nsamhet \u00e4r en fr\u00e5ga som best\u00e5r av m\u00e5nga komponenter d\u00e4r utg\u00e5ngspunkt tas i kundbehov, l\u00f6nsamhet\u00a0i kunddimensionen\u00a0\u00a0och f\u00f6retagets m\u00e5lbild. Produktstruktur och tillr\u00e4ckligt djup i kostnadsallokering och s\u00e4ljstyrning\u00a0\u00e4r andra viktiga komponenter. Tillsammans analyserade vi och summerade perspektiv av vikt i l\u00f6sningen.<\/p>\n<p>N\u00e4sta tr\u00e4ff \u00e4r i september och d\u00e5 v\u00e4ntar ett nytt sp\u00e4nnande case att tillsammans i ERFA\u00ae gruppen ta tag i.<\/p>\n<p>ERFA\u00ae och \u00e4r ett exklusivt format som v\u00e4nder sig till personer p\u00e5 ledande befattning inom n\u00e4ringsliv och f\u00f6rvaltning. Fokus \u00e4r att tr\u00e4ffa andra chefer och ledare som s\u00f6ker ny kompetens och sparring f\u00f6r att testa och utveckla strategiska tankar och resonemang inf\u00f6r viktiga beslut. ERFA\u00ae konceptet \u00e4r utvecklat av Handelsh\u00f6gskolan i Stockholm<\/p>","protected":false},"excerpt":{"rendered":"<p>Den 23 till 24 februari genomf\u00f6rdes\u00a0en ny\u00a0ERFA\u00ae tr\u00e4ff och denna g\u00e5ng arbetade vi intensivt med ett produktl\u00f6nsamhets case f\u00f6r ett framg\u00e5ngsrikt globalt f\u00f6retag med\u00a0bred produktportf\u00f6lj. Produktl\u00f6nsamhet \u00e4r en fr\u00e5ga som best\u00e5r av m\u00e5nga komponenter d\u00e4r utg\u00e5ngspunkt tas i kundbehov, l\u00f6nsamhet\u00a0i kunddimensionen\u00a0\u00a0och f\u00f6retagets m\u00e5lbild. Produktstruktur och tillr\u00e4ckligt djup i kostnadsallokering och s\u00e4ljstyrning\u00a0\u00e4r andra viktiga komponenter. Tillsammans [&hellip;]<\/p>\n","protected":false},"author":1,"featured_media":1891,"comment_status":"closed","ping_status":"closed","sticky":false,"template":"","format":"standard","meta":{"_et_pb_use_builder":"","_et_pb_old_content":"","_et_gb_content_width":"","footnotes":""},"categories":[11],"tags":[],"class_list":["post-1959","post","type-post","status-publish","format-standard","has-post-thumbnail","hentry","category-nyheter"],"_links":{"self":[{"href":"https:\/\/proandpro.se\/en\/wp-json\/wp\/v2\/posts\/1959","targetHints":{"allow":["GET"]}}],"collection":[{"href":"https:\/\/proandpro.se\/en\/wp-json\/wp\/v2\/posts"}],"about":[{"href":"https:\/\/proandpro.se\/en\/wp-json\/wp\/v2\/types\/post"}],"author":[{"embeddable":true,"href":"https:\/\/proandpro.se\/en\/wp-json\/wp\/v2\/users\/1"}],"replies":[{"embeddable":true,"href":"https:\/\/proandpro.se\/en\/wp-json\/wp\/v2\/comments?post=1959"}],"version-history":[{"count":4,"href":"https:\/\/proandpro.se\/en\/wp-json\/wp\/v2\/posts\/1959\/revisions"}],"predecessor-version":[{"id":1964,"href":"https:\/\/proandpro.se\/en\/wp-json\/wp\/v2\/posts\/1959\/revisions\/1964"}],"wp:featuredmedia":[{"embeddable":true,"href":"https:\/\/proandpro.se\/en\/wp-json\/wp\/v2\/media\/1891"}],"wp:attachment":[{"href":"https:\/\/proandpro.se\/en\/wp-json\/wp\/v2\/media?parent=1959"}],"wp:term":[{"taxonomy":"category","embeddable":true,"href":"https:\/\/proandpro.se\/en\/wp-json\/wp\/v2\/categories?post=1959"},{"taxonomy":"post_tag","embeddable":true,"href":"https:\/\/proandpro.se\/en\/wp-json\/wp\/v2\/tags?post=1959"}],"curies":[{"name":"wp","href":"https:\/\/api.w.org\/{rel}","templated":true}]}}