{"id":1932,"date":"2015-01-31T19:13:20","date_gmt":"2015-01-31T19:13:20","guid":{"rendered":"http:\/\/proandpro.se\/?p=1932"},"modified":"2015-02-10T21:36:49","modified_gmt":"2015-02-10T21:36:49","slug":"1932","status":"publish","type":"post","link":"https:\/\/proandpro.se\/en\/2015\/01\/31\/1932\/","title":{"rendered":"Fr\u00e5n kostnads- till innovationsfokus"},"content":{"rendered":"<p><img loading=\"lazy\" decoding=\"async\" class=\"alignright wp-image-1934 size-medium\" src=\"https:\/\/media.proandpro.se\/2015\/01\/Byggnad-015-300x199.jpg\" alt=\"Torn\" width=\"300\" height=\"199\" srcset=\"https:\/\/media.proandpro.se\/2015\/01\/Byggnad-015-300x199.jpg 300w, https:\/\/media.proandpro.se\/2015\/01\/Byggnad-015-100x66.jpg 100w, https:\/\/media.proandpro.se\/2015\/01\/Byggnad-015-150x99.jpg 150w, https:\/\/media.proandpro.se\/2015\/01\/Byggnad-015-200x133.jpg 200w, https:\/\/media.proandpro.se\/2015\/01\/Byggnad-015-450x298.jpg 450w, https:\/\/media.proandpro.se\/2015\/01\/Byggnad-015-600x398.jpg 600w, https:\/\/media.proandpro.se\/2015\/01\/Byggnad-015.jpg 640w\" sizes=\"(max-width: 300px) 100vw, 300px\" \/>En tydlig trend som vi allt oftare m\u00e4rker av i v\u00e5ra kunddialoger \u00e4r att f\u00f6retag i regionen nu skiftar fokus fr\u00e5n kostnad och rationalisering till tillv\u00e4xt och innovation. En f\u00f6rklaring till denna f\u00f6r\u00e4ndring \u00e4r att m\u00e5nga f\u00f6retags balansr\u00e4kningar efter m\u00e5nga \u00e5rs optimering \u00e4r s\u00e5 slimmade att den befintliga kostnadsniv\u00e5n \u00e4r sv\u00e5r att s\u00e4nka ytterligare utan stor p\u00e5verkan p\u00e5 kundn\u00f6jdhet och kvalitet.<\/p>\n<p>Denna fokuserings\u00e4ndring har betydande p\u00e5verkan i v\u00e5r region d\u00e4r traditionella branscher och industrier st\u00e5r inf\u00f6r stora utmaningar att hitta nya produkter och skapa ny innovation. Genom att f\u00f6rst\u00e5 kunden och skapa verklig attraktivitet och v\u00e4rden som kunder uppskattar finns goda f\u00f6ruts\u00e4ttningar att v\u00e4nda utvecklingen och skapa god tillv\u00e4xt p\u00e5 \u00f6versta raden.<\/p>\n<p>M\u00e5ls\u00e4ttningen att skapa tillv\u00e4xt riskerar f\u00f6r m\u00e5nga att resultera i ett mycket stort fokus p\u00e5 produktutveckling vilket kan medf\u00f6ra att produktportf\u00f6ljen breddas men kunderna uteblir. Andra f\u00f6retag arbetar intensivt med aff\u00e4rsutveckling och har hittat kundbehov och s\u00e4tt att n\u00e5 kunderna i r\u00e4tta kanaler och med r\u00e4tt erbjudande men upplever att produkt- eller tj\u00e4nsteutvecklingen inte samspelar med aff\u00e4rsutvecklingen.<\/p>\n<p>Den fortsatt mycket snabba teknikutvecklingen medf\u00f6r ocks\u00e5 ett \u00f6kat behov av samarbete med akt\u00f6rer inom nya omr\u00e5den och konsekvent omv\u00e4rldsspaning f\u00f6r att skapa en f\u00f6rst\u00e5else och medvetenhet i organisationen om de nya m\u00f6jligheter och utmaningar som teknologiutvecklingen inneb\u00e4r. V\u00e5r erfarenhet \u00e4r att f\u00f6retag som kontinuerligt och strukturerat arbetar med omv\u00e4rlds, &#8211; och kundanalys har betydligt b\u00e4ttre f\u00f6ruts\u00e4ttningar att lyckas med f\u00f6rnyelsen av produktportf\u00f6ljen.<\/p>\n<p>Initiativ som ska skapa kundv\u00e4rde och tillv\u00e4xt \u00e4r normalt sv\u00e5rare att genomf\u00f6ra \u00e4n initiativ som \u00f6kar effektivitet och inneb\u00e4r kostnadsreduktion. Som m\u00e5nga som arbetar med produktledning och aff\u00e4rsutveckling har f\u00e5tt erfara \u00e4r inneh\u00e5ller Business case f\u00f6r nya produkter och innovationer sv\u00e5rare parametrar, exempelvis volymer, dynamiska effekter och prisniv\u00e5er, att uppskatta och ber\u00e4kna. Aff\u00e4rsanalysarbetet st\u00e4ller h\u00f6gra krav p\u00e5 att kunna hantera tyst kunskap, det vill s\u00e4ga vilka behov \u00e4r det som finns men inte s\u00e4gs och vilka egenskaper ska produkten uppfylla som inte \u00e4r uttalade.<\/p>\n<p>F\u00f6retag som lyckas i m\u00e5ls\u00e4ttningen att skapa \u00f6kad innovation arbetar strukturerat och lyckas med att f\u00e5 aff\u00e4rsutveckling och produktutveckling att samspela. Detta inneb\u00e4r att r\u00e4tt produkter kan lanseras vid r\u00e4tt tidpunkt, till r\u00e4tt kunder med r\u00e4tt funktionalitet, kvalitet och service.<\/p>","protected":false},"excerpt":{"rendered":"<p>En tydlig trend som vi allt oftare m\u00e4rker av i v\u00e5ra kunddialoger \u00e4r att f\u00f6retag i regionen nu skiftar fokus fr\u00e5n kostnad och rationalisering till tillv\u00e4xt och innovation. En f\u00f6rklaring till denna f\u00f6r\u00e4ndring \u00e4r att m\u00e5nga f\u00f6retags balansr\u00e4kningar efter m\u00e5nga \u00e5rs optimering \u00e4r s\u00e5 slimmade att den befintliga kostnadsniv\u00e5n \u00e4r sv\u00e5r att s\u00e4nka ytterligare utan [&hellip;]<\/p>\n","protected":false},"author":1,"featured_media":1956,"comment_status":"closed","ping_status":"closed","sticky":false,"template":"","format":"standard","meta":{"_et_pb_use_builder":"","_et_pb_old_content":"","_et_gb_content_width":"","footnotes":""},"categories":[11],"tags":[],"class_list":["post-1932","post","type-post","status-publish","format-standard","has-post-thumbnail","hentry","category-nyheter"],"_links":{"self":[{"href":"https:\/\/proandpro.se\/en\/wp-json\/wp\/v2\/posts\/1932","targetHints":{"allow":["GET"]}}],"collection":[{"href":"https:\/\/proandpro.se\/en\/wp-json\/wp\/v2\/posts"}],"about":[{"href":"https:\/\/proandpro.se\/en\/wp-json\/wp\/v2\/types\/post"}],"author":[{"embeddable":true,"href":"https:\/\/proandpro.se\/en\/wp-json\/wp\/v2\/users\/1"}],"replies":[{"embeddable":true,"href":"https:\/\/proandpro.se\/en\/wp-json\/wp\/v2\/comments?post=1932"}],"version-history":[{"count":7,"href":"https:\/\/proandpro.se\/en\/wp-json\/wp\/v2\/posts\/1932\/revisions"}],"predecessor-version":[{"id":1941,"href":"https:\/\/proandpro.se\/en\/wp-json\/wp\/v2\/posts\/1932\/revisions\/1941"}],"wp:featuredmedia":[{"embeddable":true,"href":"https:\/\/proandpro.se\/en\/wp-json\/wp\/v2\/media\/1956"}],"wp:attachment":[{"href":"https:\/\/proandpro.se\/en\/wp-json\/wp\/v2\/media?parent=1932"}],"wp:term":[{"taxonomy":"category","embeddable":true,"href":"https:\/\/proandpro.se\/en\/wp-json\/wp\/v2\/categories?post=1932"},{"taxonomy":"post_tag","embeddable":true,"href":"https:\/\/proandpro.se\/en\/wp-json\/wp\/v2\/tags?post=1932"}],"curies":[{"name":"wp","href":"https:\/\/api.w.org\/{rel}","templated":true}]}}