{"id":1552,"date":"2014-08-19T08:44:38","date_gmt":"2014-08-19T08:44:38","guid":{"rendered":"http:\/\/proandpro.se\/?p=1552"},"modified":"2014-08-19T08:53:19","modified_gmt":"2014-08-19T08:53:19","slug":"lyssna-pa-markus-pa-sundsvall42","status":"publish","type":"post","link":"https:\/\/proandpro.se\/en\/2014\/08\/19\/lyssna-pa-markus-pa-sundsvall42\/","title":{"rendered":"Lyssna p\u00e5 Markus p\u00e5 Sundsvall42"},"content":{"rendered":"<p>P\u00e5 \u00e5rets Sundsvall42 konferens\u00a0kommer Markus Marklund, seniorkonsult p\u00e5 Pro&amp;Pro, att f\u00f6rel\u00e4sa inom ledarskap.<\/p>\n<p>F\u00f6rel\u00e4sningen med rubriken, Le dig och andra till framg\u00e5ng, handlar om hur du som ledare skapar gl\u00e4dje och engagemang bland medarbetarna. Att skapa\u00a0ett stort engagemang \u00e4r avg\u00f6rande f\u00f6r att lyckas som ledare. Det g\u00e4ller att ha glimten i \u00f6gat, vara nyfiken, kunna ta tillvara varje individs drivkraft och kreativitet f\u00f6r att f\u00f6retaget ska kunna n\u00e5 sin fulla potential.<\/p>\n<p><img loading=\"lazy\" decoding=\"async\" class=\"alignright wp-image-1459\" src=\"https:\/\/media.proandpro.se\/2013\/02\/Markus-4-3-787x10241-230x300.jpg\" alt=\"Markus 4-3 (787x1024)\" width=\"115\" height=\"150\" srcset=\"https:\/\/media.proandpro.se\/2013\/02\/Markus-4-3-787x10241-230x300.jpg 230w, https:\/\/media.proandpro.se\/2013\/02\/Markus-4-3-787x10241-100x130.jpg 100w, https:\/\/media.proandpro.se\/2013\/02\/Markus-4-3-787x10241-150x195.jpg 150w, https:\/\/media.proandpro.se\/2013\/02\/Markus-4-3-787x10241-200x260.jpg 200w, https:\/\/media.proandpro.se\/2013\/02\/Markus-4-3-787x10241-300x390.jpg 300w, https:\/\/media.proandpro.se\/2013\/02\/Markus-4-3-787x10241-450x585.jpg 450w, https:\/\/media.proandpro.se\/2013\/02\/Markus-4-3-787x10241-600x780.jpg 600w, https:\/\/media.proandpro.se\/2013\/02\/Markus-4-3-787x10241.jpg 787w\" sizes=\"(max-width: 115px) 100vw, 115px\" \/>P\u00e5 f\u00f6rel\u00e4sningen kommer du f\u00e5 inspiration, kunskap och praktiska tips hur du p\u00e5 ett strukturerat s\u00e4tt, med utg\u00e5ngspunkt i att lyssna p\u00e5 medarbetarnas behov och prioriteringar, skapar gl\u00e4dje och engagemang i verksamheten.<\/p>\n<p>Passa p\u00e5 att anm\u00e4l dig till Sundsvall42 och kom och lyssna p\u00e5 Markus den 16:e oktober!<\/p>\n<p><a href=\"http:\/\/www.sundsvall42.se\">www.sundsvall42.se<\/a><\/p>\n<p>&nbsp;<\/p>\n<p>&nbsp;<\/p>","protected":false},"excerpt":{"rendered":"<p>P\u00e5 \u00e5rets Sundsvall42 konferens\u00a0kommer Markus Marklund, seniorkonsult p\u00e5 Pro&amp;Pro, att f\u00f6rel\u00e4sa inom ledarskap. F\u00f6rel\u00e4sningen med rubriken, Le dig och andra till framg\u00e5ng, handlar om hur du som ledare skapar gl\u00e4dje och engagemang bland medarbetarna. Att skapa\u00a0ett stort engagemang \u00e4r avg\u00f6rande f\u00f6r att lyckas som ledare. Det g\u00e4ller att ha glimten i \u00f6gat, vara nyfiken, kunna [&hellip;]<\/p>\n","protected":false},"author":1,"featured_media":1562,"comment_status":"closed","ping_status":"closed","sticky":false,"template":"","format":"standard","meta":{"_et_pb_use_builder":"","_et_pb_old_content":"","_et_gb_content_width":"","footnotes":""},"categories":[11],"tags":[],"class_list":["post-1552","post","type-post","status-publish","format-standard","has-post-thumbnail","hentry","category-nyheter"],"_links":{"self":[{"href":"https:\/\/proandpro.se\/en\/wp-json\/wp\/v2\/posts\/1552","targetHints":{"allow":["GET"]}}],"collection":[{"href":"https:\/\/proandpro.se\/en\/wp-json\/wp\/v2\/posts"}],"about":[{"href":"https:\/\/proandpro.se\/en\/wp-json\/wp\/v2\/types\/post"}],"author":[{"embeddable":true,"href":"https:\/\/proandpro.se\/en\/wp-json\/wp\/v2\/users\/1"}],"replies":[{"embeddable":true,"href":"https:\/\/proandpro.se\/en\/wp-json\/wp\/v2\/comments?post=1552"}],"version-history":[{"count":5,"href":"https:\/\/proandpro.se\/en\/wp-json\/wp\/v2\/posts\/1552\/revisions"}],"predecessor-version":[{"id":1560,"href":"https:\/\/proandpro.se\/en\/wp-json\/wp\/v2\/posts\/1552\/revisions\/1560"}],"wp:featuredmedia":[{"embeddable":true,"href":"https:\/\/proandpro.se\/en\/wp-json\/wp\/v2\/media\/1562"}],"wp:attachment":[{"href":"https:\/\/proandpro.se\/en\/wp-json\/wp\/v2\/media?parent=1552"}],"wp:term":[{"taxonomy":"category","embeddable":true,"href":"https:\/\/proandpro.se\/en\/wp-json\/wp\/v2\/categories?post=1552"},{"taxonomy":"post_tag","embeddable":true,"href":"https:\/\/proandpro.se\/en\/wp-json\/wp\/v2\/tags?post=1552"}],"curies":[{"name":"wp","href":"https:\/\/api.w.org\/{rel}","templated":true}]}}