{"id":1451,"date":"2014-05-21T20:57:09","date_gmt":"2014-05-21T20:57:09","guid":{"rendered":"http:\/\/proandpro.se\/?p=1451"},"modified":"2014-05-26T19:48:26","modified_gmt":"2014-05-26T19:48:26","slug":"vill-du-sla-folje-med-oss-som-managementkonsult-inom-ledarskap-och-hr-management-eller-affarsstrategi","status":"publish","type":"post","link":"https:\/\/proandpro.se\/en\/2014\/05\/21\/vill-du-sla-folje-med-oss-som-managementkonsult-inom-ledarskap-och-hr-management-eller-affarsstrategi\/","title":{"rendered":"Vi s\u00f6ker managementkonsult"},"content":{"rendered":"<p>Vi p\u00e5 Pro&amp;Pro s\u00f6ker dig som har erfarenhet som managementkonsult inom ledarskap och HR management eller aff\u00e4rsstrategi.<\/p>\n<p><a href=\"https:\/\/media.proandpro.se\/2014\/05\/Skor-250x117.jpg\"><img loading=\"lazy\" decoding=\"async\" class=\"alignnone size-full wp-image-1465\" src=\"https:\/\/media.proandpro.se\/2014\/05\/Skor-250x117.jpg\" alt=\"Skor (250x117)\" width=\"250\" height=\"117\" srcset=\"https:\/\/media.proandpro.se\/2014\/05\/Skor-250x117.jpg 250w, https:\/\/media.proandpro.se\/2014\/05\/Skor-250x117-100x46.jpg 100w, https:\/\/media.proandpro.se\/2014\/05\/Skor-250x117-150x70.jpg 150w, https:\/\/media.proandpro.se\/2014\/05\/Skor-250x117-200x93.jpg 200w\" sizes=\"(max-width: 250px) 100vw, 250px\" \/><\/a><\/p>\n<p>Om du, i likhet med oss, njuter av att se f\u00f6retag och individer utvecklas samt \u00e4r genuint nyfiken, passionerad och ambiti\u00f6s \u00e4r vi f\u00f6retaget f\u00f6r dig. Kanske bor du redan i v\u00e5r region eller s\u00e5 skulle du vilja bos\u00e4tta dig h\u00e4r och kombinera ett attraktivt boende och familjeliv med ett sp\u00e4nnande, utmanande och attraktivt jobb.\u00a0 F\u00f6lj med oss p\u00e5 v\u00e5r resa \u201dMakes people and business successful\u201d<\/p>","protected":false},"excerpt":{"rendered":"<p>Vi p\u00e5 Pro&amp;Pro s\u00f6ker dig som har erfarenhet som managementkonsult inom ledarskap och HR management eller aff\u00e4rsstrategi. Om du, i likhet med oss, njuter av att se f\u00f6retag och individer utvecklas samt \u00e4r genuint nyfiken, passionerad och ambiti\u00f6s \u00e4r vi f\u00f6retaget f\u00f6r dig. Kanske bor du redan i v\u00e5r region eller s\u00e5 skulle du vilja [&hellip;]<\/p>\n","protected":false},"author":1,"featured_media":1465,"comment_status":"closed","ping_status":"closed","sticky":false,"template":"","format":"standard","meta":{"_et_pb_use_builder":"","_et_pb_old_content":"","_et_gb_content_width":"","footnotes":""},"categories":[11],"tags":[],"class_list":["post-1451","post","type-post","status-publish","format-standard","has-post-thumbnail","hentry","category-nyheter"],"_links":{"self":[{"href":"https:\/\/proandpro.se\/en\/wp-json\/wp\/v2\/posts\/1451","targetHints":{"allow":["GET"]}}],"collection":[{"href":"https:\/\/proandpro.se\/en\/wp-json\/wp\/v2\/posts"}],"about":[{"href":"https:\/\/proandpro.se\/en\/wp-json\/wp\/v2\/types\/post"}],"author":[{"embeddable":true,"href":"https:\/\/proandpro.se\/en\/wp-json\/wp\/v2\/users\/1"}],"replies":[{"embeddable":true,"href":"https:\/\/proandpro.se\/en\/wp-json\/wp\/v2\/comments?post=1451"}],"version-history":[{"count":6,"href":"https:\/\/proandpro.se\/en\/wp-json\/wp\/v2\/posts\/1451\/revisions"}],"predecessor-version":[{"id":1466,"href":"https:\/\/proandpro.se\/en\/wp-json\/wp\/v2\/posts\/1451\/revisions\/1466"}],"wp:featuredmedia":[{"embeddable":true,"href":"https:\/\/proandpro.se\/en\/wp-json\/wp\/v2\/media\/1465"}],"wp:attachment":[{"href":"https:\/\/proandpro.se\/en\/wp-json\/wp\/v2\/media?parent=1451"}],"wp:term":[{"taxonomy":"category","embeddable":true,"href":"https:\/\/proandpro.se\/en\/wp-json\/wp\/v2\/categories?post=1451"},{"taxonomy":"post_tag","embeddable":true,"href":"https:\/\/proandpro.se\/en\/wp-json\/wp\/v2\/tags?post=1451"}],"curies":[{"name":"wp","href":"https:\/\/api.w.org\/{rel}","templated":true}]}}