{"id":14473,"date":"2026-04-22T00:01:11","date_gmt":"2026-04-22T00:01:11","guid":{"rendered":"https:\/\/proandpro.se\/?p=14473"},"modified":"2026-04-26T21:26:42","modified_gmt":"2026-04-26T21:26:42","slug":"valkomna-bright-minds-2026","status":"publish","type":"post","link":"https:\/\/proandpro.se\/en\/2026\/04\/22\/valkomna-bright-minds-2026\/","title":{"rendered":"V\u00e4lkomna Bright Minds 2026!"},"content":{"rendered":"<p>[et_pb_section fb_built=&#8221;1&#8243; _builder_version=&#8221;4.27.6&#8243; background_enable_image=&#8221;off&#8221; global_colors_info=&#8221;{}&#8221;][et_pb_row _builder_version=&#8221;4.27.6&#8243; _module_preset=&#8221;default&#8221;][et_pb_column _builder_version=&#8221;4.27.6&#8243; _module_preset=&#8221;default&#8221; type=&#8221;4_4&#8243;][et_pb_text _builder_version=&#8221;4.27.6&#8243; _module_preset=&#8221;default&#8221; hover_enabled=&#8221;0&#8243; sticky_enabled=&#8221;0&#8243;]<\/p>\n<p>Vi h\u00e4lsar 17 studenter fr\u00e5n universitet i Link\u00f6ping, Lule\u00e5, Stockholm och Ume\u00e5 v\u00e4lkomna till 6e omg\u00e5ngen av Pro&amp;Pros Bright Minds program. Ett program som erbjuder ambiti\u00f6sa studenter m\u00f6jligheten att \u00f6ka sin n\u00e4ringslivserfarenhet, sin kompetens och personliga utveckling genom att l\u00f6sa framtidens odefinierade komplexa problem. Till sin hj\u00e4lp f\u00e5r de kvalificerad handledning och utmanande aktiviteter, samtidigt som de f\u00e5r utveckla sitt eget n\u00e4tverk med fler likasinnade.<\/p>\n<p>F\u00f6r Pro&amp;Pro ges m\u00f6jligheten att attrahera och n\u00e4tverka med m\u00e4nniskor som brinner f\u00f6r v\u00e5rt varum\u00e4rkesl\u00f6fte\u00a0<em>make people and business successful<\/em>\u00a0i form av framtida ambassad\u00f6rer, relationer eller medarbetare. Win-win!<\/p>\n<p>H\u00e4r \u00e4r 2026 \u00e5rs Pro&amp;Pro Bright Minds:<\/p>\n<p>[\/et_pb_text][\/et_pb_column][\/et_pb_row][et_pb_row column_structure=&#8221;2_3,1_3&#8243; _builder_version=&#8221;4.27.6&#8243; _module_preset=&#8221;default&#8221; global_colors_info=&#8221;{}&#8221;][et_pb_column type=&#8221;2_3&#8243; _builder_version=&#8221;4.27.6&#8243; _module_preset=&#8221;default&#8221; global_colors_info=&#8221;{}&#8221;][et_pb_text _builder_version=&#8221;4.27.6&#8243; _module_preset=&#8221;default&#8221; global_colors_info=&#8221;{}&#8221;]<\/p>\n<p><strong>Adam H\u00e5kansson<\/strong><\/p>\n<p><em>Studerar:<\/em> Civilingenj\u00f6r inom industriell ekonomi, Lule\u00e5 tekniska universitet.<\/p>\n<p><em>Detta ser jag fram mot med Bright Minds vid Pro&amp;Pro:<\/em> Jag ser fram emot att l\u00e4ra mig hur Pro&amp;Pro arbetar och att l\u00e4ra k\u00e4nna studenter fr\u00e5n universitet runt om i Sverige.<\/p>\n<p><em>N\u00e4r jag var liten ville jag bli:<\/em> N\u00e4r jag var liten ville jag bli polis, helst polishelikopterpilot.<\/p>\n<p><em>Det h\u00e4r g\u00f6r jag n\u00e4r jag inte pluggar:<\/em> P\u00e5 fritiden umg\u00e5s jag g\u00e4rna med v\u00e4nner och familj, g\u00e4rna i kombination med att ut\u00f6va eller titta p\u00e5 n\u00e5gon sport.<\/p>\n<p><em>Tre ord som beskriver mig:<\/em> Glad, nyfiken och engagerad.<\/p>\n<p>[\/et_pb_text][\/et_pb_column][et_pb_column type=&#8221;1_3&#8243; _builder_version=&#8221;4.27.6&#8243; _module_preset=&#8221;default&#8221; global_colors_info=&#8221;{}&#8221;][et_pb_image src=&#8221;https:\/\/media.proandpro.se\/2026\/04\/Adam-removebg-preview.png&#8221; title_text=&#8221;Adam-removebg-preview&#8221; _builder_version=&#8221;4.27.6&#8243; _module_preset=&#8221;default&#8221; hover_enabled=&#8221;0&#8243; global_colors_info=&#8221;{}&#8221; sticky_enabled=&#8221;0&#8243;][\/et_pb_image][\/et_pb_column][\/et_pb_row][et_pb_row column_structure=&#8221;2_3,1_3&#8243; _builder_version=&#8221;4.27.6&#8243; _module_preset=&#8221;default&#8221; global_colors_info=&#8221;{}&#8221;][et_pb_column type=&#8221;2_3&#8243; _builder_version=&#8221;4.27.6&#8243; _module_preset=&#8221;default&#8221; global_colors_info=&#8221;{}&#8221;][et_pb_text _builder_version=&#8221;4.27.6&#8243; _module_preset=&#8221;default&#8221; global_colors_info=&#8221;{}&#8221;]<\/p>\n<p><strong>Alicia L\u00f6vgren<\/strong><\/p>\n<p><em>Studerar<\/em>: Civilingenj\u00f6r inom industriell ekonomi, Lule\u00e5 tekniska universitet.<\/p>\n<p><em>Detta ser jag fram mot med Bright Minds vid Pro&amp;Pro<\/em>: Jag ser fram emot att f\u00e5 tr\u00e4ffa andra likasinnade studenter samtidigt som jag f\u00e5r l\u00e4ra mig mer om konsultyrket. Det ska ocks\u00e5 bli riktigt roligt att f\u00e5 \u00f6va p\u00e5 att f\u00e5 l\u00f6sa case och f\u00e5 l\u00e4ra mig mer om Pro &amp; Pro som f\u00f6retag.<\/p>\n<p><em>N\u00e4r jag var liten ville jag bli:<\/em> Jag har alltid \u00e4lskat djur, s\u00e5 de flesta dagarna ville jag bli veterin\u00e4r f\u00f6r att hj\u00e4lpa dem.<\/p>\n<p><em>Det h\u00e4r g\u00f6r jag n\u00e4r jag inte pluggar:<\/em> Jag ska springa mitt f\u00f6rsta maraton i \u00e5r\u00a0s\u00e5 det blir mycket l\u00f6pning om veckorna. N\u00e4r jag inte springer s\u00e5 gillar jag att dricka kaffe, l\u00e4sa, kolla hockey och umg\u00e5s med kompisar.<\/p>\n<p><em>Tre ord som beskriver mig:<\/em> Glad, omt\u00e4nksam och driven.<\/p>\n<p>[\/et_pb_text][\/et_pb_column][et_pb_column type=&#8221;1_3&#8243; _builder_version=&#8221;4.27.6&#8243; _module_preset=&#8221;default&#8221; global_colors_info=&#8221;{}&#8221;][et_pb_image src=&#8221;https:\/\/media.proandpro.se\/2026\/04\/Alicia-removebg-preview.png&#8221; title_text=&#8221;Alicia-removebg-preview&#8221; _builder_version=&#8221;4.27.6&#8243; _module_preset=&#8221;default&#8221; global_colors_info=&#8221;{}&#8221;][\/et_pb_image][\/et_pb_column][\/et_pb_row][et_pb_row column_structure=&#8221;2_3,1_3&#8243; _builder_version=&#8221;4.27.6&#8243; _module_preset=&#8221;default&#8221; global_colors_info=&#8221;{}&#8221;][et_pb_column type=&#8221;2_3&#8243; _builder_version=&#8221;4.27.6&#8243; _module_preset=&#8221;default&#8221; global_colors_info=&#8221;{}&#8221;][et_pb_text _builder_version=&#8221;4.27.6&#8243; _module_preset=&#8221;default&#8221; global_colors_info=&#8221;{}&#8221;]<\/p>\n<p><strong>Axel <em>Persson<\/em><\/strong><\/p>\n<p><em>Studerar<\/em>: Civilingenj\u00f6r inom industriell ekonomi, Ume\u00e5 universitet.<\/p>\n<p><em>Detta ser jag fram emot med Bright Minds:<\/em> Fr\u00e4mst ser jag fram emot att l\u00f6sa case i team tillsammans med andra drivna studenter. Jag ser \u00e4ven hela programmet som en bra m\u00f6jlighet att utveckla min kommunikation i grupp, probleml\u00f6sningsf\u00f6rm\u00e5ga och andra kompetenser som \u00e4r avg\u00f6rande i arbetslivet. Dessutom hoppas jag f\u00e5 en tydligare inblick i konsultrollen och f\u00f6rst\u00e5 hur en konsultverksamhet kan se ut i praktiken.<\/p>\n<p><em>N\u00e4r jag var liten ville jag bli<\/em>: Jag hade faktiskt inget uttalat dr\u00f6myrke n\u00e4r jag var liten. Jag tror att mina drivkrafter och val har kommit ifr\u00e5n en nyfikenhet att f\u00f6rst\u00e5 hur saker h\u00e4nger ihop och viljan att l\u00e4ra mig nya saker, vilket bl.a har styrt in mig p\u00e5 den utbildning jag \u00e4r p\u00e5 idag.<\/p>\n<p><em>Detta g\u00f6r jag n\u00e4r jag inte pluggar:<\/em> Jag h\u00e5ller g\u00e4rna i g\u00e5ng genom idrott och tr\u00e4ning, just nu fr\u00e4mst innebandy, fotboll och gymmet. Under vinterhalv\u00e5ret blir det ocks\u00e5 en hel del l\u00e4ngdskidor och slalom. Ut\u00f6ver det v\u00e4rdes\u00e4tter jag att resa, spendera tid med min sambo och mina v\u00e4nner, g\u00e4rna ha en trevlig middag, en spelkv\u00e4ll eller grilla.<\/p>\n<p><em>Tre ord som beskriver mig:<\/em> Driven, optimerande och m\u00e5linriktad.<\/p>\n<p>[\/et_pb_text][\/et_pb_column][et_pb_column type=&#8221;1_3&#8243; _builder_version=&#8221;4.27.6&#8243; _module_preset=&#8221;default&#8221; global_colors_info=&#8221;{}&#8221;][et_pb_image src=&#8221;https:\/\/media.proandpro.se\/2026\/04\/Axel-removebg-preview.png&#8221; title_text=&#8221;Axel-removebg-preview&#8221; _builder_version=&#8221;4.27.6&#8243; _module_preset=&#8221;default&#8221; global_colors_info=&#8221;{}&#8221;][\/et_pb_image][\/et_pb_column][\/et_pb_row][et_pb_row column_structure=&#8221;2_3,1_3&#8243; _builder_version=&#8221;4.27.6&#8243; _module_preset=&#8221;default&#8221; global_colors_info=&#8221;{}&#8221;][et_pb_column type=&#8221;2_3&#8243; _builder_version=&#8221;4.27.6&#8243; _module_preset=&#8221;default&#8221; global_colors_info=&#8221;{}&#8221;][et_pb_text _builder_version=&#8221;4.27.6&#8243; _module_preset=&#8221;default&#8221; global_colors_info=&#8221;{}&#8221;]<\/p>\n<p><strong>Jakob Gottfridsson<\/strong><\/p>\n<p><em>Studerar: <\/em>Civilingenj\u00f6r inom industriell ekonomi, Ume\u00e5 universitet .<\/p>\n<p><em>Detta ser jag fram mot med Bright Minds vid Pro&amp;Pro:<\/em><\/p>\n<p><em>N\u00e4r jag var liten ville jag bli: J<\/em><span style=\"color: #313131;\">ag ville bli cykelproffs, b\u00e4st p\u00e5 att cykla helt enkelt!<o:p><\/o:p><\/span><\/p>\n<p><em>Det h\u00e4r g\u00f6r jag n\u00e4r jag inte pluggar:<\/em> <span style=\"color: #313131;\">N\u00e4r jag inte pluggar \u00e4r jag g\u00e4rna ute i skogen eller \u00e5ker till fj\u00e4llen. Jag har ett stort engagemang i f\u00f6reningslivet och gillar ocks\u00e5 att varva studierna med mer kreativa aktiviteter, som att laga mat!<\/span><\/p>\n<p><em>Tre ord som beskriver mig: <span style=\"color: #313131;\">m\u00e5lmedveten, lyh\u00f6rd, l\u00e4ttl\u00e4rd.<\/span><\/em><\/p>\n<p>[\/et_pb_text][\/et_pb_column][et_pb_column type=&#8221;1_3&#8243; _builder_version=&#8221;4.27.6&#8243; _module_preset=&#8221;default&#8221; global_colors_info=&#8221;{}&#8221;][et_pb_image src=&#8221;https:\/\/media.proandpro.se\/2026\/04\/Jakob-removebg-preview.png&#8221; title_text=&#8221;Jakob-removebg-preview&#8221; _builder_version=&#8221;4.27.6&#8243; _module_preset=&#8221;default&#8221; global_colors_info=&#8221;{}&#8221;][\/et_pb_image][\/et_pb_column][\/et_pb_row][et_pb_row column_structure=&#8221;2_3,1_3&#8243; _builder_version=&#8221;4.27.6&#8243; _module_preset=&#8221;default&#8221; global_colors_info=&#8221;{}&#8221;][et_pb_column type=&#8221;2_3&#8243; _builder_version=&#8221;4.27.6&#8243; _module_preset=&#8221;default&#8221; global_colors_info=&#8221;{}&#8221;][et_pb_text _builder_version=&#8221;4.27.6&#8243; _module_preset=&#8221;default&#8221; global_colors_info=&#8221;{}&#8221;]<\/p>\n<p><strong>John Hermansson<\/strong><\/p>\n<p><em>Studerar: <\/em>Civilingenj\u00f6r inom industriell ekonomi, Ume\u00e5 universitet .<\/p>\n<p><em>Detta ser jag fram mot med Bright Minds vid Pro&amp;Pro:<\/em> Ser fram emot att f\u00e5 jobba med sp\u00e4nnande case tillsammans med andra ambiti\u00f6sa studenter och f\u00e5 en inblick i rollen som managementkonsult.<\/p>\n<p><em>N\u00e4r jag var liten ville jag bli:<\/em> Pendlade mellan att vilja bli brandman eller fotbollsproffs i Spanien.<\/p>\n<p><em>Det h\u00e4r g\u00f6r jag n\u00e4r jag inte pluggar:<\/em> Tr\u00e4nar och t\u00e4vlar i l\u00e4ngdskidor, fr\u00e4mst l\u00e5nglopp.<\/p>\n<p><em>Tre ord som beskriver mig: <\/em>Uth\u00e5llig, l\u00f6sningsorienterad och m\u00e5lmedveten.<\/p>\n<p>[\/et_pb_text][\/et_pb_column][et_pb_column type=&#8221;1_3&#8243; _builder_version=&#8221;4.27.6&#8243; _module_preset=&#8221;default&#8221; global_colors_info=&#8221;{}&#8221;][et_pb_image src=&#8221;https:\/\/media.proandpro.se\/2026\/04\/John-removebg-preview.png&#8221; title_text=&#8221;John-removebg-preview&#8221; _builder_version=&#8221;4.27.6&#8243; _module_preset=&#8221;default&#8221; global_colors_info=&#8221;{}&#8221;][\/et_pb_image][\/et_pb_column][\/et_pb_row][et_pb_row column_structure=&#8221;2_3,1_3&#8243; _builder_version=&#8221;4.27.6&#8243; _module_preset=&#8221;default&#8221; global_colors_info=&#8221;{}&#8221;][et_pb_column type=&#8221;2_3&#8243; _builder_version=&#8221;4.27.6&#8243; _module_preset=&#8221;default&#8221; global_colors_info=&#8221;{}&#8221;][et_pb_text _builder_version=&#8221;4.27.6&#8243; _module_preset=&#8221;default&#8221; global_colors_info=&#8221;{}&#8221;]<\/p>\n<p><strong>Jonatan St\u00e5hl<\/strong><\/p>\n<p><em>Studerar<\/em>: Civilingenj\u00f6r inom industriell ekonomi, Ume\u00e5 universitet<\/p>\n<p><em>Detta ser jag fram mot med Bright Minds vid Pro&amp;Pro: <\/em>Att tr\u00e4ffa andra drivna studenter och f\u00e5 testa p\u00e5 att tackla n\u00e5gra av de problem som en konsult kan st\u00e4llas inf\u00f6r.<\/p>\n<p><em>N\u00e4r jag var liten ville jag bli: <\/em>V\u00e4rldsm\u00e4stare \u2013 n\u00e4r jag var liten hade vi en gammal v\u00e4rldsm\u00e4stare i orienteringsklubben som jag s\u00e5g upp till och blev v\u00e4ldigt inspirerad av.<\/p>\n<p><em>Det h\u00e4r g\u00f6r jag n\u00e4r jag inte pluggar: <\/em>Tr\u00e4nar och t\u00e4vlar i skidorientering.<\/p>\n<p><em>Tre ord som beskriver mig: <\/em>Strukturerad, noggrann och nyfiken.<\/p>\n<p>[\/et_pb_text][\/et_pb_column][et_pb_column type=&#8221;1_3&#8243; _builder_version=&#8221;4.27.6&#8243; _module_preset=&#8221;default&#8221; global_colors_info=&#8221;{}&#8221;][et_pb_image src=&#8221;https:\/\/media.proandpro.se\/2026\/04\/Jonatan-removebg-preview.png&#8221; title_text=&#8221;Jonatan-removebg-preview&#8221; _builder_version=&#8221;4.27.6&#8243; _module_preset=&#8221;default&#8221; global_colors_info=&#8221;{}&#8221;][\/et_pb_image][\/et_pb_column][\/et_pb_row][et_pb_row column_structure=&#8221;2_3,1_3&#8243; _builder_version=&#8221;4.27.6&#8243; _module_preset=&#8221;default&#8221; global_colors_info=&#8221;{}&#8221;][et_pb_column type=&#8221;2_3&#8243; _builder_version=&#8221;4.27.6&#8243; _module_preset=&#8221;default&#8221; global_colors_info=&#8221;{}&#8221;][et_pb_text _builder_version=&#8221;4.27.6&#8243; _module_preset=&#8221;default&#8221; global_colors_info=&#8221;{}&#8221;]<\/p>\n<p><strong>Josefin B\u00e4ckvall<\/strong><\/p>\n<p><em>Studerar: <\/em>Civilingenj\u00f6r inom industriell ekonomi, Ume\u00e5 universitet<\/p>\n<p><em>Detta ser jag fram mot med Bright Minds vid Pro&amp;Pro: <\/em>Jag ser fram emot att utmana mig sj\u00e4lv, utveckla nya perspektiv och f\u00e5 en djupare f\u00f6rst\u00e5else f\u00f6r branschen. Det ska ocks\u00e5 bli v\u00e4ldigt kul att f\u00e5 tr\u00e4ffa engagerade m\u00e4nniskor och utmana mig sj\u00e4lv i en ny milj\u00f6..<\/p>\n<p><em>N\u00e4r jag var liten ville jag bli: <\/em>L\u00e4kare<em><br \/><\/em><\/p>\n<p><em>Det h\u00e4r g\u00f6r jag n\u00e4r jag inte pluggar: <\/em>N\u00e4r jag inte pluggar tycker jag om att tr\u00e4na, umg\u00e5s med v\u00e4nner och familj samt vara ute i naturen.<\/p>\n<p><em>Tre ord som beskriver mig: <\/em>Ambiti\u00f6s, nyfiken och m\u00e5lmedveten.<\/p>\n<p>[\/et_pb_text][\/et_pb_column][et_pb_column type=&#8221;1_3&#8243; _builder_version=&#8221;4.27.6&#8243; _module_preset=&#8221;default&#8221; global_colors_info=&#8221;{}&#8221;][et_pb_image src=&#8221;https:\/\/media.proandpro.se\/2026\/04\/Josefin-removebg-preview.png&#8221; title_text=&#8221;Josefin-removebg-preview&#8221; _builder_version=&#8221;4.27.6&#8243; _module_preset=&#8221;default&#8221; global_colors_info=&#8221;{}&#8221;][\/et_pb_image][\/et_pb_column][\/et_pb_row][et_pb_row column_structure=&#8221;2_3,1_3&#8243; _builder_version=&#8221;4.27.6&#8243; _module_preset=&#8221;default&#8221; global_colors_info=&#8221;{}&#8221;][et_pb_column type=&#8221;2_3&#8243; _builder_version=&#8221;4.27.6&#8243; _module_preset=&#8221;default&#8221; global_colors_info=&#8221;{}&#8221;][et_pb_text _builder_version=&#8221;4.27.6&#8243; _module_preset=&#8221;default&#8221; global_colors_info=&#8221;{}&#8221;]<\/p>\n<p><strong>Junis Andersson<\/strong><\/p>\n<p><em>Studerar: <\/em>Civilingenj\u00f6r inom industriell ekonomi, Link\u00f6pings universitet.<\/p>\n<p><em>Detta ser jag fram mot med Bright Minds vid Pro&amp;Pro: <\/em>S\u00e5klart ska det bli v\u00e4ldigt kul att f\u00e5 en b\u00e4ttre bild av hur det \u00e4r att arbeta som managementkonsult, men n\u00e5got jag verkligen ser fram emot \u00e4r att tr\u00e4ffa nya m\u00e4nniskor, b\u00e5de andra studenter och personer som jobbar p\u00e5 Pro&amp;Pro, och f\u00e5 h\u00f6ra om deras erfarenheter och perspektiv!<\/p>\n<p><em>N\u00e4r jag var liten ville jag bli: <\/em>Fotbollsproffs, l\u00e4kare, hotell\u00e4gare, konditor, delfinsk\u00f6tare och s\u00e4kert tio andra saker\u2026<\/p>\n<p><em>Det h\u00e4r g\u00f6r jag n\u00e4r jag inte pluggar<\/em>: Ut\u00f6ver att jobba en hel del s\u00e5 blir det mycket sportaktiviteter, fr\u00e4mst fotboll, tennis, golf och skidor. Resor, mat och att umg\u00e5s med familj och v\u00e4nner \u00e4r andra stora delar av mitt liv.<\/p>\n<p>Tre ord som beskriver mig: <em>Ansvarstagande, social och l\u00f6sningsorienterad<\/em><\/p>\n<p>[\/et_pb_text][\/et_pb_column][et_pb_column type=&#8221;1_3&#8243; _builder_version=&#8221;4.27.6&#8243; _module_preset=&#8221;default&#8221; global_colors_info=&#8221;{}&#8221;][et_pb_image src=&#8221;https:\/\/media.proandpro.se\/2026\/04\/Junis-removebg-preview.png&#8221; title_text=&#8221;Junis-removebg-preview&#8221; _builder_version=&#8221;4.27.6&#8243; _module_preset=&#8221;default&#8221; global_colors_info=&#8221;{}&#8221;][\/et_pb_image][\/et_pb_column][\/et_pb_row][et_pb_row column_structure=&#8221;2_3,1_3&#8243; _builder_version=&#8221;4.27.6&#8243; _module_preset=&#8221;default&#8221; global_colors_info=&#8221;{}&#8221;][et_pb_column type=&#8221;2_3&#8243; _builder_version=&#8221;4.27.6&#8243; _module_preset=&#8221;default&#8221; global_colors_info=&#8221;{}&#8221;][et_pb_text _builder_version=&#8221;4.27.6&#8243; _module_preset=&#8221;default&#8221; global_colors_info=&#8221;{}&#8221;]<\/p>\n<p><strong>Maja Strand<\/strong><\/p>\n<p><em>Studerar: <\/em>Civilingenj\u00f6r inom industriell ekonomi, Link\u00f6pings universitet.<\/p>\n<p><em>Detta ser jag fram emot med Bright Minds vid Pro&amp;Pro: <\/em>Jag ser fram emot att f\u00e5 en b\u00e4ttre bild av hur det faktiskt \u00e4r att jobba som managementkonsult och h\u00f6ra om anst\u00e4lldas erfarenheter p\u00e5 Pro&amp;Pro.\u00a0Det ska ocks\u00e5 bli kul att tr\u00e4ffa nya m\u00e4nniskor och l\u00e4ra k\u00e4nna andra studenter som \u00e4r nyfikna p\u00e5 samma saker.<\/p>\n<p><em>N\u00e4r jag var liten ville jag\u00a0bli:<\/em>\u00a0Jag har haft m\u00e5nga olika dr\u00f6mmar, allt fr\u00e5n sk\u00e5despelare till brandman eller konditor.<\/p>\n<p><em>Det h\u00e4r g\u00f6r jag n\u00e4r jag inte pluggar: <\/em>Tr\u00e4nar och umg\u00e5s med n\u00e4ra och k\u00e4ra. P\u00e5 senaste har jag ocks\u00e5 b\u00f6rjat sticka och l\u00e4gga pussel med mina roommates, riktiga pension\u00e4rsaktiviteter i v\u00e5rt kollektiv med en medel\u00e5lder p\u00e5 24,5 \u00e5r.<\/p>\n<p><em>Tre ord som beskriver mig:<\/em>\u00a0Positiv, engagerad och nyfiken.<\/p>\n<p>[\/et_pb_text][\/et_pb_column][et_pb_column type=&#8221;1_3&#8243; _builder_version=&#8221;4.27.6&#8243; _module_preset=&#8221;default&#8221; global_colors_info=&#8221;{}&#8221;][et_pb_image src=&#8221;https:\/\/media.proandpro.se\/2026\/04\/Maja-removebg-preview.png&#8221; title_text=&#8221;Maja-removebg-preview&#8221; _builder_version=&#8221;4.27.6&#8243; _module_preset=&#8221;default&#8221; global_colors_info=&#8221;{}&#8221;][\/et_pb_image][\/et_pb_column][\/et_pb_row][et_pb_row column_structure=&#8221;2_3,1_3&#8243; _builder_version=&#8221;4.27.6&#8243; _module_preset=&#8221;default&#8221; global_colors_info=&#8221;{}&#8221;][et_pb_column type=&#8221;2_3&#8243; _builder_version=&#8221;4.27.6&#8243; _module_preset=&#8221;default&#8221; global_colors_info=&#8221;{}&#8221;][et_pb_text _builder_version=&#8221;4.27.6&#8243; _module_preset=&#8221;default&#8221; global_colors_info=&#8221;{}&#8221;]<\/p>\n<p><strong>Melina Forsgren<\/strong><\/p>\n<p><em>Studerar: <\/em>Civilingenj\u00f6r inom industriell ekonomi, Ume\u00e5 universitet<\/p>\n<p><em>Detta ser jag fram mot med Bright Minds vid Pro&amp;Pro:\u00a0<\/em> Att l\u00e4ra mig massor! B\u00e5de att f\u00e5 verktyg f\u00f6r att l\u00f6sa komplexa problem och att utveckla min kommunikationsf\u00f6rm\u00e5ga. Jag ser ocks\u00e5 fram emot att tr\u00e4ffa drivna m\u00e4nniskor, b\u00e5de att ta del av yrkesverksammas erfarenheter och utbyta kunskap med andra studenter.<\/p>\n<p><em>N\u00e4r jag var liten ville jag bli:<\/em> Bagare eller barnmorska<\/p>\n<p><em>Det h\u00e4r g\u00f6r jag n\u00e4r jag inte pluggar<\/em>: G\u00e5r l\u00e5nga promenader med en podd i h\u00f6rlurarna och spenderar tid med v\u00e4nner och familj. Jag \u00e4lskar ocks\u00e5 att resa och testa nya matst\u00e4llen!<\/p>\n<p><em>Tre ord som beskriver mig<\/em>: Glad, m\u00e5linriktad, nyfiken<\/p>\n<p>[\/et_pb_text][\/et_pb_column][et_pb_column type=&#8221;1_3&#8243; _builder_version=&#8221;4.27.6&#8243; _module_preset=&#8221;default&#8221; global_colors_info=&#8221;{}&#8221;][et_pb_image src=&#8221;https:\/\/media.proandpro.se\/2026\/04\/Melina-removebg-preview.png&#8221; title_text=&#8221;Melina-removebg-preview&#8221; _builder_version=&#8221;4.27.6&#8243; _module_preset=&#8221;default&#8221; global_colors_info=&#8221;{}&#8221;][\/et_pb_image][\/et_pb_column][\/et_pb_row][et_pb_row column_structure=&#8221;2_3,1_3&#8243; _builder_version=&#8221;4.27.6&#8243; _module_preset=&#8221;default&#8221; global_colors_info=&#8221;{}&#8221;][et_pb_column type=&#8221;2_3&#8243; _builder_version=&#8221;4.27.6&#8243; _module_preset=&#8221;default&#8221; global_colors_info=&#8221;{}&#8221;][et_pb_text _builder_version=&#8221;4.27.6&#8243; _module_preset=&#8221;default&#8221; global_colors_info=&#8221;{}&#8221;]<\/p>\n<p><strong>Moa Andersson<\/strong><\/p>\n<p><em>Studerar: <\/em>Civilingenj\u00f6r inom industriell ekonomi, Ume\u00e5 universitet<\/p>\n<p><em>Detta ser jag fram mot med Bright Minds vid Pro&amp;Pro<\/em>: M\u00f6jligheten att f\u00e5 l\u00e4ra k\u00e4nna nya m\u00e4nniskor samtidigt som man f\u00e5r l\u00f6sa riktiga problem och oms\u00e4tta sina teoretiska kunskaper i praktiken. Det k\u00e4nns \u00e4ven kul att f\u00e5 en inblick i hur en managementkonsult arbetar.<\/p>\n<p><em>N\u00e4r jag var liten ville jag bli:<\/em> Prinsessa<\/p>\n<p><em>Det h\u00e4r g\u00f6r jag n\u00e4r jag inte pluggar:<\/em> Spenderar g\u00e4rna tid i naturen, helst i l\u00e4ngdskidsp\u00e5ret eller i k\u00f6ket o lagar mat. Att umg\u00e5s med v\u00e4nner p\u00e5 en spelkv\u00e4ll st\u00e5r ocks\u00e5 h\u00f6gt p\u00e5 listan.<\/p>\n<p><em>Tre ord som beskriver mig:<\/em> Social, noggrann &amp; nyfiken<\/p>\n<p>[\/et_pb_text][\/et_pb_column][et_pb_column type=&#8221;1_3&#8243; _builder_version=&#8221;4.27.6&#8243; _module_preset=&#8221;default&#8221; global_colors_info=&#8221;{}&#8221;][et_pb_image src=&#8221;https:\/\/media.proandpro.se\/2026\/04\/IMG_9794-removebg-preview.png&#8221; title_text=&#8221;IMG_9794-removebg-preview&#8221; _builder_version=&#8221;4.27.6&#8243; _module_preset=&#8221;default&#8221; global_colors_info=&#8221;{}&#8221;][\/et_pb_image][\/et_pb_column][\/et_pb_row][et_pb_row column_structure=&#8221;2_3,1_3&#8243; _builder_version=&#8221;4.27.6&#8243; _module_preset=&#8221;default&#8221; global_colors_info=&#8221;{}&#8221;][et_pb_column type=&#8221;2_3&#8243; _builder_version=&#8221;4.27.6&#8243; _module_preset=&#8221;default&#8221; global_colors_info=&#8221;{}&#8221;][et_pb_text _builder_version=&#8221;4.27.6&#8243; _module_preset=&#8221;default&#8221; global_colors_info=&#8221;{}&#8221;]<\/p>\n<p><strong>Oscar Lepp\u00e4nen<\/strong><\/p>\n<p><em>Studerar: <\/em>Civilingenj\u00f6r inom industriell ekonomi, Ume\u00e5 universitet.<\/p>\n<p><em>Detta ser jag fram mot med Bright Minds vid Pro&amp;Pro<\/em>: Jag ser framf\u00f6r allt fram emot att f\u00e5 utveckla mitt s\u00e4tt att ta mig an komplexa problem i praktiken, inte enbart att f\u00e5 arbeta med teori utan ocks\u00e5 hur man faktiskt strukturerar, analyserar och driver riktiga case. Jag tycker det \u00e4r extra sp\u00e4nnande att f\u00e5 insikt i hur ni som konsulter t\u00e4nker i situationer d\u00e4r det inte finns ett sj\u00e4lvklart r\u00e4tt svar. Extra sp\u00e4nnande n\u00e4r jag sj\u00e4lv vill arbeta inom managementkonsulting i framtiden. Ut\u00f6ver det ser jag verkligen fram emot att f\u00e5 arbeta tillsammans med andra studenter, bekanta och nya, och bygga ett starkt n\u00e4tverk, samt att f\u00e5 en mentor som kan utmana mitt s\u00e4tt att t\u00e4nka och hj\u00e4lpa mig ta n\u00e4sta steg i min utveckling som civilingenj\u00f6r.<\/p>\n<p><em>N\u00e4r jag var liten ville jag bli:<\/em> N\u00e4r jag var yngre ville jag bli ishockeyproffs, vilket ocks\u00e5 tog mig till att satsa p\u00e5 elitniv\u00e5 under gymnasiet. Det jag tar med mig d\u00e4rifr\u00e5n idag \u00e4r framf\u00f6r allt disciplin, lagarbete och viljan att hela tiden utvecklas.<\/p>\n<p><em>Det h\u00e4r g\u00f6r jag n\u00e4r jag inte pluggar:<\/em> N\u00e4r jag inte pluggar jobbar jag p\u00e5 Porsche Center Ume\u00e5 d\u00e4r jag f\u00e5r tr\u00e4ffa mycket m\u00e4nniskor och arbeta n\u00e4ra en premiumkundupplevelse, vilket jag verkligen tycker \u00e4r utvecklande. Ut\u00f6ver det tr\u00e4nar jag regelbundet, reser och umg\u00e5s med v\u00e4nner.<\/p>\n<p><em>Tre ord som beskriver mig:<\/em> Ambiti\u00f6s, nyfiken och aff\u00e4rsdriven.<\/p>\n<p>[\/et_pb_text][\/et_pb_column][et_pb_column type=&#8221;1_3&#8243; _builder_version=&#8221;4.27.6&#8243; _module_preset=&#8221;default&#8221; global_colors_info=&#8221;{}&#8221;][et_pb_image src=&#8221;https:\/\/media.proandpro.se\/2026\/04\/Oscar_L-removebg-preview.png&#8221; title_text=&#8221;Oscar_L-removebg-preview&#8221; _builder_version=&#8221;4.27.6&#8243; _module_preset=&#8221;default&#8221; global_colors_info=&#8221;{}&#8221;][\/et_pb_image][\/et_pb_column][\/et_pb_row][et_pb_row column_structure=&#8221;2_3,1_3&#8243; _builder_version=&#8221;4.27.6&#8243; _module_preset=&#8221;default&#8221; global_colors_info=&#8221;{}&#8221;][et_pb_column type=&#8221;2_3&#8243; _builder_version=&#8221;4.27.6&#8243; _module_preset=&#8221;default&#8221; global_colors_info=&#8221;{}&#8221;][et_pb_text _builder_version=&#8221;4.27.6&#8243; _module_preset=&#8221;default&#8221; global_colors_info=&#8221;{}&#8221;]<\/p>\n<p><strong>Oskar Jonsson<\/strong><\/p>\n<p><em>Studerar: <\/em>Kandidatprogram i f\u00f6retagsekonomi, Stockholms universitet.<em><br \/><\/em><\/p>\n<p><em>Detta ser jag fram mot med Bright Minds vid Pro&amp;Pro<\/em>: M\u00f6jligheten att tillsammans med andra deltagare och Pro&amp;Pro utvecklas och bli \u00e4nnu mer f\u00f6rberedd f\u00f6r kommande utmaningar i karri\u00e4ren. Jag hoppas p\u00e5 att f\u00e5 ut\u00f6ka min verktygsl\u00e5da med mer kunskap och fler knep f\u00f6r att b\u00e4ttre kunna l\u00f6sa komplexa problem.<\/p>\n<p><em>N\u00e4r jag var liten ville jag bli:<\/em> N\u00e4r jag var liten ville jag blir fotbollsspelare och polis.<\/p>\n<p><em>Det h\u00e4r g\u00f6r jag n\u00e4r jag inte pluggar: <\/em>N\u00e4r jag inte pluggar spenderar jag tiden p\u00e5 tr\u00e4ning och med familjen. Framf\u00f6rallt hittar man mig p\u00e5 cykeln eller tittandes p\u00e5 en fotbollsmatch.<\/p>\n<p><em>Tre ord som beskriver mig: <\/em>Nyfiken, ambiti\u00f6s och ansvarsfull.<\/p>\n<p>[\/et_pb_text][\/et_pb_column][et_pb_column type=&#8221;1_3&#8243; _builder_version=&#8221;4.27.6&#8243; _module_preset=&#8221;default&#8221; global_colors_info=&#8221;{}&#8221;][et_pb_image src=&#8221;https:\/\/media.proandpro.se\/2026\/04\/Oskar-removebg-preview.png&#8221; title_text=&#8221;Oskar-removebg-preview&#8221; _builder_version=&#8221;4.27.6&#8243; _module_preset=&#8221;default&#8221; global_colors_info=&#8221;{}&#8221;][\/et_pb_image][\/et_pb_column][\/et_pb_row][et_pb_row column_structure=&#8221;2_3,1_3&#8243; _builder_version=&#8221;4.27.6&#8243; _module_preset=&#8221;default&#8221; global_colors_info=&#8221;{}&#8221;][et_pb_column type=&#8221;2_3&#8243; _builder_version=&#8221;4.27.6&#8243; _module_preset=&#8221;default&#8221; global_colors_info=&#8221;{}&#8221;][et_pb_text _builder_version=&#8221;4.27.6&#8243; _module_preset=&#8221;default&#8221; global_colors_info=&#8221;{}&#8221;]<\/p>\n<p><strong>Ture Sj\u00f6bom<\/strong><\/p>\n<p><em>Studerar: <\/em>Civilingenj\u00f6r inom industriell ekonomi, Ume\u00e5 universitet.<\/p>\n<p><em>Detta ser jag fram mot med Bright Minds vid Pro&amp;Pro<\/em>: Det jag ser mest fram emot med Bright minds \u00e4r nya l\u00e4rdomar och insikter, och framf\u00f6r allt att f\u00e5 jobba tillsammans med och l\u00e4ra k\u00e4nna nya, inspirerande m\u00e4nniskor.<\/p>\n<p><em>N\u00e4r jag var liten ville jag bli:<\/em> N\u00e4r jag var liten ville jag bli en amerikansk fotbollsspelare.<\/p>\n<p><em>Det h\u00e4r g\u00f6r jag n\u00e4r jag inte pluggar:<\/em> N\u00e4r jag inte pluggar tycker jag om att kl\u00e4ttra, vara ute i naturen, umg\u00e5s med v\u00e4nner och familj.<\/p>\n<p><em>Tre ord som beskriver mig:<\/em> Nyfiken, fyndig, snabbt\u00e4nkt.<\/p>\n<p>[\/et_pb_text][\/et_pb_column][et_pb_column type=&#8221;1_3&#8243; _builder_version=&#8221;4.27.6&#8243; _module_preset=&#8221;default&#8221; global_colors_info=&#8221;{}&#8221;][et_pb_image src=&#8221;https:\/\/media.proandpro.se\/2026\/04\/Ture-removebg-preview.png&#8221; title_text=&#8221;Ture-removebg-preview&#8221; _builder_version=&#8221;4.27.6&#8243; _module_preset=&#8221;default&#8221; global_colors_info=&#8221;{}&#8221;][\/et_pb_image][\/et_pb_column][\/et_pb_row][et_pb_row column_structure=&#8221;2_3,1_3&#8243; _builder_version=&#8221;4.27.6&#8243; _module_preset=&#8221;default&#8221; global_colors_info=&#8221;{}&#8221;][et_pb_column type=&#8221;2_3&#8243; _builder_version=&#8221;4.27.6&#8243; _module_preset=&#8221;default&#8221; global_colors_info=&#8221;{}&#8221;][et_pb_text _builder_version=&#8221;4.27.6&#8243; _module_preset=&#8221;default&#8221; global_colors_info=&#8221;{}&#8221;]<\/p>\n<p><strong>Viktor Holmgren<\/strong><\/p>\n<p><em>Studerar: <\/em>Civilingenj\u00f6r inom industriell ekonomi, Ume\u00e5 universitet.<\/p>\n<p><em>Detta ser jag fram mot med Bright Minds vid Pro&amp;Pro:<\/em> Att l\u00e4ra mig av andra m\u00e4nniskors tankar och s\u00e4tt att l\u00f6sa problem.<\/p>\n<p><em>N\u00e4r jag var liten ville jag bli:<\/em> M\u00e5nga olika saker; brandman, polis, bilmekaniker, skidskytt&#8230;&#8230;&#8230;<\/p>\n<p><em>Det h\u00e4r g\u00f6r jag n\u00e4r jag inte pluggar:\u00a0<\/em>Tr\u00e4nar, umg\u00e5s med kompisar och bockar av saker p\u00e5 min &#8221;Att g\u00f6ra-lista&#8221;.<\/p>\n<p><em>Tre ord som beskriver mig: Trevlig, noggrann och m\u00e5lmedveten.<\/em><\/p>\n<p>[\/et_pb_text][\/et_pb_column][et_pb_column type=&#8221;1_3&#8243; _builder_version=&#8221;4.27.6&#8243; _module_preset=&#8221;default&#8221; global_colors_info=&#8221;{}&#8221;][et_pb_image src=&#8221;https:\/\/media.proandpro.se\/2026\/04\/Viktor-removebg-preview.png&#8221; title_text=&#8221;Viktor-removebg-preview&#8221; _builder_version=&#8221;4.27.6&#8243; _module_preset=&#8221;default&#8221; global_colors_info=&#8221;{}&#8221;][\/et_pb_image][\/et_pb_column][\/et_pb_row][et_pb_row column_structure=&#8221;2_3,1_3&#8243; _builder_version=&#8221;4.27.6&#8243; _module_preset=&#8221;default&#8221; global_colors_info=&#8221;{}&#8221;][et_pb_column type=&#8221;2_3&#8243; _builder_version=&#8221;4.27.6&#8243; _module_preset=&#8221;default&#8221; global_colors_info=&#8221;{}&#8221;][et_pb_text _builder_version=&#8221;4.27.6&#8243; _module_preset=&#8221;default&#8221; global_colors_info=&#8221;{}&#8221;]<\/p>\n<p><strong>William Ericsson<\/strong><\/p>\n<p><em>Studerar: <\/em>Civilingenj\u00f6r inom industriell ekonomi, Ume\u00e5 universitet.<\/p>\n<p><em>Detta ser jag fram mot med Bright Minds vid Pro&amp;Pro:<\/em> M\u00f6jligheten att f\u00e5 utveckla nya och befintliga f\u00e4rdigheter, f\u00e5 praktiskt l\u00e4rdom fr\u00e5n erfarna konsulter samt att knyta kontakter med likasinnade studenter och personer.<\/p>\n<p><em>N\u00e4r jag var liten ville jag bli:<\/em> Allt mellan stridspilot, kock och ishockeyproffs.<\/p>\n<p><em>Det h\u00e4r g\u00f6r jag n\u00e4r jag inte pluggar:<\/em> Spenderar m\u00e5nga timmar i k\u00f6ket, gymmet eller tittar p\u00e5 n\u00e5got sportevenemang.<\/p>\n<p><em>Tre ord som beskriver mig:<\/em> Social, nyfiken och m\u00e5lmedveten.<\/p>\n<p>[\/et_pb_text][\/et_pb_column][et_pb_column type=&#8221;1_3&#8243; _builder_version=&#8221;4.27.6&#8243; _module_preset=&#8221;default&#8221; global_colors_info=&#8221;{}&#8221;][et_pb_image src=&#8221;https:\/\/media.proandpro.se\/2026\/04\/William-removebg-preview.png&#8221; title_text=&#8221;William-removebg-preview&#8221; _builder_version=&#8221;4.27.6&#8243; _module_preset=&#8221;default&#8221; global_colors_info=&#8221;{}&#8221;][\/et_pb_image][\/et_pb_column][\/et_pb_row][et_pb_row column_structure=&#8221;2_3,1_3&#8243; _builder_version=&#8221;4.27.6&#8243; _module_preset=&#8221;default&#8221; global_colors_info=&#8221;{}&#8221;][et_pb_column type=&#8221;2_3&#8243; _builder_version=&#8221;4.27.6&#8243; _module_preset=&#8221;default&#8221; global_colors_info=&#8221;{}&#8221;][et_pb_text _builder_version=&#8221;4.27.6&#8243; _module_preset=&#8221;default&#8221; global_colors_info=&#8221;{}&#8221;]<\/p>\n<p><strong>Wilmer Ban\u00e9r<\/strong><\/p>\n<p><em>Studerar: <\/em>Civilingenj\u00f6r inom industriell ekonomi, Link\u00f6pings universitet<\/p>\n<p>Detta ser jag fram emot med Bright Minds vid Pro&amp;Pro: Jag ser fram emot att f\u00e5 tr\u00e4ffa\u00a0konsulter fr\u00e5n Pro&amp;Pro och f\u00e5 ta del av deras kunskap och erfarenhet f\u00f6r att skapa mig en b\u00e4ttre bild av konsultbranschen. Jag ser \u00e4ven fram emot att f\u00e5 tr\u00e4na p\u00e5 att l\u00f6sa olika komplexa case under seminarium med andra engagerade studenter.<\/p>\n<p><em>N\u00e4r jag var liten ville jag bli:<\/em> Brandman<\/p>\n<p><em>Det h\u00e4r g\u00f6r jag n\u00e4r jag inte pluggar<\/em>: Jag gillar att vara aktiv, s\u00e5 en stor del av min tid l\u00e4ggs p\u00e5 tr\u00e4ning. Ut\u00f6ver det spenderar jag s\u00e5 mycket tid jag kan med v\u00e4nner och familj.<\/p>\n<p><em>Tre ord som beskriver mig<\/em>: Lugn, kreativ, m\u00e5linriktad.<\/p>\n<p>[\/et_pb_text][\/et_pb_column][et_pb_column type=&#8221;1_3&#8243; _builder_version=&#8221;4.27.6&#8243; _module_preset=&#8221;default&#8221; global_colors_info=&#8221;{}&#8221;][et_pb_image src=&#8221;https:\/\/media.proandpro.se\/2026\/04\/Wilmer-removebg-preview.png&#8221; title_text=&#8221;Wilmer-removebg-preview&#8221; _builder_version=&#8221;4.27.6&#8243; _module_preset=&#8221;default&#8221; global_colors_info=&#8221;{}&#8221;][\/et_pb_image][\/et_pb_column][\/et_pb_row][\/et_pb_section]<\/p>\n","protected":false},"excerpt":{"rendered":"<p>Vi h\u00e4lsar 17 studenter fr\u00e5n universitet i Link\u00f6ping, Lule\u00e5, Stockholm och Ume\u00e5 v\u00e4lkomna till 6e omg\u00e5ngen av Pro&amp;Pros Bright Minds program. Ett program som erbjuder ambiti\u00f6sa studenter m\u00f6jligheten att \u00f6ka sin n\u00e4ringslivserfarenhet, sin kompetens och personliga utveckling genom att l\u00f6sa framtidens odefinierade komplexa problem. Till sin hj\u00e4lp f\u00e5r de kvalificerad handledning och utmanande aktiviteter, samtidigt [&hellip;]<\/p>\n","protected":false},"author":3,"featured_media":14506,"comment_status":"closed","ping_status":"closed","sticky":false,"template":"","format":"standard","meta":{"_et_pb_use_builder":"on","_et_pb_old_content":"Vi h\u00e4lsar 17 studenter, fr\u00e5n universitet i Link\u00f6ping, Lule\u00e5, Stockholm och Ume\u00e5, v\u00e4lkomna till femte omg\u00e5ngen av Bright Minds \u2013 Pro&Pro Student Program. Ett program som erbjuder ambiti\u00f6sa studenter m\u00f6jligheten att \u00f6ka sin n\u00e4ringslivserfarenhet, sin kompetens och personliga utveckling genom att l\u00f6sa framtidens odefinierade komplexa problem. Till sin hj\u00e4lp f\u00e5r de kvalificerad handledning och utmanande aktiviteter, samtidigt som de f\u00e5r utveckla sitt eget n\u00e4tverk med fler likasinnade.\r\n\r\nPro&Pro f\u00e5r \u00e4ven vi m\u00f6jligheten att attrahera och n\u00e4tverka med m\u00e4nniskor som brinner f\u00f6r v\u00e5rt varum\u00e4rkesl\u00f6fte\u00a0<em>make people and business successful<\/em>\u00a0i form av framtida ambassad\u00f6rer, relationer eller medarbetare. Win-win!\r\n\r\nH\u00e4r \u00e4r 2026 \u00e5rs Pro&Pro Bright Minds deltagare:\r\n\r\n<strong>Adam H\u00e5kansson<\/strong>\r\n\r\n<em>Studerar:<\/em> Civilingenj\u00f6r inom industriell ekonomi, Lule\u00e5 tekniska universitet.\r\n\r\n<em>Detta ser jag fram mot med Bright Minds vid Pro&Pro:<\/em> Jag ser fram emot att l\u00e4ra mig hur Pro&Pro arbetar och att l\u00e4ra k\u00e4nna studenter fr\u00e5n universitet runt om i Sverige.\r\n\r\n<em>N\u00e4r jag var liten ville jag bli:<\/em> N\u00e4r jag var liten ville jag bli polis, helst polishelikopterpilot.\r\n\r\n<em>Det h\u00e4r g\u00f6r jag n\u00e4r jag inte pluggar:<\/em> P\u00e5 fritiden umg\u00e5s jag g\u00e4rna med v\u00e4nner och familj, g\u00e4rna i kombination med att ut\u00f6va eller titta p\u00e5 n\u00e5gon sport.\r\n\r\n<em>Tre ord som beskriver mig:<\/em> Glad, nyfiken och engagerad.\r\n\r\n<strong>Alicia L\u00f6vgren<\/strong>\r\n\r\n<em>Studerar<\/em>: Civilingenj\u00f6r inom industriell ekonomi, Lule\u00e5 tekniska universitet.\r\n\r\n<em>Detta ser jag fram mot med Bright Minds vid Pro&Pro<\/em>: Jag ser fram emot att f\u00e5 tr\u00e4ffa andra likasinnade studenter samtidigt som jag f\u00e5r l\u00e4ra mig mer om konsultyrket. Det ska ocks\u00e5 bli riktigt roligt att f\u00e5 \u00f6va p\u00e5 att f\u00e5 l\u00f6sa case och f\u00e5 l\u00e4ra mig mer om Pro & Pro som f\u00f6retag.\r\n\r\n<em>N\u00e4r jag var liten ville jag bli:<\/em> Jag har alltid \u00e4lskat djur, s\u00e5 de flesta dagarna ville jag bli veterin\u00e4r f\u00f6r att hj\u00e4lpa dem.\r\n\r\n<em>Det h\u00e4r g\u00f6r jag n\u00e4r jag inte pluggar:<\/em> Jag ska springa mitt f\u00f6rsta maraton i \u00e5r\u00a0s\u00e5 det blir mycket l\u00f6pning om veckorna. N\u00e4r jag inte springer s\u00e5 gillar jag att dricka kaffe, l\u00e4sa, kolla hockey och umg\u00e5s med kompisar.\r\n\r\n<em>Tre ord som beskriver mig:<\/em> Glad, omt\u00e4nksam och driven,.\r\n\r\n<strong>Axel <em>Persson<\/em><\/strong>\r\n\r\n<em>Studerar<\/em>: Civilingenj\u00f6r inom industriell ekonomi, Ume\u00e5 universitet.\r\n\r\n<em>Detta ser jag fram emot med Bright Minds:<\/em> Fr\u00e4mst ser jag fram emot att l\u00f6sa case i team tillsammans med andra drivna studenter. Jag ser \u00e4ven hela programmet som en bra m\u00f6jlighet att utveckla min kommunikation i grupp, probleml\u00f6sningsf\u00f6rm\u00e5ga och andra kompetenser som \u00e4r avg\u00f6rande i arbetslivet. Dessutom hoppas jag f\u00e5 en tydligare inblick i konsultrollen och f\u00f6rst\u00e5 hur en konsultverksamhet kan se ut i praktiken.\r\n\r\n<em>N\u00e4r jag var liten ville jag bli<\/em>: Jag hade faktiskt inget uttalat dr\u00f6myrke n\u00e4r jag var liten. Jag tror att mina drivkrafter och val har kommit ifr\u00e5n en nyfikenhet att f\u00f6rst\u00e5 hur saker h\u00e4nger ihop och viljan att l\u00e4ra mig nya saker, vilket bl.a har styrt in mig p\u00e5 den utbildning jag \u00e4r p\u00e5 idag.\r\n\r\n<em>Detta g\u00f6r jag n\u00e4r jag inte pluggar:<\/em> Jag h\u00e5ller g\u00e4rna i g\u00e5ng genom idrott och tr\u00e4ning, just nu fr\u00e4mst innebandy, fotboll och gymmet. Under vinterhalv\u00e5ret blir det ocks\u00e5 en hel del l\u00e4ngdskidor och slalom. Ut\u00f6ver det v\u00e4rdes\u00e4tter jag att resa, spendera tid med min sambo och mina v\u00e4nner, g\u00e4rna ha en trevlig middag, en spelkv\u00e4ll eller grilla.\r\n\r\n<em>Tre ord som beskriver mig:<\/em> Driven, optimerande och m\u00e5linriktad.\r\n\r\n<strong>Jakob Gottfridsson<\/strong>\r\n\r\n<em>Studerar: <\/em>Civilingenj\u00f6r inom industriell ekonomi, Ume\u00e5 universitet .\r\n\r\n<em>Detta ser jag fram mot med Bright Minds vid Pro&Pro:<\/em>\r\n\r\n<em>N\u00e4r jag var liten ville jag bli:<\/em>\r\n\r\n<em>Det h\u00e4r g\u00f6r jag n\u00e4r jag inte pluggar:<\/em> T\r\n\r\n<em>Tre ord som beskriver mig:\u00a0<\/em>\r\n\r\n<strong>John Hermansson<\/strong>\r\n\r\n<em>Studerar: <\/em>Civilingenj\u00f6r inom industriell ekonomi, Ume\u00e5 universitet .\r\n\r\n<em>Detta ser jag fram mot med Bright Minds vid Pro&Pro:<\/em> Ser fram emot att f\u00e5 jobba med sp\u00e4nnande case tillsammans med andra ambiti\u00f6sa studenter och f\u00e5 en inblick i rollen som managementkonsult.\r\n\r\n<em>N\u00e4r jag var liten ville jag bli:<\/em> Pendlade mellan att vilja bli brandman eller fotbollsproffs i Spanien.\r\n\r\n<em>Det h\u00e4r g\u00f6r jag n\u00e4r jag inte pluggar:<\/em> Tr\u00e4nar och t\u00e4vlar i l\u00e4ngdskidor, fr\u00e4mst l\u00e5nglopp.\r\n\r\n<em>Tre ord som beskriver mig: <\/em>Uth\u00e5llig, l\u00f6sningsorienterad och m\u00e5lmedveten.\r\n\r\n<strong>Jonatan St\u00e5hl<\/strong>\r\n\r\n<em>Studerar<\/em>: Civilingenj\u00f6r inom industriell ekonomi, Ume\u00e5 universitet\r\n\r\n<em>Detta ser jag fram mot med Bright Minds vid Pro&Pro: <\/em>Att tr\u00e4ffa andra drivna studenter och f\u00e5 testa p\u00e5 att tackla n\u00e5gra av de problem som en konsult kan st\u00e4llas inf\u00f6r.\r\n\r\n<em>N\u00e4r jag var liten ville jag bli: <\/em>V\u00e4rldsm\u00e4stare \u2013 n\u00e4r jag var liten hade vi en gammal v\u00e4rldsm\u00e4stare i orienteringsklubben som jag s\u00e5g upp till och blev v\u00e4ldigt inspirerad av.\r\n\r\n<em>Det h\u00e4r g\u00f6r jag n\u00e4r jag inte pluggar: <\/em>Tr\u00e4nar och t\u00e4vlar i skidorientering.\r\n\r\n<em>Tre ord som beskriver mig: <\/em>Strukturerad, noggrann och nyfiken.\r\n\r\n<strong>Josefin B\u00e4ckvall<\/strong>\r\n\r\n<em>Studerar: <\/em>Civilingenj\u00f6r inom industriell ekonomi, Ume\u00e5 universitet\r\n\r\n<em>Detta ser jag fram mot med Bright Minds vid Pro&Pro: <\/em>Jag ser fram emot att utmana mig sj\u00e4lv, utveckla nya perspektiv och f\u00e5 en djupare f\u00f6rst\u00e5else f\u00f6r branschen. Det ska ocks\u00e5 bli v\u00e4ldigt kul att f\u00e5 tr\u00e4ffa engagerade m\u00e4nniskor och utmana mig sj\u00e4lv i en ny milj\u00f6..\r\n\r\n<em>N\u00e4r jag var liten ville jag bli: <\/em>L\u00e4kare<em>\r\n<\/em>\r\n\r\n<em>Det h\u00e4r g\u00f6r jag n\u00e4r jag inte pluggar: <\/em>N\u00e4r jag inte pluggar tycker jag om att tr\u00e4na, umg\u00e5s med v\u00e4nner och familj samt vara ute i naturen.\r\n\r\n<em>Tre ord som beskriver mig: <\/em>Ambiti\u00f6s, nyfiken och m\u00e5lmedveten.\r\n\r\n<strong>Junis Andersson<\/strong>\r\n\r\n<em>Studerar: <\/em>Civilingenj\u00f6r inom industriell ekonomi, Link\u00f6pings universitet.\r\n\r\n<em>Detta ser jag fram mot med Bright Minds vid Pro&Pro: <\/em>S\u00e5klart ska det bli v\u00e4ldigt kul att f\u00e5 en b\u00e4ttre bild av hur det \u00e4r att arbeta som managementkonsult, men n\u00e5got jag verkligen ser fram emot \u00e4r att tr\u00e4ffa nya m\u00e4nniskor, b\u00e5de andra studenter och personer som jobbar p\u00e5 Pro&Pro, och f\u00e5 h\u00f6ra om deras erfarenheter och perspektiv!\r\n\r\n<em>N\u00e4r jag var liten ville jag bli: <\/em>Fotbollsproffs, l\u00e4kare, hotell\u00e4gare, konditor, delfinsk\u00f6tare och s\u00e4kert tio andra saker\u2026\r\n\r\n<em>Det h\u00e4r g\u00f6r jag n\u00e4r jag inte pluggar<\/em>: Ut\u00f6ver att jobba en hel del s\u00e5 blir det mycket sportaktiviteter, fr\u00e4mst fotboll, tennis, golf och skidor. Resor, mat och att umg\u00e5s med familj och v\u00e4nner \u00e4r andra stora delar av mitt liv.\r\n\r\nTre ord som beskriver mig: <em>Ansvarstagande, social och l\u00f6sningsorienterad<\/em>\r\n\r\n<strong>Maja Strand<\/strong>\r\n\r\n<em>Studerar: <\/em>Civilingenj\u00f6r inom industriell ekonomi, Link\u00f6pings universitet.\r\n\r\n<em>Detta ser jag fram emot med Bright Minds vid Pro&Pro: <\/em>Jag ser fram emot att f\u00e5 en b\u00e4ttre bild av hur det faktiskt \u00e4r att jobba som managementkonsult och h\u00f6ra om anst\u00e4lldas erfarenheter p\u00e5 Pro&Pro.\u00a0Det ska ocks\u00e5 bli kul att tr\u00e4ffa nya m\u00e4nniskor och l\u00e4ra k\u00e4nna andra studenter som \u00e4r nyfikna p\u00e5 samma saker.\r\n\r\n<em>N\u00e4r jag var liten ville jag\u00a0bli:<\/em>\u00a0Jag har haft m\u00e5nga olika dr\u00f6mmar, allt fr\u00e5n sk\u00e5despelare till brandman eller konditor.\r\n\r\n<em>Det h\u00e4r g\u00f6r jag n\u00e4r jag inte pluggar: <\/em>Tr\u00e4nar och umg\u00e5s med n\u00e4ra och k\u00e4ra. P\u00e5 senaste har jag ocks\u00e5 b\u00f6rjat sticka och l\u00e4gga pussel med mina roommates, riktiga pension\u00e4rsaktiviteter i v\u00e5rt kollektiv med en medel\u00e5lder p\u00e5 24,5 \u00e5r.\r\n\r\n<em>Tre ord som beskriver mig:<\/em>\u00a0Positiv, engagerad och nyfiken.\r\n\r\n<strong>Melina Forsgren<\/strong>\r\n\r\n<em>Studerar: <\/em>Civilingenj\u00f6r inom industriell ekonomi, Ume\u00e5 universitet\r\n\r\n<em>Detta ser jag fram mot med Bright Minds vid Pro&Pro:\u00a0<\/em> Att l\u00e4ra mig massor! B\u00e5de att f\u00e5 verktyg f\u00f6r att l\u00f6sa komplexa problem och att utveckla min kommunikationsf\u00f6rm\u00e5ga. Jag ser ocks\u00e5 fram emot att tr\u00e4ffa drivna m\u00e4nniskor, b\u00e5de att ta del av yrkesverksammas erfarenheter och utbyta kunskap med andra studenter.\r\n\r\n<em>N\u00e4r jag var liten ville jag bli:<\/em> Bagare eller barnmorska\r\n\r\n<em>Det h\u00e4r g\u00f6r jag n\u00e4r jag inte pluggar<\/em>: G\u00e5r l\u00e5nga promenader med en podd i h\u00f6rlurarna och spenderar tid med v\u00e4nner och familj. Jag \u00e4lskar ocks\u00e5 att resa och testa nya matst\u00e4llen!\r\n\r\n<em>Tre ord som beskriver mig<\/em>: Glad, m\u00e5linriktad, nyfiken\r\n\r\n<strong>Moa Andersson<\/strong>\r\n\r\n<em>Studerar: <\/em>Civilingenj\u00f6r inom industriell ekonomi, Ume\u00e5 universitet\r\n\r\n<em>Detta ser jag fram mot med Bright Minds vid Pro&Pro<\/em>: M\u00f6jligheten att f\u00e5 l\u00e4ra k\u00e4nna nya m\u00e4nniskor samtidigt som man f\u00e5r l\u00f6sa riktiga problem och oms\u00e4tta sina teoretiska kunskaper i praktiken. Det k\u00e4nns \u00e4ven kul att f\u00e5 en inblick i hur en managementkonsult arbetar.\r\n\r\n<em>N\u00e4r jag var liten ville jag bli:<\/em> Prinsessa\r\n\r\n<em>Det h\u00e4r g\u00f6r jag n\u00e4r jag inte pluggar:<\/em> Spenderar g\u00e4rna tid i naturen, helst i l\u00e4ngdskidsp\u00e5ret eller i k\u00f6ket o lagar mat. Att umg\u00e5s med v\u00e4nner p\u00e5 en spelkv\u00e4ll st\u00e5r ocks\u00e5 h\u00f6gt p\u00e5 listan.\r\n\r\n<em>Tre ord som beskriver mig:<\/em> Social, noggrann & nyfiken\r\n\r\n<strong>Oskar Jonsson<\/strong>\r\n\r\n<em>Studerar: <\/em>Kandidatprogram i f\u00f6retagsekonomi, Stockholms universitet.<em>\r\n<\/em>\r\n\r\n<em>Detta ser jag fram mot med Bright Minds vid Pro&Pro<\/em>: M\u00f6jligheten att tillsammans med andra deltagare och Pro&Pro utvecklas och bli \u00e4nnu mer f\u00f6rberedd f\u00f6r kommande utmaningar i karri\u00e4ren. Jag hoppas p\u00e5 att f\u00e5 ut\u00f6ka min verktygsl\u00e5da med mer kunskap och fler knep f\u00f6r att b\u00e4ttre kunna l\u00f6sa komplexa problem.\r\n\r\n<em>N\u00e4r jag var liten ville jag bli:<\/em> N\u00e4r jag var liten ville jag blir fotbollsspelare och polis.\r\n\r\n<em>Det h\u00e4r g\u00f6r jag n\u00e4r jag inte pluggar: <\/em>N\u00e4r jag inte pluggar spenderar jag tiden p\u00e5 tr\u00e4ning och med familjen. Framf\u00f6rallt hittar man mig p\u00e5 cykeln eller tittandes p\u00e5 en fotbollsmatch.\r\n\r\n<em>Tre ord som beskriver mig: <\/em>Nyfiken, ambiti\u00f6s och ansvarsfull.\r\n\r\n<strong>Oscar Lepp\u00e4nen<\/strong>\r\n\r\n<em>Studerar: <\/em>Civilingenj\u00f6r inom industriell ekonomi, Ume\u00e5 universitet.\r\n\r\n<em>Detta ser jag fram mot med Bright Minds vid Pro&Pro<\/em>: Jag ser framf\u00f6r allt fram emot att f\u00e5 utveckla mitt s\u00e4tt att ta mig an komplexa problem i praktiken, inte enbart att f\u00e5 arbeta med teori utan ocks\u00e5 hur man faktiskt strukturerar, analyserar och driver riktiga case. Jag tycker det \u00e4r extra sp\u00e4nnande att f\u00e5 insikt i hur ni som konsulter t\u00e4nker i situationer d\u00e4r det inte finns ett sj\u00e4lvklart r\u00e4tt svar. Extra sp\u00e4nnande n\u00e4r jag sj\u00e4lv vill arbeta inom managementkonsulting i framtiden. Ut\u00f6ver det ser jag verkligen fram emot att f\u00e5 arbeta tillsammans med andra studenter, bekanta och nya, och bygga ett starkt n\u00e4tverk, samt att f\u00e5 en mentor som kan utmana mitt s\u00e4tt att t\u00e4nka och hj\u00e4lpa mig ta n\u00e4sta steg i min utveckling som civilingenj\u00f6r.\r\n\r\n<em>N\u00e4r jag var liten ville jag bli:<\/em> N\u00e4r jag var yngre ville jag bli ishockeyproffs, vilket ocks\u00e5 tog mig till att satsa p\u00e5 elitniv\u00e5 under gymnasiet. Det jag tar med mig d\u00e4rifr\u00e5n idag \u00e4r framf\u00f6r allt disciplin, lagarbete och viljan att hela tiden utvecklas.\r\n\r\n<em>Det h\u00e4r g\u00f6r jag n\u00e4r jag inte pluggar:<\/em> N\u00e4r jag inte pluggar jobbar jag p\u00e5 Porsche Center Ume\u00e5 d\u00e4r jag f\u00e5r tr\u00e4ffa mycket m\u00e4nniskor och arbeta n\u00e4ra en premiumkundupplevelse, vilket jag verkligen tycker \u00e4r utvecklande. Ut\u00f6ver det tr\u00e4nar jag regelbundet, reser och umg\u00e5s med v\u00e4nner.\r\n\r\n<em>Tre ord som beskriver mig:<\/em> Ambiti\u00f6s, nyfiken och aff\u00e4rsdriven.\r\n\r\n<strong>Ture Sj\u00f6bom<\/strong>\r\n\r\n<em>Studerar: <\/em>Civilingenj\u00f6r inom industriell ekonomi, Ume\u00e5 universitet.\r\n\r\n<em>Detta ser jag fram mot med Bright Minds vid Pro&Pro<\/em>: Det jag ser mest fram emot med Bright minds \u00e4r nya l\u00e4rdomar och insikter, och framf\u00f6r allt att f\u00e5 jobba tillsammans med och l\u00e4ra k\u00e4nna nya, inspirerande m\u00e4nniskor.\r\n\r\n<em>N\u00e4r jag var liten ville jag bli:<\/em> N\u00e4r jag var liten ville jag bli en amerikansk fotbollsspelare.\r\n\r\n<em>Det h\u00e4r g\u00f6r jag n\u00e4r jag inte pluggar:<\/em> N\u00e4r jag inte pluggar tycker jag om att kl\u00e4ttra, vara ute i naturen, umg\u00e5s med v\u00e4nner och familj.\r\n\r\n<em>Tre ord som beskriver mig:<\/em> Nyfiken, fyndig, snabbt\u00e4nkt.\r\n\r\n<strong>Viktor Holmgren<\/strong>\r\n\r\n<em>Studerar: <\/em>Civilingenj\u00f6r inom industriell ekonomi, Ume\u00e5 universitet.\r\n\r\n<em>Detta ser jag fram mot med Bright Minds vid Pro&Pro:<\/em> Att l\u00e4ra mig av andra m\u00e4nniskors tankar och s\u00e4tt att l\u00f6sa problem.\r\n\r\n<em>N\u00e4r jag var liten ville jag bli:<\/em> M\u00e5nga olika saker; brandman, polis, bilmekaniker, skidskytt.........\r\n\r\n<em>Det h\u00e4r g\u00f6r jag n\u00e4r jag inte pluggar:\u00a0<\/em>Tr\u00e4nar, umg\u00e5s med kompisar och bockar av saker p\u00e5 min \"Att g\u00f6ra-lista\".\r\n\r\n<em>Tre ord som beskriver mig: Trevlig, noggrann och m\u00e5lmedveten.<\/em>\r\n\r\n<strong>William Ericsson<\/strong>\r\n\r\n<em>Studerar: <\/em>Civilingenj\u00f6r inom industriell ekonomi, Ume\u00e5 universitet.\r\n\r\n<em>Detta ser jag fram mot med Bright Minds vid Pro&Pro:<\/em> M\u00f6jligheten att f\u00e5 utveckla nya och befintliga f\u00e4rdigheter, f\u00e5 praktiskt l\u00e4rdom fr\u00e5n erfarna konsulter samt att knyta kontakter med likasinnade studenter och personer.\r\n\r\n<em>N\u00e4r jag var liten ville jag bli:<\/em> Allt mellan stridspilot, kock och ishockeyproffs.\r\n\r\n<em>Det h\u00e4r g\u00f6r jag n\u00e4r jag inte pluggar:<\/em> Spenderar m\u00e5nga timmar i k\u00f6ket, gymmet eller tittar p\u00e5 n\u00e5got sportevenemang.\r\n\r\n<em>Tre ord som beskriver mig:<\/em> Social, nyfiken och m\u00e5lmedveten.\r\n\r\n<strong>Wilmer Ban\u00e9r<\/strong>\r\n\r\n<em>Studerar: <\/em>Civilingenj\u00f6r inom industriell ekonomi, Link\u00f6pings universitet\r\n\r\nDetta ser jag fram emot med Bright Minds vid Pro&Pro: Jag ser fram emot att f\u00e5 tr\u00e4ffa\u00a0konsulter fr\u00e5n Pro&Pro och f\u00e5 ta del av deras kunskap och erfarenhet f\u00f6r att skapa mig en b\u00e4ttre bild av konsultbranschen. Jag ser \u00e4ven fram emot att f\u00e5 tr\u00e4na p\u00e5 att l\u00f6sa olika komplexa case under seminarium med andra engagerade studenter.\r\n\r\n<em>N\u00e4r jag var liten ville jag bli:<\/em> Brandman\r\n\r\n<em>Det h\u00e4r g\u00f6r jag n\u00e4r jag inte pluggar<\/em>: Jag gillar att vara aktiv, s\u00e5 en stor del av min tid l\u00e4ggs p\u00e5 tr\u00e4ning. Ut\u00f6ver det spenderar jag s\u00e5 mycket tid jag kan med v\u00e4nner och familj.\r\n\r\n<em>Tre ord som beskriver mig<\/em>: Lugn, kreativ, m\u00e5linriktad.","_et_gb_content_width":"","footnotes":""},"categories":[11],"tags":[],"class_list":["post-14473","post","type-post","status-publish","format-standard","has-post-thumbnail","hentry","category-nyheter"],"_links":{"self":[{"href":"https:\/\/proandpro.se\/en\/wp-json\/wp\/v2\/posts\/14473","targetHints":{"allow":["GET"]}}],"collection":[{"href":"https:\/\/proandpro.se\/en\/wp-json\/wp\/v2\/posts"}],"about":[{"href":"https:\/\/proandpro.se\/en\/wp-json\/wp\/v2\/types\/post"}],"author":[{"embeddable":true,"href":"https:\/\/proandpro.se\/en\/wp-json\/wp\/v2\/users\/3"}],"replies":[{"embeddable":true,"href":"https:\/\/proandpro.se\/en\/wp-json\/wp\/v2\/comments?post=14473"}],"version-history":[{"count":15,"href":"https:\/\/proandpro.se\/en\/wp-json\/wp\/v2\/posts\/14473\/revisions"}],"predecessor-version":[{"id":14528,"href":"https:\/\/proandpro.se\/en\/wp-json\/wp\/v2\/posts\/14473\/revisions\/14528"}],"wp:featuredmedia":[{"embeddable":true,"href":"https:\/\/proandpro.se\/en\/wp-json\/wp\/v2\/media\/14506"}],"wp:attachment":[{"href":"https:\/\/proandpro.se\/en\/wp-json\/wp\/v2\/media?parent=14473"}],"wp:term":[{"taxonomy":"category","embeddable":true,"href":"https:\/\/proandpro.se\/en\/wp-json\/wp\/v2\/categories?post=14473"},{"taxonomy":"post_tag","embeddable":true,"href":"https:\/\/proandpro.se\/en\/wp-json\/wp\/v2\/tags?post=14473"}],"curies":[{"name":"wp","href":"https:\/\/api.w.org\/{rel}","templated":true}]}}