{"id":1341,"date":"2014-02-25T21:03:33","date_gmt":"2014-02-25T21:03:33","guid":{"rendered":"http:\/\/proandpro.se\/?p=1341"},"modified":"2014-03-16T14:45:47","modified_gmt":"2014-03-16T14:45:47","slug":"vi-soker-framgangsrika-och-ambitiosa-studenter","status":"publish","type":"post","link":"https:\/\/proandpro.se\/en\/2014\/02\/25\/vi-soker-framgangsrika-och-ambitiosa-studenter\/","title":{"rendered":"Vi s\u00f6ker framg\u00e5ngsrika och ambiti\u00f6sa studenter"},"content":{"rendered":"<p>Nu s\u00f6ker Pro&amp;Pro framg\u00e5ngsrika och ambiti\u00f6sa studenter med ett brinnande intresse f\u00f6r att utveckla aff\u00e4rer och individer. K\u00e4nner du dig attraherad av v\u00e5r vision och v\u00e5ra v\u00e4rderingar, d\u00e5 erbjuder vi dig en talangutveckling med m\u00e5let att bli en riktigt duktig management konsult med m\u00e5nga m\u00f6jligheter i framtiden.<\/p>\n<p>Vi erbjuder dig en resa med oss som innefattar kvalificerat sommarjobb, examensarbete av strategisk karakt\u00e4r och introduktionsprogram med m\u00e5let att snabbt n\u00e5 senior niv\u00e5. Vi har en ambition att upplevas som ett ledande f\u00f6retag inom talangutveckling. Pro&amp;Pro &#8221;Makes people and business successful&#8221;.<\/p>","protected":false},"excerpt":{"rendered":"<p>Nu s\u00f6ker Pro&amp;Pro framg\u00e5ngsrika och ambiti\u00f6sa studenter med ett brinnande intresse f\u00f6r att utveckla aff\u00e4rer och individer. K\u00e4nner du dig attraherad av v\u00e5r vision och v\u00e5ra v\u00e4rderingar, d\u00e5 erbjuder vi dig en talangutveckling med m\u00e5let att bli en riktigt duktig management konsult med m\u00e5nga m\u00f6jligheter i framtiden. Vi erbjuder dig en resa med oss som [&hellip;]<\/p>\n","protected":false},"author":1,"featured_media":0,"comment_status":"closed","ping_status":"closed","sticky":false,"template":"","format":"standard","meta":{"_et_pb_use_builder":"","_et_pb_old_content":"","_et_gb_content_width":"","footnotes":""},"categories":[11],"tags":[],"class_list":["post-1341","post","type-post","status-publish","format-standard","hentry","category-nyheter"],"_links":{"self":[{"href":"https:\/\/proandpro.se\/en\/wp-json\/wp\/v2\/posts\/1341","targetHints":{"allow":["GET"]}}],"collection":[{"href":"https:\/\/proandpro.se\/en\/wp-json\/wp\/v2\/posts"}],"about":[{"href":"https:\/\/proandpro.se\/en\/wp-json\/wp\/v2\/types\/post"}],"author":[{"embeddable":true,"href":"https:\/\/proandpro.se\/en\/wp-json\/wp\/v2\/users\/1"}],"replies":[{"embeddable":true,"href":"https:\/\/proandpro.se\/en\/wp-json\/wp\/v2\/comments?post=1341"}],"version-history":[{"count":4,"href":"https:\/\/proandpro.se\/en\/wp-json\/wp\/v2\/posts\/1341\/revisions"}],"predecessor-version":[{"id":1397,"href":"https:\/\/proandpro.se\/en\/wp-json\/wp\/v2\/posts\/1341\/revisions\/1397"}],"wp:attachment":[{"href":"https:\/\/proandpro.se\/en\/wp-json\/wp\/v2\/media?parent=1341"}],"wp:term":[{"taxonomy":"category","embeddable":true,"href":"https:\/\/proandpro.se\/en\/wp-json\/wp\/v2\/categories?post=1341"},{"taxonomy":"post_tag","embeddable":true,"href":"https:\/\/proandpro.se\/en\/wp-json\/wp\/v2\/tags?post=1341"}],"curies":[{"name":"wp","href":"https:\/\/api.w.org\/{rel}","templated":true}]}}