{"id":12885,"date":"2024-01-30T22:06:47","date_gmt":"2024-01-30T22:06:47","guid":{"rendered":"https:\/\/proandpro.se\/?p=12885"},"modified":"2024-01-30T22:09:21","modified_gmt":"2024-01-30T22:09:21","slug":"vd-summerar-2023-och-blickar-framat","status":"publish","type":"post","link":"https:\/\/proandpro.se\/en\/2024\/01\/30\/vd-summerar-2023-och-blickar-framat\/","title":{"rendered":"VD summerar 2023 och blickar fram\u00e5t"},"content":{"rendered":"<p>Vi \u00e4r i slutet av januari och redan k\u00e4nns det hur ljuset b\u00f6rjar komma tillbaka och v\u00e5ren n\u00e4rmar sig. Jag hoppas jul- och ny\u00e5rshelgen gav m\u00f6jligheter till sk\u00f6n avkoppling och m\u00f6jlighet att umg\u00e5s med n\u00e4ra och k\u00e4ra. Nedan har jag summerat 2023 f\u00f6r Pro&amp;Pro och beskriver v\u00e5ra tankar fram\u00e5t.<\/p>\n<h4>Pro&amp;Pro firade 10 \u00e5r \u2013 f\u00f6rverkliga dina dr\u00f6mmar<\/h4>\n<p>2023 fyllde Pro&amp;Pro 10 \u00e5r. Vi firade detta med ett h\u00e4rligt jubileumsevent i maj med temat \u201df\u00f6rverkliga dina dr\u00f6mmar\u201d. Just f\u00f6rverkliga dr\u00f6mmar \u00e4r en stor del av Pro&amp;Pros sj\u00e4l. F\u00f6rverkliga kunders dr\u00f6mmar, f\u00f6rverkliga Pro&amp;Pros dr\u00f6mmar och f\u00f6rverkliga dr\u00f6mmar som anst\u00e4lld vid Pro&amp;Pro.\u00a0Vi \u00e4r v\u00e4ldigt stolta \u00f6ver dessa 10 \u00e5r med en l\u00f6nsam tillv\u00e4xtresa samt att bidragit till att f\u00f6rverkliga m\u00e5nga dr\u00f6mmar, inte minst tillsammans med v\u00e5r n\u00e4ra 100 unika kunder, sm\u00e5 som stora. Tack f\u00f6r f\u00f6rtroendet.<\/p>\n<h4>Ett norrl\u00e4ndskt utmanaralternativ<\/h4>\n<p>N\u00e4r vi startade Pro&amp;Pro var ambitionen att skapa ett norrl\u00e4ndskt utmanaralternativ till de kvalificerade managementkonsultf\u00f6retagen fr\u00e5n storst\u00e4derna, men ocks\u00e5 ett intressant managementkonsultf\u00f6retag f\u00f6r m\u00e4nniskor med stor potential och ambition. Nu efter 10 \u00e5r kan vi konstatera att vi \u00e4r ett norrl\u00e4ndskt utmanaralternativ till de kvalificerade managementkonsultf\u00f6retagen fr\u00e5n storst\u00e4derna. I m\u00e5nga kundcase \u00e4r vi med och konkurrerar med dessa managementkonsultf\u00f6retag. Vi \u00e4r ocks\u00e5 v\u00e4l medvetna om att ska vi t\u00e4vla p\u00e5 den niv\u00e5n m\u00e5ste vi attrahera personer med passion, kreativitet, \u00f6dmjukhet, entrepren\u00f6rskap samt h\u00f6g ambition och m\u00e5ls\u00e4ttning i resultat och utveckling f\u00f6r kunder, samh\u00e4llet och sig sj\u00e4lv. Detta g\u00f6r att vi st\u00e4ndigt utvecklar v\u00e5ra koncept f\u00f6r att attrahera personer s\u00e5v\u00e4l unga som mer seniora, men ocks\u00e5 koncept f\u00f6r att bidra till en brant utvecklingskurva och stora framtidsm\u00f6jligheter vid Pro&amp;Pro.<\/p>\n<h4>\u00d6kad l\u00f6nsamhet genom b\u00e5de nya kunder och nya aff\u00e4rer med befintliga kunder<\/h4>\n<p>Vi har utvecklat en bred kundbas med kunder i alla segmenten som startups, SME tillv\u00e4xtf\u00f6retag, stora f\u00f6retag och globala f\u00f6retag och det tillsammans med olika offentliga organisationer. Med v\u00e5rt breda erbjudande inom managementtj\u00e4nster har vi stora m\u00f6jligheter att utveckla relationen med v\u00e5ra befintliga kunder. V\u00e5r systematik, st\u00e4ndiga arbete och intresse f\u00f6r nya kunder och nya marknader g\u00f6r att vi lyckas kontinuerligt f\u00e5nga intresse hos nya kunder i nya geografier. 2023 ut\u00f6kades v\u00e5ra aff\u00e4rer med s\u00e5v\u00e4l nya kommuner och industrif\u00f6retag som kunder och vi lyckades skapa \u00f6kad l\u00f6nsamhet j\u00e4mf\u00f6rt med tidigare \u00e5r. Vi f\u00f6rst\u00e5r att inget kommer gratis, vare sig h\u00f6ga resultat till v\u00e5ra kunder eller nya kunder. Det kommer av h\u00f6g ambition, passion och h\u00e5rt arbete.<\/p>\n<h4>M\u00e4nniskor som vill f\u00f6rverkliga sina dr\u00f6mmar<\/h4>\n<p>Vi v\u00e4nder oss b\u00e5de till erfarna samt till nyexaminerade som vi erbjuder v\u00e5rt 12 m\u00e5naders traineeprogram samt att vi erbjuder studenter b\u00e5de kvalificerade internship och deltagande i v\u00e5rt h\u00f6gprofilerade studentprogram Bright Minds. F\u00f6r att Pro&amp;Pro ska forts\u00e4tta att utvecklas letar vi st\u00e4ndigt efter m\u00e4nniskor som har den d\u00e4r extra viljan, uth\u00e5lligheten, energin, gl\u00e4djen och nyfikenheten att hela tiden l\u00e4ra sig nytt samt att skapa nytta och effekter f\u00f6r kunder som de inte ens v\u00e5gat dr\u00f6mma om.<\/p>\n<h4>Samh\u00e4llsengagemang \u2013 en del av v\u00e5rt DNA<\/h4>\n<p>Samh\u00e4llsengagemang \u00e4r och har alltid varit viktigt f\u00f6r Pro&amp;Pro. Vi vill vara ett f\u00f6retag som engagerar oss i v\u00e5r samh\u00e4llsutveckling b\u00e5de genom direkta engagemang och indirekt genom att m\u00e4nniskor. s\u00e5v\u00e4l unga direkt fr\u00e5n universitetet som erfarna, utvecklas p\u00e5 Pro&amp;Pro och p\u00e5 s\u00e5 s\u00e4tt bidrar till samh\u00e4llets utveckling. Under 2023 har vi fortsatt v\u00e5rt engagemang med Skvaderns gymnasieskola, genom stipendium till b\u00e4sta gymnasiearbete, innovationsdag samt inspiration i ledarskapskurser. Vi har engagerat oss att st\u00f6tta gymnasielever med svenska som andra spr\u00e5k i deras l\u00e4xl\u00e4sning genom ett samarbete med R\u00f6da Korset. Vi st\u00f6ttar ett antal ungdomsidrotts initiativ och f\u00f6reningar. F\u00f6r oss \u00e4r ett framg\u00e5ngsrikt ledarskap en mycket viktig nyckel till organisationers och m\u00e4nniskors framg\u00e5ng. Vi har skapat en beskrivning av det ledarskap vi tror p\u00e5, det h\u00e5llbara ledarskapet, vilket beskrivs av systematik, tillit, h\u00e5llbara resultat (ekonomi, milj\u00f6 och socialt) samt en stor dos passion. F\u00f6r att lyfta upp ledarskapet delar vi tillsammans med Sundsvalls juniorhandelskammare \u00e5rligen ut priset \u00c5rets Ledare i Sundsvall. Starka universitet med kvalificerade utbildningar och kvalificerad forskning \u00e4r en avg\u00f6rande faktor f\u00f6r samh\u00e4llets utveckling och vi engagerar oss i forsknings- och innovationsprojekt som partner likv\u00e4l i seminarium, event och organisationer med fokus p\u00e5 tillv\u00e4xt.<\/p>\n<h4>Blick fram\u00e5t<\/h4>\n<p>Vi har ambitionen att steg f\u00f6r steg forts\u00e4tta v\u00e5r utvecklingsresa och skapa fler partnerskap med kunder. F\u00f6r att m\u00f6jligg\u00f6ra detta ser vi fortsatt tryck i att utveckla nya kundrelationer samt att forts\u00e4tta att utveckla aff\u00e4rer i nya marknadsgeografier. I takt med att vi v\u00e4xer kommer vi ocks\u00e5 att utveckla v\u00e5ra arbetss\u00e4tt och ansvarsomr\u00e5den, och d\u00e4r ser vi f\u00f6r\u00e4ndringar nu i starten av 2024. Pro&amp;Pro ska ge stora m\u00f6jligheter till personlig utveckling och f\u00f6rverkligande av dr\u00f6mmar.<\/p>\n<h4>Kunders f\u00f6rtroende \u00e4r grunden f\u00f6r v\u00e5r resa fram\u00e5t<\/h4>\n<p>Vi \u00e4r mycket glada att f\u00e5 v\u00e5ra kunders f\u00f6rtroende att vara med p\u00e5 resan mot deras nya m\u00e5l och visioner. Det \u00e4r med stolthet vi konstaterar att vi f\u00e5r arbeta med st\u00f6rre f\u00f6retag och organisationer likv\u00e4l som startups och mindre f\u00f6retag i deras utveckling att bli h\u00e5llbart framg\u00e5ngsrika. Tack f\u00f6r det f\u00f6rtroendet! Vi ser fram emot fortsatta samarbeten med befintliga kunder och nya samarbeten med nya kunder.<\/p>\n<p>Tack f\u00f6r m\u00f6jligheten och n\u00f6jet f\u00e5 leda Pro&amp;Pro AB.<\/p>\n<p>Tommy Ytterstr\u00f6m, CEO<\/p>\n<p>&nbsp;<\/p>","protected":false},"excerpt":{"rendered":"<p>Vi \u00e4r i slutet av januari och redan k\u00e4nns det hur ljuset b\u00f6rjar komma tillbaka och v\u00e5ren n\u00e4rmar sig. Jag hoppas jul- och ny\u00e5rshelgen gav m\u00f6jligheter till sk\u00f6n avkoppling och m\u00f6jlighet att umg\u00e5s med n\u00e4ra och k\u00e4ra. Nedan har jag summerat 2023 f\u00f6r Pro&amp;Pro och beskriver v\u00e5ra tankar fram\u00e5t. Pro&amp;Pro firade 10 \u00e5r \u2013 f\u00f6rverkliga [&hellip;]<\/p>\n","protected":false},"author":1,"featured_media":5255,"comment_status":"closed","ping_status":"closed","sticky":false,"template":"","format":"standard","meta":{"_et_pb_use_builder":"","_et_pb_old_content":"","_et_gb_content_width":"","footnotes":""},"categories":[11],"tags":[],"class_list":["post-12885","post","type-post","status-publish","format-standard","has-post-thumbnail","hentry","category-nyheter"],"_links":{"self":[{"href":"https:\/\/proandpro.se\/en\/wp-json\/wp\/v2\/posts\/12885","targetHints":{"allow":["GET"]}}],"collection":[{"href":"https:\/\/proandpro.se\/en\/wp-json\/wp\/v2\/posts"}],"about":[{"href":"https:\/\/proandpro.se\/en\/wp-json\/wp\/v2\/types\/post"}],"author":[{"embeddable":true,"href":"https:\/\/proandpro.se\/en\/wp-json\/wp\/v2\/users\/1"}],"replies":[{"embeddable":true,"href":"https:\/\/proandpro.se\/en\/wp-json\/wp\/v2\/comments?post=12885"}],"version-history":[{"count":2,"href":"https:\/\/proandpro.se\/en\/wp-json\/wp\/v2\/posts\/12885\/revisions"}],"predecessor-version":[{"id":12887,"href":"https:\/\/proandpro.se\/en\/wp-json\/wp\/v2\/posts\/12885\/revisions\/12887"}],"wp:featuredmedia":[{"embeddable":true,"href":"https:\/\/proandpro.se\/en\/wp-json\/wp\/v2\/media\/5255"}],"wp:attachment":[{"href":"https:\/\/proandpro.se\/en\/wp-json\/wp\/v2\/media?parent=12885"}],"wp:term":[{"taxonomy":"category","embeddable":true,"href":"https:\/\/proandpro.se\/en\/wp-json\/wp\/v2\/categories?post=12885"},{"taxonomy":"post_tag","embeddable":true,"href":"https:\/\/proandpro.se\/en\/wp-json\/wp\/v2\/tags?post=12885"}],"curies":[{"name":"wp","href":"https:\/\/api.w.org\/{rel}","templated":true}]}}