{"id":12719,"date":"2023-10-10T07:34:32","date_gmt":"2023-10-10T07:34:32","guid":{"rendered":"https:\/\/proandpro.se\/?p=12719"},"modified":"2023-10-10T08:42:14","modified_gmt":"2023-10-10T08:42:14","slug":"engagerad-management-trainee","status":"publish","type":"post","link":"https:\/\/proandpro.se\/en\/2023\/10\/10\/engagerad-management-trainee\/","title":{"rendered":"Engagerad Management Trainee"},"content":{"rendered":"<p>Just nu finns en sp\u00e4nnande m\u00f6jlighet f\u00f6r dig att ans\u00f6ka till v\u00e5rt traineeprogram! Vi s\u00f6ker dig som nyligen har eller \u00e4r p\u00e5 v\u00e4g att avsluta dina studier. Din inriktning \u00e4r civilingenj\u00f6rsutbildning eller masterutbildning inom ekonomi.<\/p>\n<p>\u00d6nskar du f\u00e5 utlopp f\u00f6r din passion, kreativitet, \u00f6dmjukhet, ditt entrepren\u00f6rskap samt har h\u00f6ga ambitioner och ett driv att n\u00e5 resultat och utveckling f\u00f6r kunder, samh\u00e4llet och dig sj\u00e4lv? Vill du dessutom umg\u00e5s med energifyllda och trevliga kollegor? Ta d\u00e5 och <a href=\"https:\/\/proandpro.se\/en\/karriar\/traineeprogram2024\/\">l\u00e4s mer om v\u00e5rt traineeprogram h\u00e4r.<\/a><\/p>\n<p>Start h\u00f6sten eller efter \u00f6verenskommelse 2024.<br \/>\nSista ans\u00f6kningsdag \u00e4r 2023-11-12.<\/p>","protected":false},"excerpt":{"rendered":"<p>Just nu finns en sp\u00e4nnande m\u00f6jlighet f\u00f6r dig att ans\u00f6ka till v\u00e5rt traineeprogram! Vi s\u00f6ker dig som nyligen har eller \u00e4r p\u00e5 v\u00e4g att avsluta dina studier. Din inriktning \u00e4r civilingenj\u00f6rsutbildning eller masterutbildning inom ekonomi. \u00d6nskar du f\u00e5 utlopp f\u00f6r din passion, kreativitet, \u00f6dmjukhet, ditt entrepren\u00f6rskap samt har h\u00f6ga ambitioner och ett driv att n\u00e5 [&hellip;]<\/p>\n","protected":false},"author":14,"featured_media":12725,"comment_status":"closed","ping_status":"closed","sticky":false,"template":"","format":"standard","meta":{"_et_pb_use_builder":"","_et_pb_old_content":"","_et_gb_content_width":"","footnotes":""},"categories":[11],"tags":[],"class_list":["post-12719","post","type-post","status-publish","format-standard","has-post-thumbnail","hentry","category-nyheter"],"_links":{"self":[{"href":"https:\/\/proandpro.se\/en\/wp-json\/wp\/v2\/posts\/12719","targetHints":{"allow":["GET"]}}],"collection":[{"href":"https:\/\/proandpro.se\/en\/wp-json\/wp\/v2\/posts"}],"about":[{"href":"https:\/\/proandpro.se\/en\/wp-json\/wp\/v2\/types\/post"}],"author":[{"embeddable":true,"href":"https:\/\/proandpro.se\/en\/wp-json\/wp\/v2\/users\/14"}],"replies":[{"embeddable":true,"href":"https:\/\/proandpro.se\/en\/wp-json\/wp\/v2\/comments?post=12719"}],"version-history":[{"count":6,"href":"https:\/\/proandpro.se\/en\/wp-json\/wp\/v2\/posts\/12719\/revisions"}],"predecessor-version":[{"id":13334,"href":"https:\/\/proandpro.se\/en\/wp-json\/wp\/v2\/posts\/12719\/revisions\/13334"}],"wp:featuredmedia":[{"embeddable":true,"href":"https:\/\/proandpro.se\/en\/wp-json\/wp\/v2\/media\/12725"}],"wp:attachment":[{"href":"https:\/\/proandpro.se\/en\/wp-json\/wp\/v2\/media?parent=12719"}],"wp:term":[{"taxonomy":"category","embeddable":true,"href":"https:\/\/proandpro.se\/en\/wp-json\/wp\/v2\/categories?post=12719"},{"taxonomy":"post_tag","embeddable":true,"href":"https:\/\/proandpro.se\/en\/wp-json\/wp\/v2\/tags?post=12719"}],"curies":[{"name":"wp","href":"https:\/\/api.w.org\/{rel}","templated":true}]}}