{"id":12618,"date":"2023-08-29T10:16:25","date_gmt":"2023-08-29T10:16:25","guid":{"rendered":"https:\/\/proandpro.se\/?p=12618"},"modified":"2023-08-29T10:16:25","modified_gmt":"2023-08-29T10:16:25","slug":"propro-awards-2024","status":"publish","type":"post","link":"https:\/\/proandpro.se\/en\/2023\/08\/29\/propro-awards-2024\/","title":{"rendered":"Pro&#038;Pro Awards 2024"},"content":{"rendered":"<p>Vi v\u00e4lkomnar en sp\u00e4nnande start p\u00e5 Pro&amp;Pro Awards 2024, en del av v\u00e5rt \u00e5rliga samarbete med Skvaderns Gymnasieskola. I \u00e5r riktar vi f\u00f6rv\u00e4ntansfullt blickarna mot en ny omg\u00e5ng av v\u00e5rt gymnasiestipendium. Stipendiet hyllar tre framst\u00e5ende elever fr\u00e5n Naturvetenskapsprogrammet i \u00e5rskurs 3, vars gymnasiearbete bed\u00f6ms utifr\u00e5n ambition, analytisk niv\u00e5 samt skriftlig och muntlig presentation.<\/p>\n<p>F\u00f6r att inspirera h\u00f6ll vi en innovationsdag med temat H\u00e5llbar innovation d\u00e4r vi fick m\u00f6jligheten att tr\u00e4ffa fantastiska elever. Under en intensiv heldag l\u00e4t vi kreativiteten fl\u00f6da fritt och utmanade eleverna att utforma l\u00f6sningar f\u00f6r aktuella h\u00e5llbarhetsutmaningar.<\/p>\n<p>Vi blev positivt \u00f6verraskade av gymnasieelevernas enast\u00e5ende tankar, engagemang och f\u00f6rm\u00e5ga att t\u00e4nka l\u00f6sningsorienterat. Denna dag var fylld av inspirerande presentationer som str\u00e4ckte sig \u00f6ver m\u00e5nga sp\u00e4nnande \u00e4mnesomr\u00e5den:<\/p>\n<p><strong>MinTur<\/strong> &#8211; Gr\u00f6n kollektivtrafik med upph\u00e4mtning<\/p>\n<p><strong>\u00c4nnu Tyngre<\/strong> &#8211; Utvinna energi fr\u00e5n gymmaskiner<\/p>\n<p><strong>Butterflies<\/strong> &#8211; Bygga Torsboda men bevara biologiskt m\u00e5ngfald<\/p>\n<p><strong>ReFashion<\/strong> &#8211; AI genererade outfitsf\u00f6rlag samt plattform f\u00f6r begagnade kl\u00e4der<\/p>\n<p><strong>EcoGlow<\/strong> &#8211; Soldriven gatubelysning<\/p>\n<p><strong>NGOC<\/strong> (New Generation of Clothes) &#8211; Minska \u00f6verkonsumtion av kl\u00e4der<\/p>\n<p><strong>LTB<\/strong> (Lokal Transport av Barn) &#8211; Sj\u00e4lvk\u00f6rande elbussar f\u00f6r barn till tr\u00e4ning<\/p>\n<p><strong>Sponsrad av Peak Performance<\/strong> &#8211; \u00c4r AI ett problem eller hj\u00e4lpmedel?<\/p>\n<p><strong>R\u00e4korna<\/strong> &#8211; H\u00e5llbart r\u00e4kfiske med hj\u00e4lp av r\u00e4kburar<\/p>\n<p><strong>Coffeecrew<\/strong> &#8211; Optimering av persontransport med r\u00f6rliga h\u00e5llplatser<\/p>\n<p><a href=\"https:\/\/media.proandpro.se\/2023\/08\/MicrosoftTeams-image-15-scaled.jpg\"><img loading=\"lazy\" decoding=\"async\" class=\"alignnone size-full wp-image-12621\" src=\"https:\/\/media.proandpro.se\/2023\/08\/MicrosoftTeams-image-15-scaled.jpg\" alt=\"\" width=\"1920\" height=\"2560\" srcset=\"https:\/\/media.proandpro.se\/2023\/08\/MicrosoftTeams-image-15-scaled.jpg 1920w, https:\/\/media.proandpro.se\/2023\/08\/MicrosoftTeams-image-15-1280x1707.jpg 1280w, https:\/\/media.proandpro.se\/2023\/08\/MicrosoftTeams-image-15-980x1307.jpg 980w, https:\/\/media.proandpro.se\/2023\/08\/MicrosoftTeams-image-15-480x640.jpg 480w\" sizes=\"(min-width: 0px) and (max-width: 480px) 480px, (min-width: 481px) and (max-width: 980px) 980px, (min-width: 981px) and (max-width: 1280px) 1280px, (min-width: 1281px) 1920px, 100vw\" \/><\/a><\/p>\n<p><a href=\"https:\/\/media.proandpro.se\/2023\/08\/1693302685176701.jpg\"><img loading=\"lazy\" decoding=\"async\" class=\"alignnone size-full wp-image-12619\" src=\"https:\/\/media.proandpro.se\/2023\/08\/1693302685176701.jpg\" alt=\"\" width=\"870\" height=\"520\" srcset=\"https:\/\/media.proandpro.se\/2023\/08\/1693302685176701.jpg 870w, https:\/\/media.proandpro.se\/2023\/08\/1693302685176701-480x287.jpg 480w\" sizes=\"(min-width: 0px) and (max-width: 480px) 480px, (min-width: 481px) 870px, 100vw\" \/><\/a><\/p>\n<p>Vi p\u00e5 Pro&amp;Pro st\u00e5r fast vid v\u00e5rt l\u00e5ngsiktiga engagemang i den lokala regionen och v\u00e5r ambition att v\u00e5rda och utveckla de talanger som finns h\u00e4r. Vi skapar en fortsatt l\u00e4nk fr\u00e5n gymnasietiden till universitetet genom mentorskap, v\u00e5rt studentprogram &#8221;Bright Minds&#8221;, internships och examensprojekt. Detta str\u00e4cker sig vidare till traineeprogrammet och anst\u00e4llningar hos oss.<\/p>\n<p>V\u00e5r VD Tommy Ytterstr\u00f6m delar sin syn p\u00e5 samarbetet med Skvadern: \u201dV\u00e5r grundl\u00e4ggande str\u00e4van, att forma m\u00e4nniskor och f\u00f6retag till framg\u00e5ng, uttrycker v\u00e5r passion f\u00f6r att se individer blomstra och f\u00f6retag utvecklas. Vi k\u00e4nner en stark vilja att st\u00f6dja unga och ambiti\u00f6sa elever i deras utveckling, och eleverna fr\u00e5n Skvaderns Gymnasieskola har visat prov p\u00e5 enast\u00e5ende f\u00f6rm\u00e5gor. Genom detta samarbete f\u00e5r de ta del av v\u00e5r samlade erfarenhet, bli inspirerade och \u00f6ka sin kompetens, medan vi sj\u00e4lva g\u00e5r h\u00e4rifr\u00e5n med mycket gl\u00e4dje och ett stort hopp om framtiden\u201d<\/p>\n<p><a href=\"https:\/\/media.proandpro.se\/2023\/08\/MicrosoftTeams-image-16-scaled.jpg\"><img loading=\"lazy\" decoding=\"async\" class=\"alignnone size-full wp-image-12620\" src=\"https:\/\/media.proandpro.se\/2023\/08\/MicrosoftTeams-image-16-scaled.jpg\" alt=\"\" width=\"1920\" height=\"2560\" srcset=\"https:\/\/media.proandpro.se\/2023\/08\/MicrosoftTeams-image-16-scaled.jpg 1920w, https:\/\/media.proandpro.se\/2023\/08\/MicrosoftTeams-image-16-1280x1707.jpg 1280w, https:\/\/media.proandpro.se\/2023\/08\/MicrosoftTeams-image-16-980x1307.jpg 980w, https:\/\/media.proandpro.se\/2023\/08\/MicrosoftTeams-image-16-480x640.jpg 480w\" sizes=\"(min-width: 0px) and (max-width: 480px) 480px, (min-width: 481px) and (max-width: 980px) 980px, (min-width: 981px) and (max-width: 1280px) 1280px, (min-width: 1281px) 1920px, 100vw\" \/><\/a><\/p>\n<p>&nbsp;<\/p>","protected":false},"excerpt":{"rendered":"<p>Vi v\u00e4lkomnar en sp\u00e4nnande start p\u00e5 Pro&amp;Pro Awards 2024, en del av v\u00e5rt \u00e5rliga samarbete med Skvaderns Gymnasieskola. I \u00e5r riktar vi f\u00f6rv\u00e4ntansfullt blickarna mot en ny omg\u00e5ng av v\u00e5rt gymnasiestipendium. Stipendiet hyllar tre framst\u00e5ende elever fr\u00e5n Naturvetenskapsprogrammet i \u00e5rskurs 3, vars gymnasiearbete bed\u00f6ms utifr\u00e5n ambition, analytisk niv\u00e5 samt skriftlig och muntlig presentation. F\u00f6r att [&hellip;]<\/p>\n","protected":false},"author":14,"featured_media":12619,"comment_status":"closed","ping_status":"closed","sticky":false,"template":"","format":"standard","meta":{"_et_pb_use_builder":"","_et_pb_old_content":"","_et_gb_content_width":"","footnotes":""},"categories":[11],"tags":[],"class_list":["post-12618","post","type-post","status-publish","format-standard","has-post-thumbnail","hentry","category-nyheter"],"_links":{"self":[{"href":"https:\/\/proandpro.se\/en\/wp-json\/wp\/v2\/posts\/12618","targetHints":{"allow":["GET"]}}],"collection":[{"href":"https:\/\/proandpro.se\/en\/wp-json\/wp\/v2\/posts"}],"about":[{"href":"https:\/\/proandpro.se\/en\/wp-json\/wp\/v2\/types\/post"}],"author":[{"embeddable":true,"href":"https:\/\/proandpro.se\/en\/wp-json\/wp\/v2\/users\/14"}],"replies":[{"embeddable":true,"href":"https:\/\/proandpro.se\/en\/wp-json\/wp\/v2\/comments?post=12618"}],"version-history":[{"count":2,"href":"https:\/\/proandpro.se\/en\/wp-json\/wp\/v2\/posts\/12618\/revisions"}],"predecessor-version":[{"id":12623,"href":"https:\/\/proandpro.se\/en\/wp-json\/wp\/v2\/posts\/12618\/revisions\/12623"}],"wp:featuredmedia":[{"embeddable":true,"href":"https:\/\/proandpro.se\/en\/wp-json\/wp\/v2\/media\/12619"}],"wp:attachment":[{"href":"https:\/\/proandpro.se\/en\/wp-json\/wp\/v2\/media?parent=12618"}],"wp:term":[{"taxonomy":"category","embeddable":true,"href":"https:\/\/proandpro.se\/en\/wp-json\/wp\/v2\/categories?post=12618"},{"taxonomy":"post_tag","embeddable":true,"href":"https:\/\/proandpro.se\/en\/wp-json\/wp\/v2\/tags?post=12618"}],"curies":[{"name":"wp","href":"https:\/\/api.w.org\/{rel}","templated":true}]}}