{"id":12238,"date":"2023-04-11T19:15:39","date_gmt":"2023-04-11T19:15:39","guid":{"rendered":"https:\/\/proandpro.se\/?p=12238"},"modified":"2026-04-20T13:48:35","modified_gmt":"2026-04-20T13:48:35","slug":"bright-minds-2023","status":"publish","type":"post","link":"https:\/\/proandpro.se\/en\/2023\/04\/11\/bright-minds-2023\/","title":{"rendered":"Elva studenter b\u00f6rjar Pro&#038;Pro Student Program 2023"},"content":{"rendered":"<p>[et_pb_section fb_built=&#8221;1&#8243; admin_label=&#8221;section&#8221; _builder_version=&#8221;4.16&#8243; global_colors_info=&#8221;{}&#8221;][et_pb_row admin_label=&#8221;row&#8221; _builder_version=&#8221;4.16&#8243; background_size=&#8221;initial&#8221; background_position=&#8221;top_left&#8221; background_repeat=&#8221;repeat&#8221; global_colors_info=&#8221;{}&#8221;][et_pb_column type=&#8221;4_4&#8243; _builder_version=&#8221;4.16&#8243; custom_padding=&#8221;|||&#8221; global_colors_info=&#8221;{}&#8221; custom_padding__hover=&#8221;|||&#8221;][et_pb_text admin_label=&#8221;Text&#8221; _builder_version=&#8221;4.20.2&#8243; background_size=&#8221;initial&#8221; background_position=&#8221;top_left&#8221; background_repeat=&#8221;repeat&#8221; global_colors_info=&#8221;{}&#8221;]<\/p>\n<p>Vi h\u00e4lsar 11 studenter, fr\u00e5n Link\u00f6ping, Ume\u00e5 och Uppsala, v\u00e4lkomna till tredje omg\u00e5ngen av Bright Minds \u2013 Pro&amp;Pro Student Program. Ett program som erbjuder ambiti\u00f6sa studenter m\u00f6jligheten att \u00f6ka sin n\u00e4ringslivserfarenhet, sin kompetens och personliga utveckling genom att l\u00f6sa framtidens odefinierade komplexa problem. Till sin hj\u00e4lp f\u00e5r de kvalificerad handledning och utmanande aktiviteter, samtidigt som de f\u00e5r utveckla sitt eget n\u00e4tverk med fler likasinnade.<\/p>\n<p>Pro&amp;Pro f\u00e5r \u00e4ven vi m\u00f6jligheten att attrahera och n\u00e4tverka med m\u00e4nniskor som brinner f\u00f6r v\u00e5rt varum\u00e4rkesl\u00f6fte\u00a0<em>make people and business successful<\/em>\u00a0i form av framtida ambassad\u00f6rer, relationer eller medarbetare. Win-win!<\/p>\n<p>H\u00e4r \u00e4r 2023 \u00e5rs Pro&amp;Pro Bright Mind<\/p>\n<p><strong>Josefin Bering<img loading=\"lazy\" decoding=\"async\" class=\"alignright wp-image-12239\" src=\"https:\/\/media.proandpro.se\/2023\/04\/Josefin_profil.jpg\" alt=\"\" width=\"300\" height=\"376\" \/><\/strong><\/p>\n<p>Studerar: Civilingenj\u00f6r inom industriell ekonomi, Ume\u00e5 universitet<\/p>\n<p>Detta ser jag fram mot med Bright Minds vid Pro&amp;Pro: F\u00e5 en b\u00e4ttre insyn inom managementkonsult yrket, f\u00e5 jobba med roliga utmaningar och inspirerande individer<\/p>\n<p>N\u00e4r jag var liten ville jag bli: Advokat<\/p>\n<p>Det h\u00e4r g\u00f6r jag n\u00e4r jag inte pluggar: Umg\u00e5s med familj och kompisar, tr\u00e4nar p\u00e5 IKSU och hittar nya recept till veckans matl\u00e5da<\/p>\n<p>Tre ord som beskriver mig: En ambiti\u00f6s och kreativ tjej som \u00e4r en planerare ut i fingerspetsarna.<\/p>\n<p><strong>\u00a0<\/strong><strong>Erika B\u00e4ckman<img loading=\"lazy\" decoding=\"async\" class=\"alignright wp-image-12240\" src=\"https:\/\/media.proandpro.se\/2023\/04\/Erika_profil.jpg\" alt=\"\" width=\"300\" height=\"375\" \/><\/strong><\/p>\n<p>Studerar: Civilingenj\u00f6rsprogrammet i Industriell Ekonomi med inriktning Risk Management, p\u00e5 Ume\u00e5 universitet<\/p>\n<p><em>Detta ser jag fram mot med Bright Minds vid Pro&amp;Pro:<\/em> Jag ser framf\u00f6rallt fram emot att f\u00e5 ta del av kunskap fr\u00e5n specialister inom branschen, n\u00e4tverka med likasinnade, f\u00e5 utvecklas, utmanas och l\u00e4ra mig s\u00e5dant som man inte f\u00e5r \u00f6va p\u00e5 i plugget!<\/p>\n<p><em>\u00a0<\/em><em>N\u00e4r jag var liten ville jag bli:<\/em> Musikalartist, helst p\u00e5 Broadway!<\/p>\n<p><em>Det h\u00e4r g\u00f6r jag n\u00e4r jag inte pluggar:<\/em> N\u00e4r jag inte pluggar hittar man mig ofta i l\u00f6parsp\u00e5ret eller p\u00e5 gymmet. Annars framf\u00f6r pianot eller gitarren och spelar\/sjunger n\u00e5gon Melissa Horn-l\u00e5t. Det blir ocks\u00e5 en del jobb och h\u00e4ng med v\u00e4nner.<\/p>\n<p><em>Tre ord som beskriver mig:<\/em> Engagerad, positiv och inkluderande<\/p>\n<p><strong>David Carlsson<img loading=\"lazy\" decoding=\"async\" class=\"alignright wp-image-12241\" src=\"https:\/\/media.proandpro.se\/2023\/04\/David_profil.jpg\" alt=\"\" width=\"300\" height=\"375\" \/><\/strong><\/p>\n<p>Studerar: Fj\u00e4rde \u00e5ret till civilingenj\u00f6r i industriell ekonomi vid Link\u00f6pings universitet<\/p>\n<p>Detta ser jag fram emot med Bright Minds: Att utvecklas och tr\u00e4ffa nya m\u00e4nniskor!<\/p>\n<p>N\u00e4r jag var liten ville jag bli: Marinbiolog<\/p>\n<p>Det h\u00e4r g\u00f6r jag n\u00e4r jag inte pluggar: \u00c5ker skidor och tr\u00e4nar<\/p>\n<p>Tre ord som beskriver mig: Social, driven och organiserad<\/p>\n<p>&nbsp;<\/p>\n<p><strong>Ingrid Ernstr\u00f6m<img loading=\"lazy\" decoding=\"async\" class=\"alignright wp-image-12254\" src=\"https:\/\/media.proandpro.se\/2023\/04\/Ingrid_profil.jpg\" alt=\"\" width=\"300\" height=\"375\" \/><\/strong><\/p>\n<p>Studerar: Civilingenj\u00f6r i industriell ekonomi vid Ume\u00e5\u00a0universitet.<\/p>\n<p><em>Detta ser jag fram mot med Bright Minds vid Pro&amp;Pro:<\/em>Jag ser fram emot att utveckla mig sj\u00e4lv, l\u00e4ra mig av m\u00e4nniskor som \u00e4r ute i arbetslivet och f\u00e5 applicera de kunskaper jag f\u00e5tt fr\u00e5n min utbildning.<\/p>\n<p><em>N\u00e4r jag var liten ville jag bli: <\/em>Jag hade inget uttalat jag ville bli.<\/p>\n<p><em>Det h\u00e4r g\u00f6r jag n\u00e4r jag inte pluggar: <\/em>N\u00e4r jag inte pluggar s\u00e5 gillar jag att tr\u00e4na och umg\u00e5s med familj och v\u00e4nner.<\/p>\n<p><em>Tre ord som beskriver mig: S<\/em>ocial, m\u00e5linriktad, positiv<\/p>\n<p><strong>Louise F\u00e4llstr\u00f6m<img loading=\"lazy\" decoding=\"async\" class=\"alignright wp-image-12243\" src=\"https:\/\/media.proandpro.se\/2023\/04\/Louise_profil.jpg\" alt=\"\" width=\"300\" height=\"375\" \/><\/strong><\/p>\n<p>Studerar: Tredje \u00e5ret p\u00e5 Civilingenj\u00f6rsprogrammet i Industriell Ekonomi vid Ume\u00e5 universitet.<\/p>\n<p>Detta ser jag fram mot med Bright Minds vid Pro&amp;Pro: Att f\u00e5 en bredare inblick i konsultbranschen och vilka utmaningar man kan st\u00e4llas inf\u00f6r d\u00e4r. Ser ocks\u00e5 fram emot att arbeta i case tillsammans med andra studenter och till\u00e4mpa samt utveckla de kunskaper jag f\u00e5tt fr\u00e5n mina studier.<\/p>\n<p>N\u00e4r jag var liten ville jag bli: Det varierade mycket under \u00e5ren men de fr\u00e4msta var nog brandman eller elitidrottare inom alpint.<\/p>\n<p>Det h\u00e4r g\u00f6r jag n\u00e4r jag inte pluggar: Tr\u00e4ning \u00e4r en stor del av mitt liv! Jobbar lite deltid men annars tycker jag om att testa p\u00e5 nya saker, till exempel\u00a0kl\u00e4ttring som \u00e4r mitt senaste inslag.<\/p>\n<p>Tre ord som beskriver mig: Glad, m\u00e5linriktad, \u00f6dmjuk<\/p>\n<p><strong>Marcus Haapaniemi<img loading=\"lazy\" decoding=\"async\" class=\"alignright wp-image-12251\" src=\"https:\/\/media.proandpro.se\/2023\/04\/Markus_profil.jpg\" alt=\"\" width=\"300\" height=\"375\" \/><\/strong><\/p>\n<p>Studerar: Civilingenj\u00f6rsprogrammet inom industriell ekonomi vid Ume\u00e5 universitet<\/p>\n<p><em>Detta ser jag fram mot med Bright Minds vid Pro&amp;Pro:\u00a0<\/em>Jag ser fram emot att p\u00e5 l\u00f6sa problem i casen och f\u00e5 st\u00f6d via mentorskapet som kommer hj\u00e4lpa mig att utvecklas.<\/p>\n<p><em>\u00a0<\/em>N\u00e4r jag var liten ville jag bli: VD f\u00f6r LKAB\u00a0<u>\ud83d\ude42<\/u><\/p>\n<p><em>Det h\u00e4r g\u00f6r jag n\u00e4r jag inte pluggar: N\u00e4r jag inte pluggar s\u00e5 tr\u00e4nar jag eller tittar fotboll.<\/em><\/p>\n<p><em>Tre ord som beskriver mig: M\u00e5lmedveten, h\u00e5rdjobbande, ledare<\/em><\/p>\n<p><em>\u00a0<\/em><em><strong>Emma Jernelo<img loading=\"lazy\" decoding=\"async\" class=\"alignright wp-image-12255\" src=\"https:\/\/media.proandpro.se\/2023\/04\/Emma-profil.jpg\" alt=\"\" width=\"300\" height=\"375\" srcset=\"https:\/\/media.proandpro.se\/2023\/04\/Emma-profil.jpg 414w, https:\/\/media.proandpro.se\/2023\/04\/Emma-profil-240x300.jpg 240w\" sizes=\"(max-width: 300px) 100vw, 300px\" \/><\/strong><\/em><\/p>\n<p>Studerar: Civilingenj\u00f6r i industriell ekonomi vid Ume\u00e5 universitet<\/p>\n<p>Detta ser jag fram mot med Bright Minds vid Pro&amp;Pro: Att f\u00e5 med mig nyttiga erfarenheter inf\u00f6r arbetslivet, att utvecklas och l\u00e4ra mig saker tillsammans med och av andra deltagare samt att ha kul p\u00e5 v\u00e4gen.<\/p>\n<p>N\u00e4r jag var liten ville jag bli: Fotbollsproffs eller \u00e4ga en kl\u00e4dbutik.<\/p>\n<p>Det h\u00e4r g\u00f6r jag n\u00e4r jag inte pluggar: Umg\u00e5s med v\u00e4nner och familj, tr\u00e4nar och jobbar.<\/p>\n<p>Tre ord som beskriver mig: glad, nyfiken och beslutsam.<\/p>\n<p><strong>Arvid Larsson<img loading=\"lazy\" decoding=\"async\" class=\"alignright wp-image-12247\" src=\"https:\/\/media.proandpro.se\/2023\/04\/Arvid_profil-1.jpg\" alt=\"\" width=\"300\" height=\"378\" \/><\/strong><\/p>\n<p>Studerar: Civilingenj\u00f6r Industriell Ekonomi vid Ume\u00e5 universitet<\/p>\n<p>Detta ser jag fram mot med Bright Minds vid Pro&amp;Pro: Jag ser mest framemot av att f\u00e5 ta del av nya kunskaper och sedan f\u00e5 en chans att testa de p\u00e5 riktigt. Sedan ser jag ocks\u00e5 v\u00e4ldigt mycket framemot att f\u00e5 l\u00e4ra k\u00e4nna och arbeta med de andra studenterna i programmet.<br \/>N\u00e4r jag var liten ville jag bli: Ville jag som m\u00e5nga andra bli fotbollsproffs, det var bara n\u00e5got med den v\u00e4rlden som k\u00e4ndes otroligt.<\/p>\n<p>Det h\u00e4r g\u00f6r jag n\u00e4r jag inte pluggar: N\u00e4r jag inte pluggar s\u00e5 f\u00f6ljer jag antingen en massa sport, umg\u00e5s med v\u00e4nner eller d\u00f6mer lite innebandy matcher.<\/p>\n<p>Tre ord som beskriver mig: social, rolig, seri\u00f6s<\/p>\n<p><strong>Anton O\u00b4Nils<img loading=\"lazy\" decoding=\"async\" class=\"alignright wp-image-12248\" src=\"https:\/\/media.proandpro.se\/2023\/04\/Anton_profil.jpg\" alt=\"\" width=\"300\" height=\"375\" \/><\/strong><strong><em><br \/><\/em><\/strong>Studerar:\u00a0 Andra \u00e5ret p\u00e5 civilingenj\u00f6rsprogrammet i teknisk fysik vid Uppsala universitet.<\/p>\n<p><em>Detta ser jag fram mot med Bright Minds vid Pro&amp;Pro: <\/em>Att f\u00e5 en inblick i konsultbranschen b\u00e5de genom att f\u00e5 lyssna och l\u00e4ra, men ocks\u00e5 genom att praktiskt ta sig an sp\u00e4nnande case. Och s\u00e5klart \u00e4ven att f\u00e5 m\u00f6jlighet tr\u00e4ffa och utvecklas tillsammans med andra studerande runt om i landet.<\/p>\n<p><em>N\u00e4r jag var liten ville jag bli:<\/em> Fotbollsproffs, g\u00e4rna spelandes f\u00f6r Gif Sundsvall.<\/p>\n<p><em>Det h\u00e4r g\u00f6r jag n\u00e4r jag inte pluggar: <\/em>Spenderar s\u00e5 mycket tid som m\u00f6jligt utomhus i naturen, g\u00e4rna i s\u00e4llskap med ett g\u00e4ng v\u00e4nner, och med ett par l\u00f6pardojor eller ett par skidor under f\u00f6tterna.<\/p>\n<p><em>Tre ord som beskriver mig: <\/em>Nyfiken, driven och analytisk.<\/p>\n<p><strong>Mimmi Vestin<img loading=\"lazy\" decoding=\"async\" class=\"alignright wp-image-12249\" src=\"https:\/\/media.proandpro.se\/2023\/04\/Mimmi_profil.jpg\" alt=\"\" width=\"300\" height=\"375\" \/><\/strong><\/p>\n<p>Studerar: Civilingenj\u00f6rsprogrammet i Industriell ekonomi vid Ume\u00e5 universitet<\/p>\n<p>Detta ser jag fram mot med Bright Minds vid Pro&amp;Pro: Mycket! Men fr\u00e4mst att utvecklas som student och faktiskt f\u00e5 testa de kunskaper jag l\u00e4st om i b\u00f6ckerna<\/p>\n<p>N\u00e4r jag var liten ville jag bli: Sk\u00e5despelare eller artist, det vill jag fortfarande hihi<\/p>\n<p>Det h\u00e4r g\u00f6r jag n\u00e4r jag inte pluggar: Jag brukar umg\u00e5s med kompisar, tr\u00e4na och \u00e4ven baka en del, b\u00e5de br\u00f6d och bakverk. Det kanske \u00e4r d\u00e4rf\u00f6r det inte syns att jag tr\u00e4nar s\u00e5 mycket \ud83d\ude1b<\/p>\n<p>Tre ord som beskriver mig: Glad, Social, Ambiti\u00f6s<\/p>\n<p><strong>My \u00c5s\u00e9n<img loading=\"lazy\" decoding=\"async\" class=\"alignright wp-image-12250\" src=\"https:\/\/media.proandpro.se\/2023\/04\/My_profil.png\" alt=\"\" width=\"300\" height=\"375\" \/><\/strong><\/p>\n<p>Studerar: Industriell ekonomi vid Ume\u00e5 universitet.<\/p>\n<p>Det jag se fram emot med Bright Minds vid Pro&amp;Pro: Att f\u00e5 mer insikt i hur probleml\u00f6sningsvertygen jag l\u00e4rt mig under min utbildning kan anv\u00e4ndas i verkligheten. Det ska \u00e4ven bli intressant att f\u00e5 en b\u00e4ttre inblick i hur managementkonsulter arbetar, och d\u00e4rmed se ifall det \u00e4r n\u00e5got som passar mig.<\/p>\n<p>N\u00e4r jag var liten ville jag bli: idrottsl\u00e4rare.<\/p>\n<p>Det h\u00e4r g\u00f6r jag n\u00e4r jag inte pluggar: N\u00e4r jag inte pluggar h\u00e4nger jag g\u00e4rna med familj och v\u00e4nner. Jag tycker om att g\u00f6ra saker utomhus, som att exempelvis \u00e5ka skidor eller skoter nu p\u00e5 vintern eller att bada, grilla eller \u00e5ka b\u00e5t p\u00e5 sommaren. Till vardags gillar jag att tr\u00e4na och att kolla p\u00e5 realityserier.<\/p>\n<p>Tre ord som beskriver mig: Positiv, probleml\u00f6sare och sk\u00e4mtsam.<\/p>\n<p>[\/et_pb_text][\/et_pb_column][\/et_pb_row][\/et_pb_section]<\/p>\n","protected":false},"excerpt":{"rendered":"<p>Vi h\u00e4lsar 11 studenter, fr\u00e5n Link\u00f6ping, Ume\u00e5 och Uppsala, v\u00e4lkomna till tredje omg\u00e5ngen av Bright Minds \u2013 Pro&amp;Pro Student Program. Ett program som erbjuder ambiti\u00f6sa studenter m\u00f6jligheten att \u00f6ka sin n\u00e4ringslivserfarenhet, sin kompetens och personliga utveckling genom att l\u00f6sa framtidens odefinierade komplexa problem. Till sin hj\u00e4lp f\u00e5r de kvalificerad handledning och utmanande aktiviteter, samtidigt som [&hellip;]<\/p>\n","protected":false},"author":1,"featured_media":12263,"comment_status":"closed","ping_status":"closed","sticky":false,"template":"","format":"standard","meta":{"_et_pb_use_builder":"on","_et_pb_old_content":"Vi h\u00e4lsar 11 studenter, fr\u00e5n Link\u00f6ping, Ume\u00e5 och Uppsala, v\u00e4lkomna till tredje omg\u00e5ngen av Bright Minds \u2013 Pro&Pro Student Program. Ett program som erbjuder ambiti\u00f6sa studenter m\u00f6jligheten att \u00f6ka sin n\u00e4ringslivserfarenhet, sin kompetens och personliga utveckling genom att l\u00f6sa framtidens odefinierade komplexa problem. Till sin hj\u00e4lp f\u00e5r de kvalificerad handledning och utmanande aktiviteter, samtidigt som de f\u00e5r utveckla sitt eget n\u00e4tverk med fler likasinnade.\r\n\r\nPro&Pro f\u00e5r \u00e4ven vi m\u00f6jligheten att attrahera och n\u00e4tverka med m\u00e4nniskor som brinner f\u00f6r v\u00e5rt varum\u00e4rkesl\u00f6fte\u00a0<em>make people and business successful<\/em>\u00a0i form av framtida ambassad\u00f6rer, relationer eller medarbetare. Win-win!\r\n\r\nH\u00e4r \u00e4r 2023 \u00e5rs Pro&Pro Bright Mind\r\n\r\n<strong>Josefin Bering<img class=\"alignright wp-image-12239\" src=\"https:\/\/media.proandpro.se\/2023\/04\/Josefin_profil.jpg\" alt=\"\" width=\"300\" height=\"376\" \/><\/strong>\r\n\r\nStuderar: Civilingenj\u00f6r inom industriell ekonomi, Ume\u00e5 universitet\r\n\r\nDetta ser jag fram mot med Bright Minds vid Pro&Pro: F\u00e5 en b\u00e4ttre insyn inom managementkonsult yrket, f\u00e5 jobba med roliga utmaningar och inspirerande individer\r\n\r\nN\u00e4r jag var liten ville jag bli: Advokat\r\n\r\nDet h\u00e4r g\u00f6r jag n\u00e4r jag inte pluggar: Umg\u00e5s med familj och kompisar, tr\u00e4nar p\u00e5 IKSU och hittar nya recept till veckans matl\u00e5da\r\n\r\nTre ord som beskriver mig: En ambiti\u00f6s och kreativ tjej som \u00e4r en planerare ut i fingerspetsarna.\r\n\r\n<strong>\u00a0<\/strong><strong>Erika B\u00e4ckman<img class=\"alignright wp-image-12240\" src=\"https:\/\/media.proandpro.se\/2023\/04\/Erika_profil.jpg\" alt=\"\" width=\"300\" height=\"375\" \/><\/strong>\r\n\r\nStuderar: Civilingenj\u00f6rsprogrammet i Industriell Ekonomi med inriktning Risk Management, p\u00e5 Ume\u00e5 universitet\r\n\r\n<em>Detta ser jag fram mot med Bright Minds vid Pro&Pro:<\/em> Jag ser framf\u00f6rallt fram emot att f\u00e5 ta del av kunskap fr\u00e5n specialister inom branschen, n\u00e4tverka med likasinnade, f\u00e5 utvecklas, utmanas och l\u00e4ra mig s\u00e5dant som man inte f\u00e5r \u00f6va p\u00e5 i plugget!\r\n\r\n<em>\u00a0<\/em><em>N\u00e4r jag var liten ville jag bli:<\/em> Musikalartist, helst p\u00e5 Broadway!\r\n\r\n<em>Det h\u00e4r g\u00f6r jag n\u00e4r jag inte pluggar:<\/em> N\u00e4r jag inte pluggar hittar man mig ofta i l\u00f6parsp\u00e5ret eller p\u00e5 gymmet. Annars framf\u00f6r pianot eller gitarren och spelar\/sjunger n\u00e5gon Melissa Horn-l\u00e5t. Det blir ocks\u00e5 en del jobb och h\u00e4ng med v\u00e4nner.\r\n\r\n<em>Tre ord som beskriver mig:<\/em> Engagerad, positiv och inkluderande\r\n\r\n<strong>David Carlsson<img class=\"alignright wp-image-12241\" src=\"https:\/\/media.proandpro.se\/2023\/04\/David_profil.jpg\" alt=\"\" width=\"300\" height=\"375\" \/><\/strong>\r\n\r\nStuderar: Fj\u00e4rde \u00e5ret till civilingenj\u00f6r i industriell ekonomi vid Link\u00f6pings universitet\r\n\r\nDetta ser jag fram emot med Bright Minds: Att utvecklas och tr\u00e4ffa nya m\u00e4nniskor!\r\n\r\nN\u00e4r jag var liten ville jag bli: Marinbiolog\r\n\r\nDet h\u00e4r g\u00f6r jag n\u00e4r jag inte pluggar: \u00c5ker skidor och tr\u00e4nar\r\n\r\nTre ord som beskriver mig: Social, driven och organiserad\r\n\r\n<strong>Ingrid Ernstr\u00f6m<img class=\"alignright wp-image-12254\" src=\"https:\/\/media.proandpro.se\/2023\/04\/Ingrid_profil.jpg\" alt=\"\" width=\"300\" height=\"375\" \/><\/strong>\r\n\r\nStuderar: Civilingenj\u00f6r i industriell ekonomi vid Ume\u00e5\u00a0universitet.\r\n\r\n<em>Detta ser jag fram mot med Bright Minds vid Pro&Pro:<\/em>Jag ser fram emot att utveckla mig sj\u00e4lv, l\u00e4ra mig av m\u00e4nniskor som \u00e4r ute i arbetslivet och f\u00e5 applicera de kunskaper jag f\u00e5tt fr\u00e5n min utbildning.\r\n\r\n<em>N\u00e4r jag var liten ville jag bli: <\/em>Jag hade inget uttalat jag ville bli.\r\n\r\n<em>Det h\u00e4r g\u00f6r jag n\u00e4r jag inte pluggar: <\/em>N\u00e4r jag inte pluggar s\u00e5 gillar jag att tr\u00e4na och umg\u00e5s med familj och v\u00e4nner.\r\n\r\n<em>Tre ord som beskriver mig: S<\/em>ocial, m\u00e5linriktad, positiv\r\n\r\n<strong>Louise F\u00e4llstr\u00f6m<img class=\"alignright wp-image-12243\" src=\"https:\/\/media.proandpro.se\/2023\/04\/Louise_profil.jpg\" alt=\"\" width=\"300\" height=\"375\" \/><\/strong>\r\n\r\nStuderar: Tredje \u00e5ret p\u00e5 Civilingenj\u00f6rsprogrammet i Industriell Ekonomi vid Ume\u00e5 universitet.\r\n\r\nDetta ser jag fram mot med Bright Minds vid Pro&Pro: Att f\u00e5 en bredare inblick i konsultbranschen och vilka utmaningar man kan st\u00e4llas inf\u00f6r d\u00e4r. Ser ocks\u00e5 fram emot att arbeta i case tillsammans med andra studenter och till\u00e4mpa samt utveckla de kunskaper jag f\u00e5tt fr\u00e5n mina studier.\r\n\r\nN\u00e4r jag var liten ville jag bli: Det varierade mycket under \u00e5ren men de fr\u00e4msta var nog brandman eller elitidrottare inom alpint.\r\n\r\nDet h\u00e4r g\u00f6r jag n\u00e4r jag inte pluggar: Tr\u00e4ning \u00e4r en stor del av mitt liv! Jobbar lite deltid men annars tycker jag om att testa p\u00e5 nya saker, till exempel\u00a0kl\u00e4ttring som \u00e4r mitt senaste inslag.\r\n\r\nTre ord som beskriver mig: Glad, m\u00e5linriktad, \u00f6dmjuk\r\n\r\n<strong>Marcus Haapaniemi<img class=\"alignright wp-image-12251\" src=\"https:\/\/media.proandpro.se\/2023\/04\/Markus_profil.jpg\" alt=\"\" width=\"300\" height=\"375\" \/><\/strong>\r\n\r\nStuderar: Civilingenj\u00f6rsprogrammet inom industriell ekonomi vid Ume\u00e5 universitet\r\n\r\n<em>Detta ser jag fram mot med Bright Minds vid Pro&Pro:\u00a0<\/em>Jag ser fram emot att p\u00e5 l\u00f6sa problem i casen och f\u00e5 st\u00f6d via mentorskapet som kommer hj\u00e4lpa mig att utvecklas.\r\n\r\n<em>\u00a0<\/em>N\u00e4r jag var liten ville jag bli: VD f\u00f6r LKAB\u00a0<u>:-)<\/u>\r\n\r\n<em>Det h\u00e4r g\u00f6r jag n\u00e4r jag inte pluggar: N\u00e4r jag inte pluggar s\u00e5 tr\u00e4nar jag eller tittar fotboll.<\/em>\r\n\r\n<em>Tre ord som beskriver mig: M\u00e5lmedveten, h\u00e5rdjobbande, ledare<\/em>\r\n\r\n<em>\u00a0<\/em><em><strong>Emma Jernelo<img class=\"alignright wp-image-12255\" src=\"https:\/\/media.proandpro.se\/2023\/04\/Emma-profil.jpg\" alt=\"\" width=\"300\" height=\"375\" \/><\/strong><\/em>\r\n\r\nStuderar: Civilingenj\u00f6r i industriell ekonomi vid Ume\u00e5 universitet\r\n\r\nDetta ser jag fram mot med Bright Minds vid Pro&Pro: Att f\u00e5 med mig nyttiga erfarenheter inf\u00f6r arbetslivet, att utvecklas och l\u00e4ra mig saker tillsammans med och av andra deltagare samt att ha kul p\u00e5 v\u00e4gen.\r\n\r\nN\u00e4r jag var liten ville jag bli: Fotbollsproffs eller \u00e4ga en kl\u00e4dbutik.\r\n\r\nDet h\u00e4r g\u00f6r jag n\u00e4r jag inte pluggar: Umg\u00e5s med v\u00e4nner och familj, tr\u00e4nar och jobbar.\r\n\r\nTre ord som beskriver mig: glad, nyfiken och beslutsam.\r\n\r\n<strong>Arvid Larsson<img class=\"alignright wp-image-12247\" src=\"https:\/\/media.proandpro.se\/2023\/04\/Arvid_profil-1.jpg\" alt=\"\" width=\"300\" height=\"378\" \/><\/strong>\r\n\r\nStuderar: Civilingenj\u00f6r Industriell Ekonomi vid Ume\u00e5 universitet\r\n\r\nDetta ser jag fram mot med Bright Minds vid Pro&Pro: Jag ser mest framemot av att f\u00e5 ta del av nya kunskaper och sedan f\u00e5 en chans att testa de p\u00e5 riktigt. Sedan ser jag ocks\u00e5 v\u00e4ldigt mycket framemot att f\u00e5 l\u00e4ra k\u00e4nna och arbeta med de andra studenterna i programmet.\r\nN\u00e4r jag var liten ville jag bli: Ville jag som m\u00e5nga andra bli fotbollsproffs, det var bara n\u00e5got med den v\u00e4rlden som k\u00e4ndes otroligt.\r\n\r\nDet h\u00e4r g\u00f6r jag n\u00e4r jag inte pluggar: N\u00e4r jag inte pluggar s\u00e5 f\u00f6ljer jag antingen en massa sport, umg\u00e5s med v\u00e4nner eller d\u00f6mer lite innebandy matcher.\r\n\r\nTre ord som beskriver mig: social, rolig, seri\u00f6s\r\n\r\n<strong>Anton O\u00b4Nils<img class=\"alignright wp-image-12248\" src=\"https:\/\/media.proandpro.se\/2023\/04\/Anton_profil.jpg\" alt=\"\" width=\"300\" height=\"375\" \/><\/strong><strong><em>\r\n<\/em><\/strong>Studerar:\u00a0 Andra \u00e5ret p\u00e5 civilingenj\u00f6rsprogrammet i teknisk fysik vid Uppsala universitet.\r\n\r\n<em>Detta ser jag fram mot med Bright Minds vid Pro&Pro: <\/em>Att f\u00e5 en inblick i konsultbranschen b\u00e5de genom att f\u00e5 lyssna och l\u00e4ra, men ocks\u00e5 genom att praktiskt ta sig an sp\u00e4nnande case. Och s\u00e5klart \u00e4ven att f\u00e5 m\u00f6jlighet tr\u00e4ffa och utvecklas tillsammans med andra studerande runt om i landet.\r\n\r\n<em>N\u00e4r jag var liten ville jag bli:<\/em> Fotbollsproffs, g\u00e4rna spelandes f\u00f6r Gif Sundsvall.\r\n\r\n<em>Det h\u00e4r g\u00f6r jag n\u00e4r jag inte pluggar: <\/em>Spenderar s\u00e5 mycket tid som m\u00f6jligt utomhus i naturen, g\u00e4rna i s\u00e4llskap med ett g\u00e4ng v\u00e4nner, och med ett par l\u00f6pardojor eller ett par skidor under f\u00f6tterna.\r\n\r\n<em>Tre ord som beskriver mig: <\/em>Nyfiken, driven och analytisk.\r\n\r\n<strong>Mimmi Vestin<img class=\"alignright wp-image-12249\" src=\"https:\/\/media.proandpro.se\/2023\/04\/Mimmi_profil.jpg\" alt=\"\" width=\"300\" height=\"375\" \/><\/strong>\r\n\r\nStuderar: Civilingenj\u00f6rsprogrammet i Industriell ekonomi vid Ume\u00e5 universitet\r\n\r\nDetta ser jag fram mot med Bright Minds vid Pro&Pro: Mycket! Men fr\u00e4mst att utvecklas som student och faktiskt f\u00e5 testa de kunskaper jag l\u00e4st om i b\u00f6ckerna\r\n\r\nN\u00e4r jag var liten ville jag bli: Sk\u00e5despelare eller artist, det vill jag fortfarande hihi\r\n\r\nDet h\u00e4r g\u00f6r jag n\u00e4r jag inte pluggar: Jag brukar umg\u00e5s med kompisar, tr\u00e4na och \u00e4ven baka en del, b\u00e5de br\u00f6d och bakverk. Det kanske \u00e4r d\u00e4rf\u00f6r det inte syns att jag tr\u00e4nar s\u00e5 mycket :P\r\n\r\nTre ord som beskriver mig: Glad, Social, Ambiti\u00f6s\r\n\r\n<strong>My \u00c5s\u00e9n<img class=\"alignright wp-image-12250\" src=\"https:\/\/media.proandpro.se\/2023\/04\/My_profil.png\" alt=\"\" width=\"300\" height=\"375\" \/><\/strong>\r\n\r\nStuderar: Industriell ekonomi vid Ume\u00e5 universitet.\r\n\r\nDet jag se fram emot med Bright Minds vid Pro&Pro: Att f\u00e5 mer insikt i hur probleml\u00f6sningsvertygen jag l\u00e4rt mig under min utbildning kan anv\u00e4ndas i verkligheten. Det ska \u00e4ven bli intressant att f\u00e5 en b\u00e4ttre inblick i hur managementkonsulter arbetar, och d\u00e4rmed se ifall det \u00e4r n\u00e5got som passar mig.\r\n\r\nN\u00e4r jag var liten ville jag bli: idrottsl\u00e4rare.\r\n\r\nDet h\u00e4r g\u00f6r jag n\u00e4r jag inte pluggar: N\u00e4r jag inte pluggar h\u00e4nger jag g\u00e4rna med familj och v\u00e4nner. Jag tycker om att g\u00f6ra saker utomhus, som att exempelvis \u00e5ka skidor eller skoter nu p\u00e5 vintern eller att bada, grilla eller \u00e5ka b\u00e5t p\u00e5 sommaren. Till vardags gillar jag att tr\u00e4na och att kolla p\u00e5 realityserier.\r\n\r\nTre ord som beskriver mig: Positiv, probleml\u00f6sare och sk\u00e4mtsam.","_et_gb_content_width":"","footnotes":""},"categories":[11],"tags":[],"class_list":["post-12238","post","type-post","status-publish","format-standard","has-post-thumbnail","hentry","category-nyheter"],"_links":{"self":[{"href":"https:\/\/proandpro.se\/en\/wp-json\/wp\/v2\/posts\/12238","targetHints":{"allow":["GET"]}}],"collection":[{"href":"https:\/\/proandpro.se\/en\/wp-json\/wp\/v2\/posts"}],"about":[{"href":"https:\/\/proandpro.se\/en\/wp-json\/wp\/v2\/types\/post"}],"author":[{"embeddable":true,"href":"https:\/\/proandpro.se\/en\/wp-json\/wp\/v2\/users\/1"}],"replies":[{"embeddable":true,"href":"https:\/\/proandpro.se\/en\/wp-json\/wp\/v2\/comments?post=12238"}],"version-history":[{"count":7,"href":"https:\/\/proandpro.se\/en\/wp-json\/wp\/v2\/posts\/12238\/revisions"}],"predecessor-version":[{"id":12264,"href":"https:\/\/proandpro.se\/en\/wp-json\/wp\/v2\/posts\/12238\/revisions\/12264"}],"wp:featuredmedia":[{"embeddable":true,"href":"https:\/\/proandpro.se\/en\/wp-json\/wp\/v2\/media\/12263"}],"wp:attachment":[{"href":"https:\/\/proandpro.se\/en\/wp-json\/wp\/v2\/media?parent=12238"}],"wp:term":[{"taxonomy":"category","embeddable":true,"href":"https:\/\/proandpro.se\/en\/wp-json\/wp\/v2\/categories?post=12238"},{"taxonomy":"post_tag","embeddable":true,"href":"https:\/\/proandpro.se\/en\/wp-json\/wp\/v2\/tags?post=12238"}],"curies":[{"name":"wp","href":"https:\/\/api.w.org\/{rel}","templated":true}]}}