{"id":1222,"date":"2013-12-15T20:56:07","date_gmt":"2013-12-15T20:56:07","guid":{"rendered":"http:\/\/proandpro.se\/?p=1222"},"modified":"2014-01-16T21:59:21","modified_gmt":"2014-01-16T21:59:21","slug":"event-att-utveckla-leda-och-styra-till-nasta-niva","status":"publish","type":"post","link":"https:\/\/proandpro.se\/en\/2013\/12\/15\/event-att-utveckla-leda-och-styra-till-nasta-niva\/","title":{"rendered":"Event &#8221;Att utveckla, leda och styra till n\u00e4sta niv\u00e5&#8221;"},"content":{"rendered":"<p>Pro&amp;Pro bjuder in till ett sp\u00e4nnande event den 15 januari med temat\u00a0 \u201d Att utveckla, leda och styra\u00a0 till n\u00e4sta niv\u00e5\u201d.\u00a0Under detta event vill vi, tillsammans med n\u00e5gra av v\u00e5ra partners, inspirera i olika perspektiv kring strategi, kundorientering, innovation och ledarskap f\u00f6r uth\u00e5llig l\u00f6nsam utveckling i f\u00f6retag och organisationer. L\u00e5ngsiktigt positiv utveckling sker inte av en slump, utan \u00e4r frukten av systematiskt och strukturerat arbete i kombination med en brinnande passion. F\u00f6rutom sp\u00e4nnande f\u00f6rel\u00e4sningar kommer du att f\u00e5 tillf\u00e4lle att mingla och knyta nya kontakter.<\/p>\n<p>P\u00e5 eventet kommer du att tr\u00e4ffa tv\u00e5 av v\u00e5ra partners:<\/p>\n<p><img loading=\"lazy\" decoding=\"async\" class=\"alignright size-medium wp-image-1215\" alt=\"BjornErik\" src=\"https:\/\/media.proandpro.se\/2013\/11\/BjornErik-300x187.jpg\" width=\"300\" height=\"187\" \/><\/p>\n<ul>\n<li>Bj\u00f6rn Lindqvist, Ekonomi Doktor vid Handelsh\u00f6gskolan och VD f\u00f6r Resultatfabriken. Resultatfabriken \u00e4r en f\u00f6retagsgrupp som investerar i och\u00a0 utvecklar sm\u00e5 och medelstora f\u00f6retag men ocks\u00e5 som bidrar strategiskt och taktiskt i f\u00f6retags str\u00e4van att utvecklas till n\u00e4sta niv\u00e5 i termer av \u00f6kad oms\u00e4ttning och l\u00f6nsamhet.<\/li>\n<li>Erik H\u00e4ggstr\u00f6m, Future learning. Erik har m\u00e5ng\u00e5rig erfarenhet av individ, ledarskaps och f\u00f6retagsutveckling s\u00e5v\u00e4l regionalt och nationellt med erfarenhet fr\u00e5n de flesta branscher och verksamheter.<\/li>\n<\/ul>\n<p><span style=\"text-decoration: underline;\">H\u00e5llpunkter<\/span><\/p>\n<ul>\n<li>V\u00e4lkommen och inledning, Markus Marklund<\/li>\n<li>G\u00e5 fr\u00e5n ord till handling, Tommy Ytterstr\u00f6m<\/li>\n<li>Framg\u00e5ngsrik f\u00f6retagsutveckling, Bj\u00f6rn Lindqvist<\/li>\n<li>Att lyckas leverera det om\u00e4tbara, Erik H\u00e4ggstr\u00f6m<\/li>\n<\/ul>\n<p><span style=\"text-decoration: underline;\">N\u00e4r och var:<\/span><\/p>\n<ul>\n<li>15 januari 2014, kl 15.45<img loading=\"lazy\" decoding=\"async\" class=\"alignright size-medium wp-image-1174\" alt=\"Kontor\" src=\"https:\/\/media.proandpro.se\/2013\/11\/DSC_1337-300x198.jpg\" width=\"300\" height=\"198\" \/><\/li>\n<li>Storgatan 29, Sundsvall<\/li>\n<\/ul>","protected":false},"excerpt":{"rendered":"<p>Pro&amp;Pro bjuder in till ett sp\u00e4nnande event den 15 januari med temat\u00a0 \u201d Att utveckla, leda och styra\u00a0 till n\u00e4sta niv\u00e5\u201d.\u00a0Under detta event vill vi, tillsammans med n\u00e5gra av v\u00e5ra partners, inspirera i olika perspektiv kring strategi, kundorientering, innovation och ledarskap f\u00f6r uth\u00e5llig l\u00f6nsam utveckling i f\u00f6retag och organisationer. L\u00e5ngsiktigt positiv utveckling sker inte av [&hellip;]<\/p>\n","protected":false},"author":1,"featured_media":0,"comment_status":"closed","ping_status":"closed","sticky":false,"template":"","format":"standard","meta":{"_et_pb_use_builder":"","_et_pb_old_content":"","_et_gb_content_width":"","footnotes":""},"categories":[11],"tags":[],"class_list":["post-1222","post","type-post","status-publish","format-standard","hentry","category-nyheter"],"_links":{"self":[{"href":"https:\/\/proandpro.se\/en\/wp-json\/wp\/v2\/posts\/1222","targetHints":{"allow":["GET"]}}],"collection":[{"href":"https:\/\/proandpro.se\/en\/wp-json\/wp\/v2\/posts"}],"about":[{"href":"https:\/\/proandpro.se\/en\/wp-json\/wp\/v2\/types\/post"}],"author":[{"embeddable":true,"href":"https:\/\/proandpro.se\/en\/wp-json\/wp\/v2\/users\/1"}],"replies":[{"embeddable":true,"href":"https:\/\/proandpro.se\/en\/wp-json\/wp\/v2\/comments?post=1222"}],"version-history":[{"count":11,"href":"https:\/\/proandpro.se\/en\/wp-json\/wp\/v2\/posts\/1222\/revisions"}],"predecessor-version":[{"id":1240,"href":"https:\/\/proandpro.se\/en\/wp-json\/wp\/v2\/posts\/1222\/revisions\/1240"}],"wp:attachment":[{"href":"https:\/\/proandpro.se\/en\/wp-json\/wp\/v2\/media?parent=1222"}],"wp:term":[{"taxonomy":"category","embeddable":true,"href":"https:\/\/proandpro.se\/en\/wp-json\/wp\/v2\/categories?post=1222"},{"taxonomy":"post_tag","embeddable":true,"href":"https:\/\/proandpro.se\/en\/wp-json\/wp\/v2\/tags?post=1222"}],"curies":[{"name":"wp","href":"https:\/\/api.w.org\/{rel}","templated":true}]}}