{"id":12086,"date":"2023-03-08T11:06:30","date_gmt":"2023-03-08T11:06:30","guid":{"rendered":"https:\/\/proandpro.se\/?p=12086"},"modified":"2023-03-08T11:06:30","modified_gmt":"2023-03-08T11:06:30","slug":"mina-forsta-4-veckor-pa-propro","status":"publish","type":"post","link":"https:\/\/proandpro.se\/en\/2023\/03\/08\/mina-forsta-4-veckor-pa-propro\/","title":{"rendered":"Mina f\u00f6rsta 4 veckor p\u00e5 Pro&#038;Pro"},"content":{"rendered":"<p>Tiden g\u00e5r fort n\u00e4r man har roligt. Det har redan g\u00e5tt en m\u00e5nad sedan jag klev in p\u00e5 kontoret h\u00e4r p\u00e5 Storgatan. Wow vilken h\u00e4ndelserik m\u00e5nad som ni nu kommer att f\u00e5 ta del av.<\/p>\n<p>Jag \u00e4r den d\u00e4r nya tjejen ni kanske har l\u00e4st om som en nyhetsh\u00e4ndelse. Om ni har missat den h\u00e4ndelsen skulle jag f\u00f6rklara mig sj\u00e4lv som en ambiti\u00f6s prick som ser livet fr\u00e5n den ljusa sidan. Jag kommer n\u00e4rmast fr\u00e5n en del arbete inom ingenj\u00f6rsindustrin d\u00e5 jag var iv\u00e4g en sv\u00e4ng till staterna f\u00f6r en ingenj\u00f6rsutbildning. Ins\u00e5g med tiden att \u00e4ven projektledning och utvecklingsfr\u00e5gor var n\u00e5got f\u00f6r mig s\u00e5 hoppade p\u00e5 en f\u00f6retagsekonomiutbildning. I dagsl\u00e4get best\u00e5r mina dagar av Pro&amp;Pro, studier och en fotbollssatsning.<\/p>\n<p>Mina f\u00f6rv\u00e4ntningar en m\u00e5nad tillbaka var att jag knappt skulle vara involverad i projekt fr\u00e5n b\u00f6rjan utan mest se och l\u00e4ra fr\u00e5n de rutinerade. D\u00e4r hade jag helt fel. \u00a0Tacksam att jag hade fel. Med ett stort st\u00f6d i ryggen fr\u00e5n Pro&amp;Pro har det regnat in projekt p\u00e5 mitt bord d\u00e4r b\u00e5de samarbete med medarbetare och sj\u00e4lvst\u00e4ndigt arbete har kr\u00e4vts. Hur roligt att vara en del av innovativa projekt d\u00e4r en massa kunniga m\u00e4nniskor str\u00e4var mot ett och samma m\u00e5l!? K\u00e4nns som man g\u00f6r samh\u00e4llet till en liten b\u00e4ttre plats n\u00e4r man f\u00e5r vara del av innovativa id\u00e9er hos kunden och internt. Snabba leveranser med kvalit\u00e9 skapar en milj\u00f6 d\u00e4r varje dag inneb\u00e4r arbete inom nya omr\u00e5den inom flertal olika projekt i samtid. Ingen dag \u00e4r den andra lik.<\/p>\n<p>M\u00e5ste \u00e4ven passa p\u00e5, n\u00e4r jag har ordet, att lyfta p\u00e5 hatten f\u00f6r mina kollegor. F\u00f6rutom att jag har k\u00e4nt mig v\u00e4lkommen och att de \u00e4r gener\u00f6sa med sin kunskap, s\u00e5 \u00e4r de inte vanliga arbetare. Alla \u00e4r kunniga akademier, positiva och drivna oavsett \u00e5lder, de \u00e4r glada m\u00e4nniskor som man vill ha runtomkring sig, flexibla p\u00e5 det s\u00e4ttet att det aldrig sitter fast och att de har ett framtidst\u00e4nk som smittar av sig.<\/p>\n<p><a href=\"https:\/\/media.proandpro.se\/2023\/03\/spohie-bild-1-scaled.jpg\"><img loading=\"lazy\" decoding=\"async\" class=\"alignnone size-medium wp-image-12087\" src=\"https:\/\/media.proandpro.se\/2023\/03\/spohie-bild-1-225x300.jpg\" alt=\"\" width=\"225\" height=\"300\" \/><\/a><\/p>\n<p>H\u00e4r b\u00f6rjar jag runda av min sammanfattning av min f\u00f6rsta m\u00e5nad h\u00e4r p\u00e5 Pro&amp;Pro, hoppas ni h\u00e4ngde med \u00e4nda hit. Med gl\u00e4dje och nyfikenhet blickar jag framemot nya veckodagar.<\/p>\n<p>&nbsp;<\/p>\n<p>&nbsp;<\/p>","protected":false},"excerpt":{"rendered":"<p>Tiden g\u00e5r fort n\u00e4r man har roligt. Det har redan g\u00e5tt en m\u00e5nad sedan jag klev in p\u00e5 kontoret h\u00e4r p\u00e5 Storgatan. Wow vilken h\u00e4ndelserik m\u00e5nad som ni nu kommer att f\u00e5 ta del av. Jag \u00e4r den d\u00e4r nya tjejen ni kanske har l\u00e4st om som en nyhetsh\u00e4ndelse. Om ni har missat den h\u00e4ndelsen [&hellip;]<\/p>\n","protected":false},"author":12,"featured_media":12088,"comment_status":"closed","ping_status":"closed","sticky":false,"template":"","format":"standard","meta":{"_et_pb_use_builder":"","_et_pb_old_content":"","_et_gb_content_width":"","footnotes":""},"categories":[33],"tags":[],"class_list":["post-12086","post","type-post","status-publish","format-standard","has-post-thumbnail","hentry","category-www-proandpro-seprobloggen"],"_links":{"self":[{"href":"https:\/\/proandpro.se\/en\/wp-json\/wp\/v2\/posts\/12086","targetHints":{"allow":["GET"]}}],"collection":[{"href":"https:\/\/proandpro.se\/en\/wp-json\/wp\/v2\/posts"}],"about":[{"href":"https:\/\/proandpro.se\/en\/wp-json\/wp\/v2\/types\/post"}],"author":[{"embeddable":true,"href":"https:\/\/proandpro.se\/en\/wp-json\/wp\/v2\/users\/12"}],"replies":[{"embeddable":true,"href":"https:\/\/proandpro.se\/en\/wp-json\/wp\/v2\/comments?post=12086"}],"version-history":[{"count":3,"href":"https:\/\/proandpro.se\/en\/wp-json\/wp\/v2\/posts\/12086\/revisions"}],"predecessor-version":[{"id":12091,"href":"https:\/\/proandpro.se\/en\/wp-json\/wp\/v2\/posts\/12086\/revisions\/12091"}],"wp:featuredmedia":[{"embeddable":true,"href":"https:\/\/proandpro.se\/en\/wp-json\/wp\/v2\/media\/12088"}],"wp:attachment":[{"href":"https:\/\/proandpro.se\/en\/wp-json\/wp\/v2\/media?parent=12086"}],"wp:term":[{"taxonomy":"category","embeddable":true,"href":"https:\/\/proandpro.se\/en\/wp-json\/wp\/v2\/categories?post=12086"},{"taxonomy":"post_tag","embeddable":true,"href":"https:\/\/proandpro.se\/en\/wp-json\/wp\/v2\/tags?post=12086"}],"curies":[{"name":"wp","href":"https:\/\/api.w.org\/{rel}","templated":true}]}}