{"id":12067,"date":"2023-03-06T08:05:45","date_gmt":"2023-03-06T08:05:45","guid":{"rendered":"https:\/\/proandpro.se\/?p=12067"},"modified":"2023-05-04T07:22:11","modified_gmt":"2023-05-04T07:22:11","slug":"var-med-och-utse-arets-ledare-i-sundsvall-2023","status":"publish","type":"post","link":"https:\/\/proandpro.se\/en\/2023\/03\/06\/var-med-och-utse-arets-ledare-i-sundsvall-2023\/","title":{"rendered":"Var med och utse \u00e5rets ledare i Sundsvall 2023!"},"content":{"rendered":"<p>[et_pb_section fb_built=&#8221;1&#8243; _builder_version=&#8221;4.16&#8243; min_height=&#8221;685.9px&#8221; custom_margin=&#8221;-7px|||||&#8221; custom_padding=&#8221;18px|||||&#8221; global_colors_info=&#8221;{}&#8221;][et_pb_row _builder_version=&#8221;4.16&#8243; background_size=&#8221;initial&#8221; background_position=&#8221;top_left&#8221; background_repeat=&#8221;repeat&#8221; global_colors_info=&#8221;{}&#8221;][et_pb_column type=&#8221;4_4&#8243; _builder_version=&#8221;4.16&#8243; custom_padding=&#8221;|||&#8221; global_colors_info=&#8221;{}&#8221; custom_padding__hover=&#8221;|||&#8221;][et_pb_text _builder_version=&#8221;4.20.4&#8243; background_size=&#8221;initial&#8221; background_position=&#8221;top_left&#8221; background_repeat=&#8221;repeat&#8221; custom_margin=&#8221;-27px|||||&#8221; hover_enabled=&#8221;0&#8243; global_colors_info=&#8221;{}&#8221; sticky_enabled=&#8221;0&#8243;]<\/p>\n<p>\u00c4ntligen startar processen att kora \u00c5rets Ledare i Sundsvall 2023. F\u00f6r oss i juryn \u00e4r det \u00e5rets h\u00f6jdpunkt d\u00e5 det ger oss m\u00f6jlighet att m\u00f6ta, och inspireras av, s\u00e5 m\u00e5nga framg\u00e5ngsrika ledare h\u00e4r i Sundsvall.<\/p>\n<p>F\u00f6rra \u00e5ret var tredje \u00e5ret som priset delades ut och det var b\u00e5de roligt, sv\u00e5rt och inspirerande att v\u00e4lja ut de tre mycket kvalificerade finalisterna, Pascal Brisson, Carina Berquist Palm och Mats Jakobsson. Till slut drog Carina det l\u00e4ngsta str\u00e5et och tog hem\u00a0 priset som \u00c5rets Ledare i Sundsvall.<\/p>\n<p>Nu beh\u00f6ver vi din hj\u00e4lp att hitta kandidater! Du som har, eller har haft, en ledare som passar in p\u00e5 v\u00e5ra kriterier och som du tycker ska f\u00e5 chansen att bli \u00c5rets Ledare 2023. Tveka inte utan skicka in din nominering genom att f\u00f6lja l\u00e4nken nedan.<\/p>\n<p>Genom din nominering hj\u00e4lper du oss att lyfta framg\u00e5ngsrikt ledarskap, ett ledarskap som utvecklar organisationer som verkar i Sundsvall och som inspirerar oss alla att forts\u00e4tta utveckla v\u00e5rt ledarskap. Ett ledarskap som baseras p\u00e5 Passion, Systematik, Tillit och H\u00e5llbarhet, helt enkelt, ett ledarskap f\u00f6r framtiden.<\/p>\n<p>Ut\u00f6ver det s\u00e5 \u00e4r det sj\u00e4lvklart ett enkelt och kraftfullt s\u00e4tt f\u00f6r dig att ge n\u00e5got tillbaka till en ledare som genom sitt ledarskap har st\u00f6ttat, utmanat och inspirerat dig i din utveckling.<br \/>Stort tack f\u00f6r din nominering \u00f6nskar vi i juryn,<\/p>\n<p>&nbsp;<\/p>\n<ul>\n<li>Erika H\u00e4llstr\u00f6m, Juniorhandelskammaren<\/li>\n<li>P\u00e4r Jonsson, Juniorhandelskammaren<\/li>\n<li>M\u00e5ns Fahlander, Managementkonsult Pro&amp;Pro<\/li>\n<li>Tommy Ytterstr\u00f6m, VD Pro&amp;Pro<\/li>\n<\/ul>\n<h4>Det g\u00e5r inte l\u00e4ngre nominera till \u00e5rets ledare 2023 p\u00e5 grund av att sista dag f\u00f6r nominering var den 30 april.\u00a0<\/h4>\n<p>[\/et_pb_text][et_pb_button button_url=&#8221;http:\/\/proandpro.se\/arets-ledare-2023\/&#8221; button_text=&#8221;Nominera \u00e5rets ledare h\u00e4r&#8221; _builder_version=&#8221;4.20.4&#8243; _module_preset=&#8221;default&#8221; hover_enabled=&#8221;0&#8243; global_colors_info=&#8221;{}&#8221; disabled_on=&#8221;on|on|on&#8221; disabled=&#8221;on&#8221; sticky_enabled=&#8221;0&#8243;][\/et_pb_button][\/et_pb_column][\/et_pb_row][\/et_pb_section]<\/p>\n","protected":false},"excerpt":{"rendered":"<p>\u00c4ntligen startar processen att kora \u00c5rets Ledare i Sundsvall 2023. F\u00f6r oss i juryn \u00e4r det \u00e5rets h\u00f6jdpunkt d\u00e5 det ger oss m\u00f6jlighet att m\u00f6ta, och inspireras av, s\u00e5 m\u00e5nga framg\u00e5ngsrika ledare h\u00e4r i Sundsvall. F\u00f6rra \u00e5ret var tredje \u00e5ret som priset delades ut och det var b\u00e5de roligt, sv\u00e5rt och inspirerande att v\u00e4lja ut [&hellip;]<\/p>\n","protected":false},"author":12,"featured_media":12075,"comment_status":"closed","ping_status":"closed","sticky":false,"template":"","format":"standard","meta":{"_et_pb_use_builder":"on","_et_pb_old_content":"","_et_gb_content_width":"","footnotes":""},"categories":[11],"tags":[],"class_list":["post-12067","post","type-post","status-publish","format-standard","has-post-thumbnail","hentry","category-nyheter"],"_links":{"self":[{"href":"https:\/\/proandpro.se\/en\/wp-json\/wp\/v2\/posts\/12067","targetHints":{"allow":["GET"]}}],"collection":[{"href":"https:\/\/proandpro.se\/en\/wp-json\/wp\/v2\/posts"}],"about":[{"href":"https:\/\/proandpro.se\/en\/wp-json\/wp\/v2\/types\/post"}],"author":[{"embeddable":true,"href":"https:\/\/proandpro.se\/en\/wp-json\/wp\/v2\/users\/12"}],"replies":[{"embeddable":true,"href":"https:\/\/proandpro.se\/en\/wp-json\/wp\/v2\/comments?post=12067"}],"version-history":[{"count":6,"href":"https:\/\/proandpro.se\/en\/wp-json\/wp\/v2\/posts\/12067\/revisions"}],"predecessor-version":[{"id":12298,"href":"https:\/\/proandpro.se\/en\/wp-json\/wp\/v2\/posts\/12067\/revisions\/12298"}],"wp:featuredmedia":[{"embeddable":true,"href":"https:\/\/proandpro.se\/en\/wp-json\/wp\/v2\/media\/12075"}],"wp:attachment":[{"href":"https:\/\/proandpro.se\/en\/wp-json\/wp\/v2\/media?parent=12067"}],"wp:term":[{"taxonomy":"category","embeddable":true,"href":"https:\/\/proandpro.se\/en\/wp-json\/wp\/v2\/categories?post=12067"},{"taxonomy":"post_tag","embeddable":true,"href":"https:\/\/proandpro.se\/en\/wp-json\/wp\/v2\/tags?post=12067"}],"curies":[{"name":"wp","href":"https:\/\/api.w.org\/{rel}","templated":true}]}}