{"id":11840,"date":"2023-01-22T09:34:09","date_gmt":"2023-01-22T09:34:09","guid":{"rendered":"https:\/\/proandpro.se\/?p=11840"},"modified":"2023-01-22T21:20:29","modified_gmt":"2023-01-22T21:20:29","slug":"valkommen-sophie","status":"publish","type":"post","link":"https:\/\/proandpro.se\/en\/2023\/01\/22\/valkommen-sophie\/","title":{"rendered":"V\u00e4lkommen Sophie!"},"content":{"rendered":"<p>Vi v\u00e4lkomnar med gl\u00e4dje Sophie Brundin till oss p\u00e5 Pro&amp;Pro med start den 23 januari. Sophie kommer att st\u00e4rka upp v\u00e5rt erbjudande inom analys och aff\u00e4rsutveckling, s\u00e4ger VD Tommy Ytterstr\u00f6m.<\/p>\n<p>Sophie examinerades i maj 2020 som biomechanical engineer fr\u00e5n Embry-Riddle Aeronautical University i Daytona Beach, Florida. \u00c5ret efter\u00e5t p\u00e5b\u00f6rjade hon f\u00f6retagsekonomistudier p\u00e5 Mittuniversitetet och halva utbildningen \u00e4r nu avklarad i kombination med andra frist\u00e5ende kurser inom innovation. Hon \u00e4r f\u00f6r tillf\u00e4llet en aktiv elitfotbollsspelare och driver ett f\u00f6retag f\u00f6r att utveckla fotledsskydd d\u00e4r stort fokus ligger p\u00e5 innovation och finansiella presentationer.<\/p>\n<p>Sophie \u00e4r en v\u00e4ldigt driven person och motiveras av att n\u00e5 m\u00e5l tillsammans med sina medarbetare. Tack vare idrottsintresset har Sophie utvecklat goda f\u00f6rm\u00e5gor att arbeta i team, ledarskapsf\u00f6rm\u00e5ga och disciplin. Sophie har en positiv inst\u00e4llning till varje uppdrag och problem d\u00e4r varje dag upplevs som en produktiv dag i ambiti\u00f6s anda.<\/p>\n<p>Privat \u00e4r Sophie en glad individ som alltid tackar ja till nya aktiviteter. N\u00e4r det vankas ledigtid \u00e4lskar Sophie att resa och det ryktas om att sommarplanerna redan har p\u00e5b\u00f6rjats. Under vintern blir det mycket skid\u00e5kning, skoter\u00e5kning, fj\u00e4llmys och maximerad tid med alla hemv\u00e4ndarv\u00e4nner.<\/p>\n<p>L\u00e4s mer om Sophie <a href=\"https:\/\/proandpro.se\/en\/sophie-brundin\/\">h\u00e4r\u00a0<\/a><\/p>","protected":false},"excerpt":{"rendered":"<p>Vi v\u00e4lkomnar med gl\u00e4dje Sophie Brundin till oss p\u00e5 Pro&amp;Pro med start den 23 januari. Sophie kommer att st\u00e4rka upp v\u00e5rt erbjudande inom analys och aff\u00e4rsutveckling, s\u00e4ger VD Tommy Ytterstr\u00f6m. Sophie examinerades i maj 2020 som biomechanical engineer fr\u00e5n Embry-Riddle Aeronautical University i Daytona Beach, Florida. \u00c5ret efter\u00e5t p\u00e5b\u00f6rjade hon f\u00f6retagsekonomistudier p\u00e5 Mittuniversitetet och halva [&hellip;]<\/p>\n","protected":false},"author":1,"featured_media":11841,"comment_status":"closed","ping_status":"closed","sticky":false,"template":"","format":"standard","meta":{"_et_pb_use_builder":"off","_et_pb_old_content":"","_et_gb_content_width":"","footnotes":""},"categories":[11],"tags":[],"class_list":["post-11840","post","type-post","status-publish","format-standard","has-post-thumbnail","hentry","category-nyheter"],"_links":{"self":[{"href":"https:\/\/proandpro.se\/en\/wp-json\/wp\/v2\/posts\/11840","targetHints":{"allow":["GET"]}}],"collection":[{"href":"https:\/\/proandpro.se\/en\/wp-json\/wp\/v2\/posts"}],"about":[{"href":"https:\/\/proandpro.se\/en\/wp-json\/wp\/v2\/types\/post"}],"author":[{"embeddable":true,"href":"https:\/\/proandpro.se\/en\/wp-json\/wp\/v2\/users\/1"}],"replies":[{"embeddable":true,"href":"https:\/\/proandpro.se\/en\/wp-json\/wp\/v2\/comments?post=11840"}],"version-history":[{"count":7,"href":"https:\/\/proandpro.se\/en\/wp-json\/wp\/v2\/posts\/11840\/revisions"}],"predecessor-version":[{"id":11858,"href":"https:\/\/proandpro.se\/en\/wp-json\/wp\/v2\/posts\/11840\/revisions\/11858"}],"wp:featuredmedia":[{"embeddable":true,"href":"https:\/\/proandpro.se\/en\/wp-json\/wp\/v2\/media\/11841"}],"wp:attachment":[{"href":"https:\/\/proandpro.se\/en\/wp-json\/wp\/v2\/media?parent=11840"}],"wp:term":[{"taxonomy":"category","embeddable":true,"href":"https:\/\/proandpro.se\/en\/wp-json\/wp\/v2\/categories?post=11840"},{"taxonomy":"post_tag","embeddable":true,"href":"https:\/\/proandpro.se\/en\/wp-json\/wp\/v2\/tags?post=11840"}],"curies":[{"name":"wp","href":"https:\/\/api.w.org\/{rel}","templated":true}]}}