{"id":11782,"date":"2023-01-19T20:37:09","date_gmt":"2023-01-19T20:37:09","guid":{"rendered":"https:\/\/proandpro.se\/?p=11782"},"modified":"2023-01-19T20:38:52","modified_gmt":"2023-01-19T20:38:52","slug":"vd-summerar-2022-och-blickar-framat","status":"publish","type":"post","link":"https:\/\/proandpro.se\/en\/2023\/01\/19\/vd-summerar-2022-och-blickar-framat\/","title":{"rendered":"VD summerar 2022 och blickar fram\u00e5t"},"content":{"rendered":"<p>Vi har kommit en bit in i januari 2023 och jag t\u00e4nkte passa p\u00e5 att summera ett lyckat 2022 f\u00f6r Pro&amp;Pro och beskriva hur vi t\u00e4nker fram\u00e5t.<\/p>\n<h3>Fortsatt l\u00f6nsam tillv\u00e4xt<\/h3>\n<p>Genom ett ambiti\u00f6st arbete av alla medarbetare p\u00e5 Pro&amp;Pro och ett stort f\u00f6rtroende fr\u00e5n alla v\u00e5ra fantastiska kunder har vi gl\u00e4djande fortsatt tillv\u00e4xtresa med l\u00f6nsam tillv\u00e4xt varje \u00e5r sedan starten 2013. Vi har utvecklat en bred kundbas med kunder i alla segmenten som startups, SME tillv\u00e4xtf\u00f6retag, stora f\u00f6retag och globala f\u00f6retag och det tillsammans med olika offentliga organisationer. Betydande tillv\u00e4xt ses i branscherna industri, telekom och regional utveckling samt att vi under 2022 tagit en position inom f\u00f6r oss en ny bransch, bes\u00f6ksn\u00e4ringen. Ut\u00f6ver detta beh\u00e5ller vi v\u00e5r starka position inom offentligt d\u00e4r vi gl\u00e4djande f\u00e5tt ett antal kommuner som nya kunder.\u00a0 Analyserar vi utifr\u00e5n v\u00e5ra erbjudandeomr\u00e5den ses tillv\u00e4xt inom omr\u00e5dena Analys &amp; strategi, Ledarskap &amp; Organisation samt AI &amp; Datadriven utveckling. 2022 blev \u00e5ret d\u00e5 utbildningsomr\u00e5det fick ett verkligt genombrott f\u00f6r Pro&amp;Pro med en kraftig oms\u00e4ttningstillv\u00e4xt.<\/p>\n<h3>En innovativ och kvalificerad helhetspartner med passion f\u00f6r framtid, innovation och probleml\u00f6sning<\/h3>\n<p>Pro&amp;Pro har n\u00f6jet att f\u00e5 bidra till kunders strategiska v\u00e4g fram\u00e5t, st\u00f6dja tillv\u00e4xtf\u00f6retag i deras resa ut p\u00e5 v\u00e4rldsmarknaden, utveckla kunders f\u00f6rm\u00e5ga att attrahera kompetens, skapa samarbetsplattformar f\u00f6r innovation och attraktion, utveckla kunders ledarskap och medarbetarskap, bidra till kunders aff\u00e4rstransformation och digitalisering samt st\u00f6dja kunder att genomf\u00f6ra prioriterade projekt och aktiviteter.<\/p>\n<p>V\u00e5rt systematiska, ih\u00e4rdiga och uth\u00e5lliga arbete i marknadsf\u00f6ring och kundbearbetning ger tydliga effekter i k\u00e4nnedom, nya kunder och aff\u00e4rer samt utvecklade aff\u00e4rer p\u00e5 befintliga kunder. Vi \u00e4r fullt medvetna om att vi st\u00e4ndigt m\u00e5ste vara aktiva i utveckling av kundrelationer f\u00f6r att skapa nya aff\u00e4rer och tillv\u00e4xt. \u00a0K\u00e4nnedomen om oss och vad vi kan tillf\u00f6ra kundens verksamhet och kundens kunder har \u00f6kat v\u00e4sentligt. Detta visar sig genom \u00f6kat intresse fr\u00e5n presumtiva kunder som tar kontakt med oss, men ocks\u00e5 ett \u00f6kat intresse och nyfikenhet i att bli en av oss p\u00e5 Pro&amp;Pro. Vi ser verkligen att vi \u00e4r p\u00e5 v\u00e4g mot den ambition som sattes n\u00e4r Pro&amp;Pro startade 2013: \u201dAtt skapa ett norrl\u00e4ndskt utmanaralternativ till \u201dde stora\u201d och kvalificerade managementkonsultf\u00f6retagen fr\u00e5n storst\u00e4derna,\u00a0men ocks\u00e5 ett intressant managementkonsultf\u00f6retag f\u00f6r m\u00e4nniskor med stor potential och ambition.\u201d I m\u00e5nga kundcase \u00e4r vi med och konkurrerar just med de stora och mycket kvalificerade managementkonsultf\u00f6retagen fr\u00e5n storst\u00e4derna.<\/p>\n<p>Fler och fler kunder ser oss som en helhetspartner genom att vi skapar v\u00e4rde genom en bredd i erbjudanden, kombinerar strategiskt och taktiskt, tillf\u00f6r kvalificerad omv\u00e4rldskunskap samt samspelar mjuka och h\u00e5rda fr\u00e5gest\u00e4llningar, med andra ord helt enkelt \u201dMakes people and business successful.<\/p>\n<h3>Samh\u00e4llsengagemang \u2013 en del av v\u00e5rt DNA<\/h3>\n<p>Samh\u00e4llsengagemang \u00e4r och har alltid varit viktigt f\u00f6r Pro&amp;Pro. Vi vill vara ett f\u00f6retag som engagerar oss i v\u00e5rt samh\u00e4lles utveckling b\u00e5de genom direkta engagemang och indirekt genom att m\u00e4nniskor. s\u00e5v\u00e4l unga direkt fr\u00e5n universitetet som erfarna, utvecklas p\u00e5 Pro&amp;Pro och p\u00e5 s\u00e5 s\u00e4tt bidrar till samh\u00e4llets utveckling. Under 2022 har vi fortsatt v\u00e5rt engagemang med Skvaderns gymnasieskola, med stipendium till b\u00e4sta gymnasiearbete, innovationsdag samt inspiration i ledarskapskurser. Vi har engagerat oss att locka fler h\u00f6gstadieelever att v\u00e4lja naturvetenskapliga programmet och vi st\u00f6ttar ett antal ungdomsidrotts initiativ och f\u00f6reningar. F\u00f6r oss \u00e4r ett framg\u00e5ngsrikt ledarskap en mycket viktig nyckel till organisationers och m\u00e4nniskors framg\u00e5ng. Vi har skapat en beskrivning av det ledarskap vi tror p\u00e5, det h\u00e5llbara ledarskapet, vilket beskrivs av systematik, tillit, h\u00e5llbara resultat (ekonomi, milj\u00f6 och socialt) samt en stor dos passion. F\u00f6r att lyfta upp ledarskapet delar vi tillsammans med Sundsvalls juniorhandelskammare \u00e5rligen ut priset \u00c5rets Ledare i Sundsvall. Starka universitet med kvalificerade utbildningar och kvalificerad forskning \u00e4r en avg\u00f6rande faktor f\u00f6r samh\u00e4llets utveckling och vi engagerar oss i forsknings- och innovationsprojekt som partner likv\u00e4l i seminarium om tillv\u00e4xt.<\/p>\n<h3>Utvecklas med m\u00e4nniskor som drivs av att l\u00f6sa odefinierade komplexa problem<\/h3>\n<p>Pro&amp;Pro \u00e4r ett v\u00e4rderingsdrivet f\u00f6retag. Vi tror p\u00e5 att ta tillvara varje individs kapacitet att vilja utvecklas och bidra till helheten. Nyfikenhet, positivitet, ambition och \u00f6dmjukhet \u00e4r v\u00e5ra k\u00e4rnv\u00e4rden som ska bidra till att vi uppn\u00e5r v\u00e5r vision och ambition. V\u00e5ra medarbetare \u00e4r v\u00e5r viktigaste resurs och framg\u00e5ngsfaktor. V\u00e5r ambition \u00e4r att en anst\u00e4llning p\u00e5 Pro&amp;Pro ska vara en upplevelse med stora utvecklingsm\u00f6jligheter b\u00e5de personligt och yrkesm\u00e4ssigt. Ambitionen att forts\u00e4tta v\u00e5r tillv\u00e4xt med nya personer som drivs att l\u00f6sa odefinierade komplexa utmaningar med framtidsfokus. Vi v\u00e4nder oss b\u00e5de till erfarna samt till nyexaminerade som vi erbjuder v\u00e5rt 12 m\u00e5naders traineeprogram samt att vi erbjuder studenter b\u00e5de kvalificerade internship och deltagande i v\u00e5rt h\u00f6gprofilerade studentprogram Bright Minds, Vi har etablerat ett v\u00e4lutvecklat samarbete med Ume\u00e5 universitet och Industriell ekonomi. F\u00f6r att Pro&amp;Pro ska forts\u00e4tta att utvecklas letar vi st\u00e4ndigt efter m\u00e4nniskor som har den d\u00e4r extra viljan, uth\u00e5lligheten, energin, gl\u00e4djen och nyfikenheten att hela tiden l\u00e4ra sig nytt samt att skapa nytta och effekter f\u00f6r kunder som de inte ens v\u00e5gat dr\u00f6mma om.<\/p>\n<h3>Blick fram\u00e5t<\/h3>\n<p>Vi har ambitionen att steg f\u00f6r steg forts\u00e4tta v\u00e5r utvecklingsresa och skapa fler partnerskap med kunder. F\u00f6r att m\u00f6jligg\u00f6ra detta ser vi fortsatt tryck i att utveckla nya kundrelationer samt att forts\u00e4tta att utveckla aff\u00e4rer i nya marknadsgeografier. I takt med att vi v\u00e4xer kommer vi ocks\u00e5 att utveckla v\u00e5ra arbetss\u00e4tt och ansvarsomr\u00e5den. Pro&amp;Pro ska ge stora m\u00f6jligheter till personlig utveckling.<\/p>\n<h3>Kunders f\u00f6rtroende grunden f\u00f6r v\u00e5r resa fram\u00e5t<\/h3>\n<p>Vi \u00e4r mycket glada att f\u00e5 v\u00e5ra kunders f\u00f6rtroende att vara med p\u00e5 resan mot deras nya m\u00e5l och visioner. Det \u00e4r med stolthet vi konstaterar att vi f\u00e5r arbeta med st\u00f6rre f\u00f6retag och organisationer likv\u00e4l som startups och mindre f\u00f6retag i deras utveckling att bli h\u00e5llbart framg\u00e5ngsrika. Tack f\u00f6r det f\u00f6rtroendet! Vi ser fram emot fortsatta samarbeten med befintliga kunder och nya samarbeten med nya kunder.<\/p>\n<p>Tack f\u00f6r m\u00f6jligheten och n\u00f6jet f\u00e5 leda Pro&amp;Pro AB<\/p>\n<p>Tommy Ytterstr\u00f6m, CEO<\/p>","protected":false},"excerpt":{"rendered":"<p>Vi har kommit en bit in i januari 2023 och jag t\u00e4nkte passa p\u00e5 att summera ett lyckat 2022 f\u00f6r Pro&amp;Pro och beskriva hur vi t\u00e4nker fram\u00e5t. Fortsatt l\u00f6nsam tillv\u00e4xt Genom ett ambiti\u00f6st arbete av alla medarbetare p\u00e5 Pro&amp;Pro och ett stort f\u00f6rtroende fr\u00e5n alla v\u00e5ra fantastiska kunder har vi gl\u00e4djande fortsatt tillv\u00e4xtresa med l\u00f6nsam [&hellip;]<\/p>\n","protected":false},"author":1,"featured_media":10217,"comment_status":"closed","ping_status":"closed","sticky":false,"template":"","format":"standard","meta":{"_et_pb_use_builder":"","_et_pb_old_content":"","_et_gb_content_width":"","footnotes":""},"categories":[11],"tags":[],"class_list":["post-11782","post","type-post","status-publish","format-standard","has-post-thumbnail","hentry","category-nyheter"],"_links":{"self":[{"href":"https:\/\/proandpro.se\/en\/wp-json\/wp\/v2\/posts\/11782","targetHints":{"allow":["GET"]}}],"collection":[{"href":"https:\/\/proandpro.se\/en\/wp-json\/wp\/v2\/posts"}],"about":[{"href":"https:\/\/proandpro.se\/en\/wp-json\/wp\/v2\/types\/post"}],"author":[{"embeddable":true,"href":"https:\/\/proandpro.se\/en\/wp-json\/wp\/v2\/users\/1"}],"replies":[{"embeddable":true,"href":"https:\/\/proandpro.se\/en\/wp-json\/wp\/v2\/comments?post=11782"}],"version-history":[{"count":2,"href":"https:\/\/proandpro.se\/en\/wp-json\/wp\/v2\/posts\/11782\/revisions"}],"predecessor-version":[{"id":11791,"href":"https:\/\/proandpro.se\/en\/wp-json\/wp\/v2\/posts\/11782\/revisions\/11791"}],"wp:featuredmedia":[{"embeddable":true,"href":"https:\/\/proandpro.se\/en\/wp-json\/wp\/v2\/media\/10217"}],"wp:attachment":[{"href":"https:\/\/proandpro.se\/en\/wp-json\/wp\/v2\/media?parent=11782"}],"wp:term":[{"taxonomy":"category","embeddable":true,"href":"https:\/\/proandpro.se\/en\/wp-json\/wp\/v2\/categories?post=11782"},{"taxonomy":"post_tag","embeddable":true,"href":"https:\/\/proandpro.se\/en\/wp-json\/wp\/v2\/tags?post=11782"}],"curies":[{"name":"wp","href":"https:\/\/api.w.org\/{rel}","templated":true}]}}