{"id":11075,"date":"2022-11-15T17:10:59","date_gmt":"2022-11-15T17:10:59","guid":{"rendered":"https:\/\/proandpro.se\/?p=11075"},"modified":"2022-11-15T17:17:26","modified_gmt":"2022-11-15T17:17:26","slug":"propro-podden-arets-ledare-i-sundsvall-2022","status":"publish","type":"post","link":"https:\/\/proandpro.se\/en\/2022\/11\/15\/propro-podden-arets-ledare-i-sundsvall-2022\/","title":{"rendered":"Pro&#038;Pro Podden &#8211; \u00c5rets ledare i Sundsvall 2022"},"content":{"rendered":"<p>\u00c4ntligen sl\u00e4pper Pro&amp;Pro ett till avsnitt av Pro&amp;Pro Podden! I det h\u00e4r avsnittet f\u00e5r vi en inblick i hur man beh\u00e5ller passionen i ledarskapet samt varf\u00f6r det \u00e4r viktigt f\u00f6r kulturbygget att ibland kunna skoja till det i vardagen. Vi m\u00f6ter Carina Berqquist Palm, regionchef p\u00e5 Nordea och vinnare av priset \u00e5rets ledare 2022 p\u00e5 Sundsvall Business Awards. Carina delar med sig av sina erfarenheter och tankar kring ledarskap. Tillsammans utforskar vi hur systematik, tillit och h\u00e5llbarhet, i kombination med en k\u00e4rlek till uppdraget, kan fungera som en modell f\u00f6r ett l\u00e5ngt och framg\u00e5ngsrikt ledarskap. Samtalet leds av v\u00e5ra eminenta konsulter Linn Madsen och M\u00e5ns Fahlander. Podden finns d\u00e4r poddar finns!<\/p>\n<p><iframe title=\"Spotify Embed: \u00c5rets ledare i Sundsvall 2022\" style=\"border-radius: 12px\" width=\"100%\" height=\"152\" frameborder=\"0\" allowfullscreen allow=\"autoplay; clipboard-write; encrypted-media; fullscreen; picture-in-picture\" loading=\"lazy\" src=\"https:\/\/open.spotify.com\/embed\/episode\/6SFb8zFC5Xl1d9GbXBAKHY?si=gNL0wPa6Q42u8Votn2dUIg&#038;utm_source=oembed\"><\/iframe><\/p>\n<p>&nbsp;<\/p>","protected":false},"excerpt":{"rendered":"<p>\u00c4ntligen sl\u00e4pper Pro&amp;Pro ett till avsnitt av Pro&amp;Pro Podden! I det h\u00e4r avsnittet f\u00e5r vi en inblick i hur man beh\u00e5ller passionen i ledarskapet samt varf\u00f6r det \u00e4r viktigt f\u00f6r kulturbygget att ibland kunna skoja till det i vardagen. Vi m\u00f6ter Carina Berqquist Palm, regionchef p\u00e5 Nordea och vinnare av priset \u00e5rets ledare 2022 p\u00e5 [&hellip;]<\/p>\n","protected":false},"author":12,"featured_media":11079,"comment_status":"closed","ping_status":"closed","sticky":false,"template":"","format":"standard","meta":{"_et_pb_use_builder":"","_et_pb_old_content":"","_et_gb_content_width":"","footnotes":""},"categories":[33],"tags":[],"class_list":["post-11075","post","type-post","status-publish","format-standard","has-post-thumbnail","hentry","category-www-proandpro-seprobloggen"],"_links":{"self":[{"href":"https:\/\/proandpro.se\/en\/wp-json\/wp\/v2\/posts\/11075","targetHints":{"allow":["GET"]}}],"collection":[{"href":"https:\/\/proandpro.se\/en\/wp-json\/wp\/v2\/posts"}],"about":[{"href":"https:\/\/proandpro.se\/en\/wp-json\/wp\/v2\/types\/post"}],"author":[{"embeddable":true,"href":"https:\/\/proandpro.se\/en\/wp-json\/wp\/v2\/users\/12"}],"replies":[{"embeddable":true,"href":"https:\/\/proandpro.se\/en\/wp-json\/wp\/v2\/comments?post=11075"}],"version-history":[{"count":2,"href":"https:\/\/proandpro.se\/en\/wp-json\/wp\/v2\/posts\/11075\/revisions"}],"predecessor-version":[{"id":12772,"href":"https:\/\/proandpro.se\/en\/wp-json\/wp\/v2\/posts\/11075\/revisions\/12772"}],"wp:featuredmedia":[{"embeddable":true,"href":"https:\/\/proandpro.se\/en\/wp-json\/wp\/v2\/media\/11079"}],"wp:attachment":[{"href":"https:\/\/proandpro.se\/en\/wp-json\/wp\/v2\/media?parent=11075"}],"wp:term":[{"taxonomy":"category","embeddable":true,"href":"https:\/\/proandpro.se\/en\/wp-json\/wp\/v2\/categories?post=11075"},{"taxonomy":"post_tag","embeddable":true,"href":"https:\/\/proandpro.se\/en\/wp-json\/wp\/v2\/tags?post=11075"}],"curies":[{"name":"wp","href":"https:\/\/api.w.org\/{rel}","templated":true}]}}