{"id":10992,"date":"2022-10-12T09:05:58","date_gmt":"2022-10-12T09:05:58","guid":{"rendered":"https:\/\/proandpro.se\/?p=10992"},"modified":"2022-10-31T19:54:04","modified_gmt":"2022-10-31T19:54:04","slug":"ar-du-var-nasta-trainee","status":"publish","type":"post","link":"https:\/\/proandpro.se\/en\/2022\/10\/12\/ar-du-var-nasta-trainee\/","title":{"rendered":"Har du h\u00f6ga ambitioner? Bli v\u00e5r n\u00e4sta trainee!"},"content":{"rendered":"<p><strong>Varf\u00f6r Pro&amp;Pro?<\/strong><\/p>\n<p>Pro&amp;Pro hj\u00e4lper kunder att f\u00f6rst\u00e5 framtiden och utveckla framg\u00e5ngsrika aff\u00e4rer. Vi \u00e4r ett ungt managementkonsultf\u00f6retag i Norrland som kontinuerligt utvecklas och \u00e4r \u00f6ppna f\u00f6r nya aff\u00e4rer och m\u00f6jligheter, vilket betyder att vi har m\u00f6jlighet att erbjuda fantastiska karri\u00e4rm\u00f6jligheter. Vi s\u00f6ker nu traineer till 2023 med en civilingenj\u00f6rsutbildning, eller masterutbildning inom ekonomi eller marknad. Under 12 m\u00e5nader f\u00e5r du kvalificerad handledning och utbildning i kombination med arbete i kunduppdrag inom framtidsomr\u00e5den som Artificiell Intelligens, digitalisering och h\u00e5llbar energi. Du f\u00e5r direkt jobba n\u00e4ra v\u00e5r VD f\u00f6r att f\u00e5 helhetsperspektivet och bli involverad i f\u00f6retagets utveckling samt komma in i utmanade uppdrag. Vi s\u00f6ker dig som har goda studieresultat och som har h\u00f6ga ambitioner. Du \u00e4r passionerad av att l\u00f6sa framtidens komplexa utmaningar och hj\u00e4lpa sm\u00e5 och stora organisationer i deras viktiga h\u00e5llbara strategiska beslut och utveckling f\u00f6r att s\u00e4kra framtiden. Om du letar efter en plats som v\u00e4rderar din nyfikenhet, passion och lust att l\u00e4ra samt s\u00f6ker en kultur d\u00e4r du uppmuntras till att ta eget ansvar f\u00f6r din utveckling \u00e4r du en potentiell framtida medarbetare hos oss.<\/p>\n<p><strong>About Pro&amp;Pro<\/strong><\/p>\n<p>Pro&amp;Pro \u00e4r ett managementkonsultf\u00f6retag som arbetar strategiskt och taktiskt f\u00f6r att lyfta din aff\u00e4r, verksamhet och medarbetare till n\u00e4sta niv\u00e5. Vi \u00e4r passionerade av att se m\u00e4nniskor lyckas och f\u00f6retag utvecklas. Att arbeta p\u00e5 Pro&amp;Pro \u00e4r ingen vanlig anst\u00e4llning \u2013 det \u00e4r en livsstil och upplevelse med stora utvecklingsm\u00f6jligheter b\u00e5de personligt och yrkesm\u00e4ssigt.<\/p>\n<p><strong>Ans\u00f6k p\u00e5\u00a0<a href=\"https:\/\/proandpro.se\/en\/karriar\/traineeprogram2022\/\">https:\/\/proandpro.se\/karriar\/traineeprogram\/<\/a><\/strong><\/p>","protected":false},"excerpt":{"rendered":"<p>Ska du ta examen eller har precis gjort det och har stora ambitioner? Bli v\u00e5r n\u00e4sta trainee! <\/p>","protected":false},"author":12,"featured_media":10993,"comment_status":"closed","ping_status":"closed","sticky":false,"template":"","format":"standard","meta":{"_et_pb_use_builder":"","_et_pb_old_content":"","_et_gb_content_width":"","footnotes":""},"categories":[11],"tags":[],"class_list":["post-10992","post","type-post","status-publish","format-standard","has-post-thumbnail","hentry","category-nyheter"],"_links":{"self":[{"href":"https:\/\/proandpro.se\/en\/wp-json\/wp\/v2\/posts\/10992","targetHints":{"allow":["GET"]}}],"collection":[{"href":"https:\/\/proandpro.se\/en\/wp-json\/wp\/v2\/posts"}],"about":[{"href":"https:\/\/proandpro.se\/en\/wp-json\/wp\/v2\/types\/post"}],"author":[{"embeddable":true,"href":"https:\/\/proandpro.se\/en\/wp-json\/wp\/v2\/users\/12"}],"replies":[{"embeddable":true,"href":"https:\/\/proandpro.se\/en\/wp-json\/wp\/v2\/comments?post=10992"}],"version-history":[{"count":7,"href":"https:\/\/proandpro.se\/en\/wp-json\/wp\/v2\/posts\/10992\/revisions"}],"predecessor-version":[{"id":11009,"href":"https:\/\/proandpro.se\/en\/wp-json\/wp\/v2\/posts\/10992\/revisions\/11009"}],"wp:featuredmedia":[{"embeddable":true,"href":"https:\/\/proandpro.se\/en\/wp-json\/wp\/v2\/media\/10993"}],"wp:attachment":[{"href":"https:\/\/proandpro.se\/en\/wp-json\/wp\/v2\/media?parent=10992"}],"wp:term":[{"taxonomy":"category","embeddable":true,"href":"https:\/\/proandpro.se\/en\/wp-json\/wp\/v2\/categories?post=10992"},{"taxonomy":"post_tag","embeddable":true,"href":"https:\/\/proandpro.se\/en\/wp-json\/wp\/v2\/tags?post=10992"}],"curies":[{"name":"wp","href":"https:\/\/api.w.org\/{rel}","templated":true}]}}