{"id":10821,"date":"2022-09-22T18:19:58","date_gmt":"2022-09-22T18:19:58","guid":{"rendered":"https:\/\/proandpro.se\/?p=10821"},"modified":"2022-09-22T18:19:58","modified_gmt":"2022-09-22T18:19:58","slug":"arets-ledare-i-sundsvall-2022","status":"publish","type":"post","link":"https:\/\/proandpro.se\/en\/2022\/09\/22\/arets-ledare-i-sundsvall-2022\/","title":{"rendered":"\u00c5rets ledare i Sundsvall 2022"},"content":{"rendered":"<p><span data-contrast=\"none\">Sundsvall Business Awards p\u00e5g\u00e5r f\u00f6r fullt h\u00e4r p\u00e5 S\u00f6dra berget i Sundsvall men vi \u00e4r s\u00e5 ot\u00e5liga att vi inte kan v\u00e4nta. \u00c4ntligen kan vi, Juniorhandelskammaren och Pro&amp;Pro AB, presentera \u00c5rets ledare i Sundsvall 2022. Vinnaren \u00e4r Carina Bergquist-Palm, Regionchef p\u00e5 Nordea. Carina f\u00e5r priset f\u00f6r att hon, i sitt ledarskap, visat att humor, intellekt och strategiskt fokus leder till uth\u00e5llig framg\u00e5ng f\u00f6r bank, kunder och medarbetare. Hennes tillitsfulla ledarskap skapar trygga och modiga m\u00e4nniskor vilket<\/span><span data-contrast=\"none\"> \u00e4r den b\u00e4sta myllan <\/span><span data-contrast=\"none\">f\u00f6r nya och innovativa l\u00f6sningar. I varje m\u00f6te med Carina kan vi alla se, och k\u00e4nna, hennes gl\u00e4dje, stora passion och hennes vilja att s\u00e4kerst\u00e4lla trygga och l\u00e5ngsiktigt h\u00e5llbara aff\u00e4rer f\u00f6r alla involverade.<\/span><\/p>\n<p><span data-contrast=\"none\">Vi i juryn hoppas att vi, genom v\u00e5rt pris, uppm\u00e4rksammar vikten av ett gott ledarskap f\u00f6r att \u00e5stadkomma uth\u00e5llig framg\u00e5ng. Vi kan inte t\u00e4nka oss en b\u00e4ttre ambassad\u00f6r f\u00f6r gott ledarskap d\u00e5 Carina helt enkelt <\/span><span data-contrast=\"none\">\u00e4r <\/span><span data-contrast=\"none\">en grym ledare och en stor f\u00f6rebild f\u00f6r alla som vill utveckla sitt ledarskap.<\/span><span data-ccp-props=\"{&quot;201341983&quot;:0,&quot;335559739&quot;:0,&quot;335559740&quot;:240}\">\u00a0<\/span><\/p>\n<p><span data-contrast=\"none\">Det har varit en l\u00e5ng och intensiv process med m\u00e5nga h\u00f6gt kvalificerade kandidater. Det har gjort v\u00e5rt arbete sv\u00e5rt, men ocks\u00e5 oerh\u00f6rt givande. Vi i juryn vill tacka alla nominerade f\u00f6r fantastiska samtal om ledarskap, finalisterna Pascal Brisson och Mats Jakobsson f\u00f6r att ni genom ert ledarskap \u00e4r f\u00f6rebilder f\u00f6r oss alla, samt riktar ett alldeles s\u00e4rskilt grattis till \u00c5rets ledare i Sundsvall 2022, Carina Bergquist-Palm<\/span><span data-ccp-props=\"{&quot;201341983&quot;:0,&quot;335559739&quot;:0,&quot;335559740&quot;:240}\">\u00a0<\/span><\/p>","protected":false},"excerpt":{"rendered":"<p>Sundsvall Business Awards p\u00e5g\u00e5r f\u00f6r fullt h\u00e4r p\u00e5 S\u00f6dra berget i Sundsvall men vi \u00e4r s\u00e5 ot\u00e5liga att vi inte kan v\u00e4nta. \u00c4ntligen kan vi, Juniorhandelskammaren och Pro&amp;Pro AB, presentera \u00c5rets ledare i Sundsvall 2022. Vinnaren \u00e4r Carina Bergquist-Palm, Regionchef p\u00e5 Nordea. Carina f\u00e5r priset f\u00f6r att hon, i sitt ledarskap, visat att humor, intellekt [&hellip;]<\/p>\n","protected":false},"author":12,"featured_media":10947,"comment_status":"closed","ping_status":"closed","sticky":false,"template":"","format":"standard","meta":{"_et_pb_use_builder":"","_et_pb_old_content":"","_et_gb_content_width":"","footnotes":""},"categories":[11],"tags":[],"class_list":["post-10821","post","type-post","status-publish","format-standard","has-post-thumbnail","hentry","category-nyheter"],"_links":{"self":[{"href":"https:\/\/proandpro.se\/en\/wp-json\/wp\/v2\/posts\/10821","targetHints":{"allow":["GET"]}}],"collection":[{"href":"https:\/\/proandpro.se\/en\/wp-json\/wp\/v2\/posts"}],"about":[{"href":"https:\/\/proandpro.se\/en\/wp-json\/wp\/v2\/types\/post"}],"author":[{"embeddable":true,"href":"https:\/\/proandpro.se\/en\/wp-json\/wp\/v2\/users\/12"}],"replies":[{"embeddable":true,"href":"https:\/\/proandpro.se\/en\/wp-json\/wp\/v2\/comments?post=10821"}],"version-history":[{"count":1,"href":"https:\/\/proandpro.se\/en\/wp-json\/wp\/v2\/posts\/10821\/revisions"}],"predecessor-version":[{"id":10822,"href":"https:\/\/proandpro.se\/en\/wp-json\/wp\/v2\/posts\/10821\/revisions\/10822"}],"wp:featuredmedia":[{"embeddable":true,"href":"https:\/\/proandpro.se\/en\/wp-json\/wp\/v2\/media\/10947"}],"wp:attachment":[{"href":"https:\/\/proandpro.se\/en\/wp-json\/wp\/v2\/media?parent=10821"}],"wp:term":[{"taxonomy":"category","embeddable":true,"href":"https:\/\/proandpro.se\/en\/wp-json\/wp\/v2\/categories?post=10821"},{"taxonomy":"post_tag","embeddable":true,"href":"https:\/\/proandpro.se\/en\/wp-json\/wp\/v2\/tags?post=10821"}],"curies":[{"name":"wp","href":"https:\/\/api.w.org\/{rel}","templated":true}]}}